{"id":2597,"date":"2017-06-23T19:19:49","date_gmt":"2017-06-23T19:19:49","guid":{"rendered":"http:\/\/grupomontevideo.org\/sitio\/?post_type=noticias&#038;p=2597"},"modified":"2022-06-22T16:46:10","modified_gmt":"2022-06-22T16:46:10","slug":"cooperacion-regional-francesa-y-augm-firmaron-acuerdo-de-colaboracion-academica-y-cientifica","status":"publish","type":"post","link":"https:\/\/grupomontevideo.org\/site\/cooperacion-regional-francesa-y-augm-firmaron-acuerdo-de-colaboracion-academica-y-cientifica\/","title":{"rendered":"Cooperaci\u00f3n Regional francesa y AUGM firmaron acuerdo de colaboraci\u00f3n acad\u00e9mica y cient\u00edfica"},"content":{"rendered":"<p style=\"text-align: justify;\">La Cooperaci\u00f3n Regional para Am\u00e9rica del Sur francesa y la Asociaci\u00f3n de Universidades Grupo Montevideo (AUGM) firmaron este viernes una declaraci\u00f3n de intenci\u00f3n para fortalecer la cooperaci\u00f3n regional en los \u00e1mbitos de la ense\u00f1anza superior y de la investigaci\u00f3n entre el pa\u00eds europeo y Am\u00e9rica del Sur.<\/p>\n<p style=\"text-align: justify;\">La instancia se hizo efectiva con la firma del embajador de Francia en Uruguay, Philippe Bastelica, en nombre de la Cooperaci\u00f3n, y con la r\u00fabrica de Ger\u00f3nimo Laviosa, vicepresidente de AUGM, durante la segunda reuni\u00f3n ordinaria de Delegados Asesores celebrada en el Edificio Anexo del Palacio Legislativo de Uruguay (Montevideo).<\/p>\n<p style=\"text-align: justify;\"><a href=\"https:\/\/grupomontevideo.org\/site\/wp-content\/uploads\/2017\/06\/DSC5530.jpg\"><img fetchpriority=\"high\" decoding=\"async\" class=\"alignright wp-image-2600 \" src=\"https:\/\/grupomontevideo.org\/site\/wp-content\/uploads\/2017\/06\/DSC5530.jpg\" alt=\"\" width=\"288\" height=\"191\" \/><\/a>Este acuerdo de colaboraci\u00f3n acad\u00e9mica y cient\u00edfica le <em>\u201cpermite a Francia contar con colaboradores universitarios de muy alta calidad\u201d<\/em>, porque la cooperaci\u00f3n entre el pa\u00eds europeo y el bloque regional en este sentido es una de <em>\u201cnuestras prioridades\u201d<\/em> y una <em>\u201cgran oportunidad para contar con socios de tan alto nivel\u201d<\/em>, dijo Bastelica durante el acto protocolar.<\/p>\n<p style=\"text-align: justify;\"><em>\u201cLa firma de este acuerdo es un nuevo paso para el impulso de una din\u00e1mica regional de cooperaci\u00f3n acad\u00e9mica y cient\u00edfica entre nuestros pa\u00edses, pero es tambi\u00e9n, sobre todo, un convenio que tiene un contenido concreto que permitir\u00e1 desde ya y durante los a\u00f1os 2017 y 2018 emprender acciones entre varias universidades latinoamericanas y francesas\u201d<\/em>, agreg\u00f3 el Embajador, quien anticip\u00f3 adem\u00e1s que el pr\u00f3ximo paso ser\u00e1 la confecci\u00f3n de un plan operativo.<\/p>\n<p style=\"text-align: justify;\">Laviosa, por su parte, destac\u00f3 que las universidades p\u00fablicas que componen AUGM trabajan unidas e integradas <em>\u201cpor la ciencia\u201d<\/em> y el <em>\u201cintercambio y la interrelaci\u00f3n en la educaci\u00f3n superior en Latinoam\u00e9rica\u201d<\/em>, un esfuerzo que es <em>\u201cfinanciado por nuestras propias universidades\u201d.<\/em> <em>\u201cEsta gran alianza va a traer una gran ayuda para seguir apuntalando los trabajos de ciencia, tecnolog\u00eda y sobre todo de formaci\u00f3n\u201d<\/em>, finaliz\u00f3.<\/p>\n<p style=\"text-align: justify;\">Seg\u00fan el documento, la Cooperaci\u00f3n Regional propone <em>\u201cpromover y difundir las actividades de la AUGM entre los centros de ense\u00f1anza superior franceses para facilitar la cooperaci\u00f3n universitaria y cient\u00edfica entre Francia y Am\u00e9rica del Sur e impulsar los intercambios de profesores y estudiantes\u201d<\/em>, al tiempo que ofrece <em>\u201ctransmitir a la AUGM todas las informaciones relevantes sobre los programas regionales de cooperaci\u00f3n universitaria y cient\u00edfica apoyados por Francia con el fin de alentar sus miembros a postular a las siguientes convocatorias\u201d<\/em>.<\/p>\n<p style=\"text-align: justify;\"><a href=\"https:\/\/grupomontevideo.org\/site\/wp-content\/uploads\/2017\/06\/DSC5545.jpg\"><img decoding=\"async\" class=\"aligncenter wp-image-2601\" src=\"https:\/\/grupomontevideo.org\/site\/wp-content\/uploads\/2017\/06\/DSC5545.jpg\" alt=\"\" width=\"672\" height=\"445\" \/><\/a>Destacan, en este sentido, el Programa Francia, Am\u00e9rica Latina y Caribe (PREFALC), que permite apoyar los intercambios de profesores para la organizaci\u00f3n de seminarios y m\u00f3dulos de capacitaci\u00f3n de nivel master en el marco de proyectos, asociando un centro franc\u00e9s y al menos dos centros de Am\u00e9rica Latina o del Caribe; y los programas STIC AmSud -a\u00e9rea de las tecnolog\u00edas de informaci\u00f3n y de comunicaci\u00f3n- y MATH AmSud -a\u00e9rea de las matem\u00e1ticas. Estos \u00faltimos permiten movilidad de investigadores y doctorantes franceses y sudamericanos en el marco de proyectos de investigaci\u00f3n en conjunto con un equipo de investigadores franceses y equipos de investigadores de al menos dos pa\u00edses de Am\u00e9rica del Sur.<\/p>\n<p style=\"text-align: justify;\">La AUGM, por su parte, propone <em>\u201ccolaborar con las universidades y los investigadores franceses en su voluntad de creaci\u00f3n de redes universitarias y de intercambios estudiantiles con las universidades miembro de la asociaci\u00f3n\u201d<\/em>, y promover y difundir a trav\u00e9s de sus universidades miembros todas las informaciones relevantes y las convocatorias a los programas regionales PREFALC, STIC AmSud y MATH AmSud.<\/p>\n<p style=\"text-align: justify;\">Se agrega, adem\u00e1s, <em>\u201cpromover y difundir las actividades de la red de bio-ciencia creada a trav\u00e9s de una cooperaci\u00f3n cient\u00edfica entre el Instituto Pasteur de Par\u00eds, el Instituto Pasteur de Montevideo y la Embajada de Francia en Uruguay, con el apoyo de la cooperaci\u00f3n regional\u201d<\/em>.<\/p>\n<p style=\"text-align: justify;\">\n","protected":false},"excerpt":{"rendered":"<p>Firmaron este viernes 23 de junio<\/p>\n","protected":false},"author":1,"featured_media":2598,"comment_status":"closed","ping_status":"closed","sticky":false,"template":"","format":"standard","meta":{"footnotes":""},"categories":[48],"tags":[],"class_list":["post-2597","post","type-post","status-publish","format-standard","has-post-thumbnail","hentry","category-archivo-de-noticias"],"wpmagazine_modules_lite_featured_media_urls":{"thumbnail":["https:\/\/grupomontevideo.org\/site\/wp-content\/uploads\/2017\/06\/DSC5536.jpg",150,99,false],"cvmm-medium":["https:\/\/grupomontevideo.org\/site\/wp-content\/uploads\/2017\/06\/DSC5536.jpg",300,199,false],"cvmm-medium-plus":["https:\/\/grupomontevideo.org\/site\/wp-content\/uploads\/2017\/06\/DSC5536.jpg",305,202,false],"cvmm-portrait":["https:\/\/grupomontevideo.org\/site\/wp-content\/uploads\/2017\/06\/DSC5536.jpg",400,265,false],"cvmm-medium-square":["https:\/\/grupomontevideo.org\/site\/wp-content\/uploads\/2017\/06\/DSC5536.jpg",600,397,false],"cvmm-large":["https:\/\/grupomontevideo.org\/site\/wp-content\/uploads\/2017\/06\/DSC5536.jpg",1024,678,false],"cvmm-small":["https:\/\/grupomontevideo.org\/site\/wp-content\/uploads\/2017\/06\/DSC5536.jpg",130,86,false],"full":["https:\/\/grupomontevideo.org\/site\/wp-content\/uploads\/2017\/06\/DSC5536.jpg",4928,3264,false]},"categories_names":{"48":{"name":"Archivo de noticias","link":"https:\/\/grupomontevideo.org\/site\/category\/archivo-de-noticias\/"}},"tags_names":[],"comments_number":"0","_links":{"self":[{"href":"https:\/\/grupomontevideo.org\/site\/wp-json\/wp\/v2\/posts\/2597","targetHints":{"allow":["GET"]}}],"collection":[{"href":"https:\/\/grupomontevideo.org\/site\/wp-json\/wp\/v2\/posts"}],"about":[{"href":"https:\/\/grupomontevideo.org\/site\/wp-json\/wp\/v2\/types\/post"}],"author":[{"embeddable":true,"href":"https:\/\/grupomontevideo.org\/site\/wp-json\/wp\/v2\/users\/1"}],"replies":[{"embeddable":true,"href":"https:\/\/grupomontevideo.org\/site\/wp-json\/wp\/v2\/comments?post=2597"}],"version-history":[{"count":1,"href":"https:\/\/grupomontevideo.org\/site\/wp-json\/wp\/v2\/posts\/2597\/revisions"}],"predecessor-version":[{"id":16165,"href":"https:\/\/grupomontevideo.org\/site\/wp-json\/wp\/v2\/posts\/2597\/revisions\/16165"}],"wp:featuredmedia":[{"embeddable":true,"href":"https:\/\/grupomontevideo.org\/site\/wp-json\/wp\/v2\/media\/2598"}],"wp:attachment":[{"href":"https:\/\/grupomontevideo.org\/site\/wp-json\/wp\/v2\/media?parent=2597"}],"wp:term":[{"taxonomy":"category","embeddable":true,"href":"https:\/\/grupomontevideo.org\/site\/wp-json\/wp\/v2\/categories?post=2597"},{"taxonomy":"post_tag","embeddable":true,"href":"https:\/\/grupomontevideo.org\/site\/wp-json\/wp\/v2\/tags?post=2597"}],"curies":[{"name":"wp","href":"https:\/\/api.w.org\/{rel}","templated":true}]}}