{"id":2587,"date":"2017-06-22T19:26:41","date_gmt":"2017-06-22T19:26:41","guid":{"rendered":"http:\/\/grupomontevideo.org\/sitio\/?post_type=noticias&#038;p=2587"},"modified":"2022-06-22T16:46:10","modified_gmt":"2022-06-22T16:46:10","slug":"pampa-revista-interuniversitaria-de-estudios-territoriales-lanzo-su-decimoquinto-numero","status":"publish","type":"post","link":"https:\/\/grupomontevideo.org\/site\/pampa-revista-interuniversitaria-de-estudios-territoriales-lanzo-su-decimoquinto-numero\/","title":{"rendered":"\u201cPampa: Revista Interuniversitaria de Estudios Territoriales\u201d lanz\u00f3 su decimoquinto n\u00famero"},"content":{"rendered":"<p style=\"text-align: justify;\">Continuando su trabajo para dar a conocer la producci\u00f3n acad\u00e9mica relacionada con los estudios territoriales, en especial aquellos referidos al desarrollo y las transformaciones en las distintas regiones del Cono Sur, \u201cPampa: Revista Interuniversitaria de Estudios Territoriales\u201d public\u00f3 su <a href=\"http:\/\/bibliotecavirtual.unl.edu.ar\/publicaciones\/index.php\/PAMPA\/issue\/view\/621\" target=\"_blank\" rel=\"noopener noreferrer\">decimoquinto n\u00famero<\/a> correspondiente al primer semestre de este 2017.<\/p>\n<p style=\"text-align: justify;\">La publicaci\u00f3n, que es co-editada entre la Universidad Nacional del Litoral (Argentina) y la Universidad de la Rep\u00fablica (Uruguay) y est\u00e1 vinculada a las actividades del <a href=\"http:\/\/grupomontevideo.org\/ndca\/cadesarrollo\/?page_id=48\" target=\"_blank\" rel=\"noopener noreferrer\">Comit\u00e9 Acad\u00e9mico de Desarrollo Regional<\/a> de la Asociaci\u00f3n de Universidades del Grupo Montevideo (AUGM), suma en esta nueva edici\u00f3n cinco art\u00edculos y dos rese\u00f1as bibliogr\u00e1ficas.<\/p>\n<p style=\"text-align: justify;\">Entre los objetivos de esta producci\u00f3n que lleva 13 a\u00f1os de trabajo, se encuentra <em>\u201cpromover el establecimiento de un espacio acad\u00e9mico de difusi\u00f3n y debate regional e internacional, de la investigaci\u00f3n y extensi\u00f3n en el campo de las transformaciones territoriales\u201d<\/em>, as\u00ed como <em>\u201cconsolidar los v\u00ednculos institucionales acad\u00e9micos entre las universidades del mundo que aborden el desarrollo te\u00f3rico de esta tem\u00e1tica del conocimiento y en especial latinoamericanas\u201d.<\/em><\/p>\n<p style=\"text-align: justify;\"><a href=\"https:\/\/grupomontevideo.org\/site\/wp-content\/uploads\/2017\/06\/pampa-tras.jpg\"><img decoding=\"async\" class=\"wp-image-2590 alignright\" src=\"https:\/\/grupomontevideo.org\/site\/wp-content\/uploads\/2017\/06\/pampa-tras.jpg\" alt=\"\" width=\"178\" height=\"255\" \/><\/a><a href=\"https:\/\/grupomontevideo.org\/site\/wp-content\/uploads\/2017\/06\/pampa-front.jpg\"><img decoding=\"async\" class=\"wp-image-2589 alignright\" src=\"https:\/\/grupomontevideo.org\/site\/wp-content\/uploads\/2017\/06\/pampa-front.jpg\" alt=\"\" width=\"178\" height=\"256\" \/><\/a>Pampa fue incluida en el <a href=\"http:\/\/www.caicyt-conicet.gov.ar\/nucleo-basico-de-revistas-cientificas\/\" target=\"_blank\" rel=\"noopener noreferrer\">N\u00facleo B\u00e1sico de Revistas Cient\u00edficas Argentinas<\/a>, un proyecto del Consejo Nacional de Investigaciones Cient\u00edficas y T\u00e9cnicas (CONICET) de Argentina que se propone promover un conjunto de las publicaciones cient\u00edficas y tecnol\u00f3gicas de alta calidad editorial y de contenidos. En este sentido, la acreditaci\u00f3n contempla el requerimiento de 36 est\u00e1ndares internacionales que son garant\u00eda de la excelencia de una publicaci\u00f3n (Pampa alcanz\u00f3 el Nivel 1).<\/p>\n<p style=\"text-align: justify;\"><strong>Art\u00edculos de la d\u00e9cimo quinta edici\u00f3n:<\/strong><\/p>\n<p style=\"text-align: justify;\">1- Revisitando viejos esquemas de cooperaci\u00f3n fronteriza en el MERCOSUR: un an\u00e1lisis de la institucionalidad de CRECENEA y su proyecci\u00f3n hacia los Estados del sur de Brasil. Por Daniel Ippolito<\/p>\n<p style=\"text-align: justify;\">2- Redes de poder, deslocalizaci\u00f3n y cambios en los usos productivos rurales pampeanos. Por Ada Graciela Nogar, Guillermina Jacinto y Mar\u00eda L. Nogar.<\/p>\n<p style=\"text-align: justify;\">3- \u00bfQui\u00e9n domina los procesos territoriales? Importancia de los diferentes capitales para un desarrollo sustentable. Caso de estudio: Partido de Balcarce, Argentina. Por Alejandra Auer y Nestor Maceira<\/p>\n<p style=\"text-align: justify;\">4- La complementariedad de procesos opuestos. Santa Fe-Paran\u00e1 en el inicio de la consolidaci\u00f3n metropolitana. Por Mirta Soijet, Valeria Gramaglia, Victoria Garc\u00eda, Jaquelina Santiago, Pablo Poeta y Elina Aranovich.<\/p>\n<p style=\"text-align: justify;\">5- Impacto del turismo y del modelo neoliberal en las transformaciones urbanas de ciudades menores: el caso de Monte Hermoso, Buenos Aires. Argentina. Por Loreana Espasa, Rosa \u00c1ngela Fittipaldi y Maria Paula Michalijos.<\/p>\n<p style=\"text-align: justify;\"><strong><br \/>\nRese\u00f1as:<\/strong><br \/>\nRese\u00f1a: Radiograf\u00eda del nuevo campo argentino. Del terrateniente al empresario trasnacional. De Carla Gras y Valeria Hern\u00e1ndez. Por Mar\u00eda Soledad C\u00f3rdoba<\/p>\n<p style=\"text-align: justify;\">Rese\u00f1a: Ciudades populares en disputa. \u00bfAcceso a suelo urbano para todos? De Abramo, Pedro; Rodr\u00edguez Mancilla, Marceloy Erazo Espinosa, Jaime. (coords.). Por Marina Blanca<\/p>\n","protected":false},"excerpt":{"rendered":"<p>Continuando su trabajo para dar a conocer la producci\u00f3n acad\u00e9mica relacionada con los estudios territoriales, en especial aquellos referidos al desarrollo y las transformaciones en las distintas regiones del Cono Sur, \u201cPampa: Revista Interuniversitaria de Estudios Territoriales\u201d public\u00f3 su decimoquinto n\u00famero correspondiente al primer semestre de este 2017. La publicaci\u00f3n, que es co-editada entre la [&hellip;]<\/p>\n","protected":false},"author":1,"featured_media":2592,"comment_status":"closed","ping_status":"closed","sticky":false,"template":"","format":"standard","meta":{"footnotes":""},"categories":[48],"tags":[],"class_list":["post-2587","post","type-post","status-publish","format-standard","has-post-thumbnail","hentry","category-archivo-de-noticias"],"wpmagazine_modules_lite_featured_media_urls":{"thumbnail":["https:\/\/grupomontevideo.org\/site\/wp-content\/uploads\/2017\/06\/pam-1.jpg",150,84,false],"cvmm-medium":["https:\/\/grupomontevideo.org\/site\/wp-content\/uploads\/2017\/06\/pam-1.jpg",300,169,false],"cvmm-medium-plus":["https:\/\/grupomontevideo.org\/site\/wp-content\/uploads\/2017\/06\/pam-1.jpg",305,172,false],"cvmm-portrait":["https:\/\/grupomontevideo.org\/site\/wp-content\/uploads\/2017\/06\/pam-1.jpg",400,225,false],"cvmm-medium-square":["https:\/\/grupomontevideo.org\/site\/wp-content\/uploads\/2017\/06\/pam-1.jpg",600,338,false],"cvmm-large":["https:\/\/grupomontevideo.org\/site\/wp-content\/uploads\/2017\/06\/pam-1.jpg",1024,576,false],"cvmm-small":["https:\/\/grupomontevideo.org\/site\/wp-content\/uploads\/2017\/06\/pam-1.jpg",130,73,false],"full":["https:\/\/grupomontevideo.org\/site\/wp-content\/uploads\/2017\/06\/pam-1.jpg",1280,720,false]},"categories_names":{"48":{"name":"Archivo de noticias","link":"https:\/\/grupomontevideo.org\/site\/category\/archivo-de-noticias\/"}},"tags_names":[],"comments_number":"0","_links":{"self":[{"href":"https:\/\/grupomontevideo.org\/site\/wp-json\/wp\/v2\/posts\/2587","targetHints":{"allow":["GET"]}}],"collection":[{"href":"https:\/\/grupomontevideo.org\/site\/wp-json\/wp\/v2\/posts"}],"about":[{"href":"https:\/\/grupomontevideo.org\/site\/wp-json\/wp\/v2\/types\/post"}],"author":[{"embeddable":true,"href":"https:\/\/grupomontevideo.org\/site\/wp-json\/wp\/v2\/users\/1"}],"replies":[{"embeddable":true,"href":"https:\/\/grupomontevideo.org\/site\/wp-json\/wp\/v2\/comments?post=2587"}],"version-history":[{"count":1,"href":"https:\/\/grupomontevideo.org\/site\/wp-json\/wp\/v2\/posts\/2587\/revisions"}],"predecessor-version":[{"id":16166,"href":"https:\/\/grupomontevideo.org\/site\/wp-json\/wp\/v2\/posts\/2587\/revisions\/16166"}],"wp:featuredmedia":[{"embeddable":true,"href":"https:\/\/grupomontevideo.org\/site\/wp-json\/wp\/v2\/media\/2592"}],"wp:attachment":[{"href":"https:\/\/grupomontevideo.org\/site\/wp-json\/wp\/v2\/media?parent=2587"}],"wp:term":[{"taxonomy":"category","embeddable":true,"href":"https:\/\/grupomontevideo.org\/site\/wp-json\/wp\/v2\/categories?post=2587"},{"taxonomy":"post_tag","embeddable":true,"href":"https:\/\/grupomontevideo.org\/site\/wp-json\/wp\/v2\/tags?post=2587"}],"curies":[{"name":"wp","href":"https:\/\/api.w.org\/{rel}","templated":true}]}}