{"id":2582,"date":"2017-06-22T19:04:17","date_gmt":"2017-06-22T19:04:17","guid":{"rendered":"http:\/\/grupomontevideo.org\/sitio\/?post_type=noticias&#038;p=2582"},"modified":"2022-06-22T16:46:11","modified_gmt":"2022-06-22T16:46:11","slug":"coordinadores-de-comites-academicos-y-nucleos-disciplinares-abordaron-nuevos-esquemas-organizativos","status":"publish","type":"post","link":"https:\/\/grupomontevideo.org\/site\/coordinadores-de-comites-academicos-y-nucleos-disciplinares-abordaron-nuevos-esquemas-organizativos\/","title":{"rendered":"Coordinadores de Comit\u00e9s Acad\u00e9micos y N\u00facleos Disciplinarios abordaron nuevos esquemas organizativos"},"content":{"rendered":"<p style=\"text-align: justify;\">Se reunieron este 21 y 22 de junio en la ciudad de Montevideo los Coordinadores de los Comit\u00e9s Acad\u00e9micos (CA) y de los N\u00facleos Disciplinarios (ND) de la Asociaci\u00f3n de Universidades Grupo Montevideo (AUGM) en el marco de su encuentro bienal y abordaron los nuevos esquemas organizativos y de funcionamiento definidos por el Consejo de Rectores en su LXXI reuni\u00f3n.<\/p>\n<p style=\"text-align: justify;\">Este martes, los Coordinadores fueron recibidos en el \u00c1rea de Educaci\u00f3n Superior del Ministerio de Educaci\u00f3n y Cultura (MEC) por el responsable de esta divisi\u00f3n, Rony Corbo, quien destac\u00f3 que con la AUGM mantienen \u201cv\u00ednculos muy fuertes\u201d y de \u201clarga data\u201d sobre \u201cinternacionalizaci\u00f3n de la Educaci\u00f3n Superior\u201d, al tiempo que salud\u00f3 a las universidades que integran el Grupo Montevideo por su trabajo \u201cs\u00f3lido\u201d que \u201cno depende de las coyunturas pol\u00edticas concretas\u201d.<\/p>\n<p style=\"text-align: justify;\">El trabajo en el encuentro comenz\u00f3 con el informe de situaci\u00f3n de la decena de programas, proyectos y actividades que lleva adelante AUGM. Su Secretario Ejecutivo, \u00c1lvaro Maglia, destac\u00f3 que, de la totalidad de programas, cuatro son de movilidad y se llevan adelante en el marco del Espacio Acad\u00e9mico Com\u00fan Ampliado Latinoamericano (Escala), que contempla a estudiantes de grado, posgrado, docentes y gestores-administradores.<\/p>\n<p style=\"text-align: justify;\"><img fetchpriority=\"high\" decoding=\"async\" class=\" wp-image-2586 alignright\" src=\"https:\/\/grupomontevideo.org\/site\/wp-content\/uploads\/2017\/06\/DSC5424.jpg\" alt=\"\" width=\"365\" height=\"242\" \/>En este sentido, Maglia se\u00f1al\u00f3 que unos de los desaf\u00edos de la AUGM es la \u201cutilizaci\u00f3n de las plazas disponibles\u201d porque el 40% de ellas no son explotadas y para esto es necesario mejorar el relacionamiento entre los Coordinadores de los CA y ND con los Delegados Asesores. Aun as\u00ed, el Secretario Ejecutivo inform\u00f3 que la AUGM ha movido hasta ahora cerca de siete mil estudiantes de grado y mueve, cada a\u00f1o, unos 100 estudiantes de posgrado.<\/p>\n<p style=\"text-align: justify;\">Respecto a los CA y ND, Maglia se\u00f1al\u00f3 que \u201cse est\u00e1n generando transformaciones\u201d en la \u201cl\u00f3gica de funcionamiento\u201d de ambos y en este sentido la reuni\u00f3n se enfoc\u00f3 en el nuevo esquema de organizaci\u00f3n y funcionamiento adoptado por el Consejo de Rectores en su la LXXI reuni\u00f3n. All\u00ed se defini\u00f3 que los agrupamientos acad\u00e9micos deben presentar un plan de acci\u00f3n bienal al 30 setiembre de 2017 y un plan operativo anual o bienal que contenga la \u201cinstitucionalizaci\u00f3n de actividades acad\u00e9micas peri\u00f3dicas y abiertas a las comunidades universitarias, debidamente fundados y planificados\u201d.<\/p>\n<p style=\"text-align: justify;\">Notas relacionadas:<\/p>\n<p style=\"text-align: justify;\"><a href=\"http:\/\/grupomontevideo.org\/sitio\/noticias\/reunion-de-delegados-asesores-3\/\">Delegados Asesores acordaron plazas para los programas de movilidad 2018<\/a><\/p>\n","protected":false},"excerpt":{"rendered":"<p>Se reunieron este 21 y 22 de junio en la ciudad de Montevideo<\/p>\n","protected":false},"author":1,"featured_media":2583,"comment_status":"closed","ping_status":"closed","sticky":false,"template":"","format":"standard","meta":{"footnotes":""},"categories":[48],"tags":[],"class_list":["post-2582","post","type-post","status-publish","format-standard","has-post-thumbnail","hentry","category-archivo-de-noticias"],"wpmagazine_modules_lite_featured_media_urls":{"thumbnail":["https:\/\/grupomontevideo.org\/site\/wp-content\/uploads\/2017\/06\/DSC5421.jpg",150,99,false],"cvmm-medium":["https:\/\/grupomontevideo.org\/site\/wp-content\/uploads\/2017\/06\/DSC5421.jpg",300,199,false],"cvmm-medium-plus":["https:\/\/grupomontevideo.org\/site\/wp-content\/uploads\/2017\/06\/DSC5421.jpg",305,202,false],"cvmm-portrait":["https:\/\/grupomontevideo.org\/site\/wp-content\/uploads\/2017\/06\/DSC5421.jpg",400,265,false],"cvmm-medium-square":["https:\/\/grupomontevideo.org\/site\/wp-content\/uploads\/2017\/06\/DSC5421.jpg",600,397,false],"cvmm-large":["https:\/\/grupomontevideo.org\/site\/wp-content\/uploads\/2017\/06\/DSC5421.jpg",1024,678,false],"cvmm-small":["https:\/\/grupomontevideo.org\/site\/wp-content\/uploads\/2017\/06\/DSC5421.jpg",130,86,false],"full":["https:\/\/grupomontevideo.org\/site\/wp-content\/uploads\/2017\/06\/DSC5421.jpg",4928,3264,false]},"categories_names":{"48":{"name":"Archivo de noticias","link":"https:\/\/grupomontevideo.org\/site\/category\/archivo-de-noticias\/"}},"tags_names":[],"comments_number":"0","_links":{"self":[{"href":"https:\/\/grupomontevideo.org\/site\/wp-json\/wp\/v2\/posts\/2582","targetHints":{"allow":["GET"]}}],"collection":[{"href":"https:\/\/grupomontevideo.org\/site\/wp-json\/wp\/v2\/posts"}],"about":[{"href":"https:\/\/grupomontevideo.org\/site\/wp-json\/wp\/v2\/types\/post"}],"author":[{"embeddable":true,"href":"https:\/\/grupomontevideo.org\/site\/wp-json\/wp\/v2\/users\/1"}],"replies":[{"embeddable":true,"href":"https:\/\/grupomontevideo.org\/site\/wp-json\/wp\/v2\/comments?post=2582"}],"version-history":[{"count":1,"href":"https:\/\/grupomontevideo.org\/site\/wp-json\/wp\/v2\/posts\/2582\/revisions"}],"predecessor-version":[{"id":16167,"href":"https:\/\/grupomontevideo.org\/site\/wp-json\/wp\/v2\/posts\/2582\/revisions\/16167"}],"wp:featuredmedia":[{"embeddable":true,"href":"https:\/\/grupomontevideo.org\/site\/wp-json\/wp\/v2\/media\/2583"}],"wp:attachment":[{"href":"https:\/\/grupomontevideo.org\/site\/wp-json\/wp\/v2\/media?parent=2582"}],"wp:term":[{"taxonomy":"category","embeddable":true,"href":"https:\/\/grupomontevideo.org\/site\/wp-json\/wp\/v2\/categories?post=2582"},{"taxonomy":"post_tag","embeddable":true,"href":"https:\/\/grupomontevideo.org\/site\/wp-json\/wp\/v2\/tags?post=2582"}],"curies":[{"name":"wp","href":"https:\/\/api.w.org\/{rel}","templated":true}]}}