{"id":2485,"date":"2017-05-08T20:48:00","date_gmt":"2017-05-08T20:48:00","guid":{"rendered":"http:\/\/grupomontevideo.org\/sitio\/?post_type=noticias&#038;p=2485"},"modified":"2022-06-22T16:46:14","modified_gmt":"2022-06-22T16:46:14","slug":"vii-forum-nacional-de-museus","status":"publish","type":"post","link":"https:\/\/grupomontevideo.org\/site\/vii-forum-nacional-de-museus\/","title":{"rendered":"VII F\u00f3rum Nacional de Museus"},"content":{"rendered":"<p style=\"text-align: justify;\">Este Foro, organizado cada dos a\u00f1os por el Instituto Brasile\u00f1o de Museos &#8211; Ministerio de Cultura y que congrega\u00a0a los museos brasile\u00f1os, re\u00fane a las instituciones federales, estaduales y municipales de museos, as\u00ed como particulares, a trav\u00e9s de la participaci\u00f3n de profesionales, profesores y estudiantes los cursos vinculados al \u00e1mbito del patrimonio cultural (historia, museolog\u00eda, arquitectura, etc.) e interesados en general.<\/p>\n<p style=\"text-align: justify;\">El tema de este a\u00f1o ser\u00e1 la recomendaci\u00f3n de la UNESCO sobre la protecci\u00f3n y promoci\u00f3n de los museos y colecciones, aprobada en 2015 a\u00a0iniciativa de Brasil (FNM).<\/p>\n<p style=\"text-align: justify;\">Ver <a href=\"https:\/\/grupomontevideo.org\/site\/wp-content\/uploads\/2017\/05\/Release_7FNM_Geral_Maio17.pdf\">Programa del Foro<\/a><\/p>\n<p style=\"text-align: justify;\">\n","protected":false},"excerpt":{"rendered":"<p>30 de mayo al 4 de junio, Porto Alegre &#8211; Brasil<\/p>\n","protected":false},"author":1,"featured_media":2486,"comment_status":"closed","ping_status":"closed","sticky":false,"template":"","format":"standard","meta":{"footnotes":""},"categories":[48],"tags":[],"class_list":["post-2485","post","type-post","status-publish","format-standard","has-post-thumbnail","hentry","category-archivo-de-noticias"],"wpmagazine_modules_lite_featured_media_urls":{"thumbnail":["https:\/\/grupomontevideo.org\/site\/wp-content\/uploads\/2017\/05\/Porto-Alegre-6.jpg",150,84,false],"cvmm-medium":["https:\/\/grupomontevideo.org\/site\/wp-content\/uploads\/2017\/05\/Porto-Alegre-6.jpg",300,169,false],"cvmm-medium-plus":["https:\/\/grupomontevideo.org\/site\/wp-content\/uploads\/2017\/05\/Porto-Alegre-6.jpg",305,172,false],"cvmm-portrait":["https:\/\/grupomontevideo.org\/site\/wp-content\/uploads\/2017\/05\/Porto-Alegre-6.jpg",400,225,false],"cvmm-medium-square":["https:\/\/grupomontevideo.org\/site\/wp-content\/uploads\/2017\/05\/Porto-Alegre-6.jpg",600,338,false],"cvmm-large":["https:\/\/grupomontevideo.org\/site\/wp-content\/uploads\/2017\/05\/Porto-Alegre-6.jpg",1024,576,false],"cvmm-small":["https:\/\/grupomontevideo.org\/site\/wp-content\/uploads\/2017\/05\/Porto-Alegre-6.jpg",130,73,false],"full":["https:\/\/grupomontevideo.org\/site\/wp-content\/uploads\/2017\/05\/Porto-Alegre-6.jpg",1600,900,false]},"categories_names":{"48":{"name":"Archivo de noticias","link":"https:\/\/grupomontevideo.org\/site\/category\/archivo-de-noticias\/"}},"tags_names":[],"comments_number":"0","_links":{"self":[{"href":"https:\/\/grupomontevideo.org\/site\/wp-json\/wp\/v2\/posts\/2485","targetHints":{"allow":["GET"]}}],"collection":[{"href":"https:\/\/grupomontevideo.org\/site\/wp-json\/wp\/v2\/posts"}],"about":[{"href":"https:\/\/grupomontevideo.org\/site\/wp-json\/wp\/v2\/types\/post"}],"author":[{"embeddable":true,"href":"https:\/\/grupomontevideo.org\/site\/wp-json\/wp\/v2\/users\/1"}],"replies":[{"embeddable":true,"href":"https:\/\/grupomontevideo.org\/site\/wp-json\/wp\/v2\/comments?post=2485"}],"version-history":[{"count":1,"href":"https:\/\/grupomontevideo.org\/site\/wp-json\/wp\/v2\/posts\/2485\/revisions"}],"predecessor-version":[{"id":16179,"href":"https:\/\/grupomontevideo.org\/site\/wp-json\/wp\/v2\/posts\/2485\/revisions\/16179"}],"wp:featuredmedia":[{"embeddable":true,"href":"https:\/\/grupomontevideo.org\/site\/wp-json\/wp\/v2\/media\/2486"}],"wp:attachment":[{"href":"https:\/\/grupomontevideo.org\/site\/wp-json\/wp\/v2\/media?parent=2485"}],"wp:term":[{"taxonomy":"category","embeddable":true,"href":"https:\/\/grupomontevideo.org\/site\/wp-json\/wp\/v2\/categories?post=2485"},{"taxonomy":"post_tag","embeddable":true,"href":"https:\/\/grupomontevideo.org\/site\/wp-json\/wp\/v2\/tags?post=2485"}],"curies":[{"name":"wp","href":"https:\/\/api.w.org\/{rel}","templated":true}]}}