{"id":2337,"date":"2017-03-23T16:48:17","date_gmt":"2017-03-23T16:48:17","guid":{"rendered":"http:\/\/grupomontevideo.org\/sitio\/?post_type=noticias&#038;p=2337"},"modified":"2022-06-22T16:46:18","modified_gmt":"2022-06-22T16:46:18","slug":"dia-internacional-del-agua","status":"publish","type":"post","link":"https:\/\/grupomontevideo.org\/site\/dia-internacional-del-agua\/","title":{"rendered":"D\u00eda Internacional del Agua"},"content":{"rendered":"<p style=\"text-align: justify;\">El Comit\u00e9 Acad\u00e9mico Aguas organiza una Jornada en el marco del d\u00eda Internacional del Agua. La actividad ser\u00e1 el 31 de marzo de 8:30 a 14hs en la Universidad Nacional de Cuyo.<\/p>\n<p style=\"text-align: justify;\">Por m\u00e1s informaci\u00f3n acerca de esta y otras actividades, puede visitarse el sitio del CA Aguas en <a href=\"http:\/\/grupomontevideo.org\/ndca\/caaguas\/\">http:\/\/grupomontevideo.org\/ndca\/caaguas\/<\/a><\/p>\n<p style=\"text-align: justify;\">En las distintas exposiciones participar\u00e1n expertos locales, nacionales e internacionales que abordar\u00e1n los avances en relaci\u00f3n al agua residual y ciudad; agua residual e industria y, agua residual y producci\u00f3n agr\u00edcola. Se adjunta material de difusi\u00f3n.<\/p>\n<p style=\"text-align: justify;\"><a href=\"https:\/\/grupomontevideo.org\/site\/wp-content\/uploads\/2017\/03\/Invitacion-Jornada-Agua.png\" target=\"_blank\" rel=\"noopener\">Invitaci\u00f3n<\/a><\/p>\n<p style=\"text-align: justify;\"><a href=\"https:\/\/grupomontevideo.org\/site\/wp-content\/uploads\/2017\/03\/Flyer-Jornada-Agua.png\" target=\"_blank\" rel=\"noopener\">Flyer<\/a><\/p>\n<p style=\"text-align: justify;\">Adem\u00e1s de ello, se presentar\u00e1 el libro \u00abAgua y Sociedad\u00bb obra que contiene los aportes realizados por distintos investigadores de Universidades integrantes del Grupo Montevideo y en la que muchos de Uds participaron. Esta publicaci\u00f3n estar\u00e1 en formato papel y digital. Los interesados pueden inscribirse en el siguiente formulario: <a href=\"https:\/\/goo.gl\/OLGJUw\" target=\"_blank\" rel=\"noopener\">https:\/\/goo.gl\/OLGJUw<\/a>. Est\u00e1 prevista la entrega de certificado digital a los participantes.<\/p>\n<p style=\"text-align: justify;\">\u200bPara todos los que no se encuentran en Mendoza y deseen participar on line, el mismo se transmitir\u00e1 v\u00eda streaming en <a href=\"http:\/\/www.unidiversidad.com.ar\/u-academico\u200b\" target=\"_blank\" rel=\"noopener\">http:\/\/www.unidiversidad.com.ar\/u-academico\u200b<\/a><\/p>\n<p style=\"text-align: justify;\">Las personas que participen v\u00eda online tambi\u00e9n podr\u00e1n inscribirse a trav\u00e9s del formulario. \u200b<\/p>\n<p>Noticias relacionadas: <a href=\"http:\/\/universidad.edu.uy\/prensa\/renderItem\/itemId\/40208\/refererPageId\/12\" target=\"_blank\" rel=\"noopener\">http:\/\/universidad.edu.uy\/prensa\/renderItem\/itemId\/40208\/refererPageId\/12<\/a><br \/>\n&nbsp;<br \/>\n&nbsp;<\/p>\n","protected":false},"excerpt":{"rendered":"<p>CAA organiza actividad el 31 de marzo en Mendoza<\/p>\n","protected":false},"author":1,"featured_media":2338,"comment_status":"closed","ping_status":"closed","sticky":false,"template":"","format":"standard","meta":{"footnotes":""},"categories":[48],"tags":[],"class_list":["post-2337","post","type-post","status-publish","format-standard","has-post-thumbnail","hentry","category-archivo-de-noticias"],"wpmagazine_modules_lite_featured_media_urls":{"thumbnail":["https:\/\/grupomontevideo.org\/site\/wp-content\/uploads\/2017\/03\/Dia-del-agua.png",150,100,false],"cvmm-medium":["https:\/\/grupomontevideo.org\/site\/wp-content\/uploads\/2017\/03\/Dia-del-agua.png",275,183,false],"cvmm-medium-plus":["https:\/\/grupomontevideo.org\/site\/wp-content\/uploads\/2017\/03\/Dia-del-agua.png",275,183,false],"cvmm-portrait":["https:\/\/grupomontevideo.org\/site\/wp-content\/uploads\/2017\/03\/Dia-del-agua.png",275,183,false],"cvmm-medium-square":["https:\/\/grupomontevideo.org\/site\/wp-content\/uploads\/2017\/03\/Dia-del-agua.png",275,183,false],"cvmm-large":["https:\/\/grupomontevideo.org\/site\/wp-content\/uploads\/2017\/03\/Dia-del-agua.png",275,183,false],"cvmm-small":["https:\/\/grupomontevideo.org\/site\/wp-content\/uploads\/2017\/03\/Dia-del-agua.png",130,87,false],"full":["https:\/\/grupomontevideo.org\/site\/wp-content\/uploads\/2017\/03\/Dia-del-agua.png",275,183,false]},"categories_names":{"48":{"name":"Archivo de noticias","link":"https:\/\/grupomontevideo.org\/site\/category\/archivo-de-noticias\/"}},"tags_names":[],"comments_number":"0","_links":{"self":[{"href":"https:\/\/grupomontevideo.org\/site\/wp-json\/wp\/v2\/posts\/2337","targetHints":{"allow":["GET"]}}],"collection":[{"href":"https:\/\/grupomontevideo.org\/site\/wp-json\/wp\/v2\/posts"}],"about":[{"href":"https:\/\/grupomontevideo.org\/site\/wp-json\/wp\/v2\/types\/post"}],"author":[{"embeddable":true,"href":"https:\/\/grupomontevideo.org\/site\/wp-json\/wp\/v2\/users\/1"}],"replies":[{"embeddable":true,"href":"https:\/\/grupomontevideo.org\/site\/wp-json\/wp\/v2\/comments?post=2337"}],"version-history":[{"count":1,"href":"https:\/\/grupomontevideo.org\/site\/wp-json\/wp\/v2\/posts\/2337\/revisions"}],"predecessor-version":[{"id":16193,"href":"https:\/\/grupomontevideo.org\/site\/wp-json\/wp\/v2\/posts\/2337\/revisions\/16193"}],"wp:featuredmedia":[{"embeddable":true,"href":"https:\/\/grupomontevideo.org\/site\/wp-json\/wp\/v2\/media\/2338"}],"wp:attachment":[{"href":"https:\/\/grupomontevideo.org\/site\/wp-json\/wp\/v2\/media?parent=2337"}],"wp:term":[{"taxonomy":"category","embeddable":true,"href":"https:\/\/grupomontevideo.org\/site\/wp-json\/wp\/v2\/categories?post=2337"},{"taxonomy":"post_tag","embeddable":true,"href":"https:\/\/grupomontevideo.org\/site\/wp-json\/wp\/v2\/tags?post=2337"}],"curies":[{"name":"wp","href":"https:\/\/api.w.org\/{rel}","templated":true}]}}