{"id":2335,"date":"2017-03-22T18:00:28","date_gmt":"2017-03-22T18:00:28","guid":{"rendered":"http:\/\/grupomontevideo.org\/sitio\/?post_type=noticias&#038;p=2335"},"modified":"2022-06-22T16:46:18","modified_gmt":"2022-06-22T16:46:18","slug":"augm-participo-de-la-reunion-anual-de-mercociudades","status":"publish","type":"post","link":"https:\/\/grupomontevideo.org\/site\/augm-participo-de-la-reunion-anual-de-mercociudades\/","title":{"rendered":"AUGM particip\u00f3 de la reuni\u00f3n anual de Mercociudades"},"content":{"rendered":"<p style=\"text-align: justify;\">Como cada a\u00f1o, se realiz\u00f3 la reuni\u00f3n de coordinaci\u00f3n de actividades de Mercociudades. All\u00ed particip\u00f3 la Presidencia, Vicepresidencias, Direcci\u00f3n Ejecutiva, Coordinadores y Subcoordinadores de Unidades Tem\u00e1ticas, Comisiones, Grupos de Trabajo y la Secretar\u00eda T\u00e9cnica Permanente de la red.<\/p>\n<p style=\"text-align: justify;\">En los distintos d\u00edas de reuni\u00f3n se intercambi\u00f3 acerca del plan de trabajo 2016-2017, la integraci\u00f3n fronteriza, el derecho a la ciudad y la econom\u00eda urbana, entre otros ejes de inter\u00e9s para Mercociudades.<\/p>\n<p style=\"text-align: justify;\">En la segunda jornada de trabajo se present\u00f3 la convocatoria del <a href=\"http:\/\/www2.mercociudades.org\/sursur\/?q=es\/node\/165\" target=\"_blank\" rel=\"noopener\">Programa Sur-Sur<\/a>\u00a0, un programa que busca fortalecer los lazos de cooperaci\u00f3n e intercambio.<\/p>\n<p style=\"text-align: justify;\">Fue all\u00ed, en la apertura oficial de las reuniones de trabajo y el lanzamiento de la convocatoria que particip\u00f3 el Secretario Ejecutivo de AUGM, \u00c1lvaro Maglia. En el panel tambi\u00e9n participaron Daniel Mart\u00ednez, Intendente de Montevideo; Jos\u00e9 Corral, Presidente de Mercociudades; entre otras autoridades.<\/p>\n","protected":false},"excerpt":{"rendered":"<p>Se realiz\u00f3 en Montevideo del 20 al 22 de marzo<\/p>\n","protected":false},"author":1,"featured_media":2336,"comment_status":"closed","ping_status":"closed","sticky":false,"template":"","format":"standard","meta":{"footnotes":""},"categories":[48],"tags":[],"class_list":["post-2335","post","type-post","status-publish","format-standard","has-post-thumbnail","hentry","category-archivo-de-noticias"],"wpmagazine_modules_lite_featured_media_urls":{"thumbnail":["https:\/\/grupomontevideo.org\/site\/wp-content\/uploads\/2017\/03\/Mercociudades-03.2017.jpg",150,100,false],"cvmm-medium":["https:\/\/grupomontevideo.org\/site\/wp-content\/uploads\/2017\/03\/Mercociudades-03.2017.jpg",300,200,false],"cvmm-medium-plus":["https:\/\/grupomontevideo.org\/site\/wp-content\/uploads\/2017\/03\/Mercociudades-03.2017.jpg",305,203,false],"cvmm-portrait":["https:\/\/grupomontevideo.org\/site\/wp-content\/uploads\/2017\/03\/Mercociudades-03.2017.jpg",400,267,false],"cvmm-medium-square":["https:\/\/grupomontevideo.org\/site\/wp-content\/uploads\/2017\/03\/Mercociudades-03.2017.jpg",600,400,false],"cvmm-large":["https:\/\/grupomontevideo.org\/site\/wp-content\/uploads\/2017\/03\/Mercociudades-03.2017.jpg",960,640,false],"cvmm-small":["https:\/\/grupomontevideo.org\/site\/wp-content\/uploads\/2017\/03\/Mercociudades-03.2017.jpg",130,87,false],"full":["https:\/\/grupomontevideo.org\/site\/wp-content\/uploads\/2017\/03\/Mercociudades-03.2017.jpg",960,640,false]},"categories_names":{"48":{"name":"Archivo de noticias","link":"https:\/\/grupomontevideo.org\/site\/category\/archivo-de-noticias\/"}},"tags_names":[],"comments_number":"0","_links":{"self":[{"href":"https:\/\/grupomontevideo.org\/site\/wp-json\/wp\/v2\/posts\/2335","targetHints":{"allow":["GET"]}}],"collection":[{"href":"https:\/\/grupomontevideo.org\/site\/wp-json\/wp\/v2\/posts"}],"about":[{"href":"https:\/\/grupomontevideo.org\/site\/wp-json\/wp\/v2\/types\/post"}],"author":[{"embeddable":true,"href":"https:\/\/grupomontevideo.org\/site\/wp-json\/wp\/v2\/users\/1"}],"replies":[{"embeddable":true,"href":"https:\/\/grupomontevideo.org\/site\/wp-json\/wp\/v2\/comments?post=2335"}],"version-history":[{"count":1,"href":"https:\/\/grupomontevideo.org\/site\/wp-json\/wp\/v2\/posts\/2335\/revisions"}],"predecessor-version":[{"id":16194,"href":"https:\/\/grupomontevideo.org\/site\/wp-json\/wp\/v2\/posts\/2335\/revisions\/16194"}],"wp:featuredmedia":[{"embeddable":true,"href":"https:\/\/grupomontevideo.org\/site\/wp-json\/wp\/v2\/media\/2336"}],"wp:attachment":[{"href":"https:\/\/grupomontevideo.org\/site\/wp-json\/wp\/v2\/media?parent=2335"}],"wp:term":[{"taxonomy":"category","embeddable":true,"href":"https:\/\/grupomontevideo.org\/site\/wp-json\/wp\/v2\/categories?post=2335"},{"taxonomy":"post_tag","embeddable":true,"href":"https:\/\/grupomontevideo.org\/site\/wp-json\/wp\/v2\/tags?post=2335"}],"curies":[{"name":"wp","href":"https:\/\/api.w.org\/{rel}","templated":true}]}}