{"id":2325,"date":"2017-03-21T19:43:22","date_gmt":"2017-03-21T19:43:22","guid":{"rendered":"http:\/\/grupomontevideo.org\/sitio\/?post_type=noticias&#038;p=2325"},"modified":"2022-06-22T16:46:18","modified_gmt":"2022-06-22T16:46:18","slug":"lxxi-reunion-del-consejo-de-rectores-de-augm","status":"publish","type":"post","link":"https:\/\/grupomontevideo.org\/site\/lxxi-reunion-del-consejo-de-rectores-de-augm\/","title":{"rendered":"LXXI Reuni\u00f3n del Consejo de Rectores de AUGM"},"content":{"rendered":"<p style=\"text-align: justify;\">La LXXI sesi\u00f3n del Consejo de Rectores se celebr\u00f3 en la Universidad Nacional de La Plata, Argentina, el\u00a0pasado martes 25 de abril.<\/p>\n<p style=\"text-align: justify;\">En esta sesi\u00f3n se eligieron las nuevas autoridades de AUGM que asumir\u00e1n funciones desde el 10 de mayo del corriente hasta el 9 de mayo del 2018.<\/p>\n<p style=\"text-align: justify;\">El nuevo Presidente ser\u00e1 el Prof. Waldo Albarrac\u00edn, Rector de la Universidad Mayor de San Andr\u00e9s, y el Vice Presidente ser\u00e1 el Rector Ing. Ger\u00f3nimo Laviosa de la Universidad Nacional del Este.<\/p>\n<p style=\"text-align: justify;\">Dentro del Orden del D\u00eda del Consejo tambi\u00e9n se destacaron temas referentes al Espacio Latinoamericano y Caribe\u00f1o de Educaci\u00f3n Superior (ENLACES), la Conferencia Regional de Educaci\u00f3n Superior (CRES 2018), la incorporaci\u00f3n de dos nuevas Universidades miembro: la Universidad Nacional de San Luis, de Argentina, y la Universidad de Valpara\u00edso, de Chile; as\u00ed como la continuidad de la pol\u00edtica de incorporaci\u00f3n de nuevas universidades a la Asociaci\u00f3n.<\/p>\n<p style=\"text-align: justify;\">En la previa a la CRES 2018, el Consejo de Rectores acord\u00f3 en esta instancia una <a href=\"http:\/\/grupomontevideo.org\/sitio\/noticias\/declaracion-del-lxx-consejo-de-rectores-de-augm\/\">declaraci\u00f3n<\/a> donde\u00a0ratific\u00f3 el rol de la AUGM de \u201c<i>repensar\u201d\u00a0<\/i>la Educaci\u00f3n Superior en este \u201c<i>nuevo contexto\u201d\u00a0<\/i>con \u201c<i>proyecci\u00f3n global\u201d\u00a0<\/i>para \u201c<i>contribuir significativamente con las transformaciones sociales y productivas superadoras de las desigualdades y las asimetr\u00edas que caracterizan a la regi\u00f3n\u201d.<\/i><\/p>\n<p>En este sentido, el \u00f3rgano m\u00e1ximo de la red enfatiz\u00f3 en el deber de las universidades p\u00fablicas de ser \u201c<i>propulsoras de transformaciones de nuestro continente\u201d<\/i>\u00a0y ponder\u00f3 como \u201c<i>primordial<\/i>\u201d el objetivo de una \u201c<i>educaci\u00f3n p\u00fablica de calidad con pertinencia, equidad y de amplio acceso<\/i>\u201d.<br \/>\n\u201c<i>Alertamos de las acciones de los sectores financieros y la responsabilidad proactiva o la prescindencia irresponsable de los Estados y sus gobiernos; profundizando la mercantilizaci\u00f3n y privatizaci\u00f3n (se estima la existencia de un mercado que moviliza centenas de miles de millones de d\u00f3lares); poniendo en cuesti\u00f3n: la generalizaci\u00f3n de la ense\u00f1anza avanzada, la equidad, la calidad con pertinencia, la capacidad de transformaci\u00f3n de los modelos de desarrollo y en definitiva el desarrollo humano sustentable en las regiones con alto grado de dependencia<\/i>\u201d, advierte de declaraci\u00f3n.<\/p>\n<p style=\"text-align: justify;\">En el marco del Consejo de Rectores se realiz\u00f3 previamente, el lunes 24, el Seminario Internacional \u201cEl papel estrat\u00e9gico de la Educaci\u00f3n Superior en el desarrollo sustentable de Am\u00e9rica Latina y el Caribe\u201d.<\/p>\n<p style=\"text-align: justify;\"><strong>Notas relacionadas:<\/strong><\/p>\n<p style=\"text-align: justify;\"><span style=\"color: #0000ff;\"><a style=\"color: #0000ff;\" href=\"http:\/\/grupomontevideo.org\/sitio\/noticias\/asuncion-de-nueva-presidencia-de-augm\/\">Asunci\u00f3n de nuevas autoridades de AUGM\u00a0<\/a><\/span><\/p>\n<p style=\"text-align: justify;\"><span style=\"color: #0000ff;\"><a style=\"color: #0000ff;\" href=\"http:\/\/grupomontevideo.org\/sitio\/noticias\/las-universidades-de-san-luis-y-valparaiso-son-las-nuevas-miembro-de-augm\/\">Las universidades de San Luis y Valpara\u00edso son las nuevas miembro de AUGM<\/a><\/span><\/p>\n<p style=\"text-align: justify;\"><span style=\"color: #0000ff;\"><a style=\"color: #0000ff;\" href=\"http:\/\/www.unlp.edu.ar\/articulo\/2017\/4\/24\/cumbre_en_la_unlp_para_debatir_el_desarrollo_sustentable_de_america_latina_y_el_caribe\" target=\"_blank\" rel=\"noopener noreferrer\">Finaliz\u00f3 la cumbre de Rectores de AUGM<\/a><\/span><\/p>\n<p style=\"text-align: justify;\"><span style=\"color: #0000ff;\"><a style=\"color: #0000ff;\" href=\"http:\/\/www.unlp.edu.ar\/articulo\/2017\/3\/10\/anuncio_reunion_anual_de_rectores_de_augm_marzo_2017\" target=\"_blank\" rel=\"noopener noreferrer\">La UNLP, sede de la Reuni\u00f3n Anual de Rectores de AUGM<\/a><\/span><\/p>\n<p>&nbsp;<\/p>\n","protected":false},"excerpt":{"rendered":"<p>25 de Abril, Universidad Nacional de La Plata &#8211; Argentina<\/p>\n","protected":false},"author":1,"featured_media":2324,"comment_status":"closed","ping_status":"closed","sticky":false,"template":"","format":"standard","meta":{"footnotes":""},"categories":[48],"tags":[],"class_list":["post-2325","post","type-post","status-publish","format-standard","has-post-thumbnail","hentry","category-archivo-de-noticias"],"wpmagazine_modules_lite_featured_media_urls":{"thumbnail":["https:\/\/grupomontevideo.org\/site\/wp-content\/uploads\/2017\/03\/fachada_del_historico_edificio_del_rectorado_de_la_unlp.jpg",150,100,false],"cvmm-medium":["https:\/\/grupomontevideo.org\/site\/wp-content\/uploads\/2017\/03\/fachada_del_historico_edificio_del_rectorado_de_la_unlp.jpg",300,200,false],"cvmm-medium-plus":["https:\/\/grupomontevideo.org\/site\/wp-content\/uploads\/2017\/03\/fachada_del_historico_edificio_del_rectorado_de_la_unlp.jpg",305,203,false],"cvmm-portrait":["https:\/\/grupomontevideo.org\/site\/wp-content\/uploads\/2017\/03\/fachada_del_historico_edificio_del_rectorado_de_la_unlp.jpg",400,266,false],"cvmm-medium-square":["https:\/\/grupomontevideo.org\/site\/wp-content\/uploads\/2017\/03\/fachada_del_historico_edificio_del_rectorado_de_la_unlp.jpg",600,399,false],"cvmm-large":["https:\/\/grupomontevideo.org\/site\/wp-content\/uploads\/2017\/03\/fachada_del_historico_edificio_del_rectorado_de_la_unlp.jpg",800,532,false],"cvmm-small":["https:\/\/grupomontevideo.org\/site\/wp-content\/uploads\/2017\/03\/fachada_del_historico_edificio_del_rectorado_de_la_unlp.jpg",130,86,false],"full":["https:\/\/grupomontevideo.org\/site\/wp-content\/uploads\/2017\/03\/fachada_del_historico_edificio_del_rectorado_de_la_unlp.jpg",800,532,false]},"categories_names":{"48":{"name":"Archivo de noticias","link":"https:\/\/grupomontevideo.org\/site\/category\/archivo-de-noticias\/"}},"tags_names":[],"comments_number":"0","_links":{"self":[{"href":"https:\/\/grupomontevideo.org\/site\/wp-json\/wp\/v2\/posts\/2325","targetHints":{"allow":["GET"]}}],"collection":[{"href":"https:\/\/grupomontevideo.org\/site\/wp-json\/wp\/v2\/posts"}],"about":[{"href":"https:\/\/grupomontevideo.org\/site\/wp-json\/wp\/v2\/types\/post"}],"author":[{"embeddable":true,"href":"https:\/\/grupomontevideo.org\/site\/wp-json\/wp\/v2\/users\/1"}],"replies":[{"embeddable":true,"href":"https:\/\/grupomontevideo.org\/site\/wp-json\/wp\/v2\/comments?post=2325"}],"version-history":[{"count":1,"href":"https:\/\/grupomontevideo.org\/site\/wp-json\/wp\/v2\/posts\/2325\/revisions"}],"predecessor-version":[{"id":16195,"href":"https:\/\/grupomontevideo.org\/site\/wp-json\/wp\/v2\/posts\/2325\/revisions\/16195"}],"wp:featuredmedia":[{"embeddable":true,"href":"https:\/\/grupomontevideo.org\/site\/wp-json\/wp\/v2\/media\/2324"}],"wp:attachment":[{"href":"https:\/\/grupomontevideo.org\/site\/wp-json\/wp\/v2\/media?parent=2325"}],"wp:term":[{"taxonomy":"category","embeddable":true,"href":"https:\/\/grupomontevideo.org\/site\/wp-json\/wp\/v2\/categories?post=2325"},{"taxonomy":"post_tag","embeddable":true,"href":"https:\/\/grupomontevideo.org\/site\/wp-json\/wp\/v2\/tags?post=2325"}],"curies":[{"name":"wp","href":"https:\/\/api.w.org\/{rel}","templated":true}]}}