{"id":2323,"date":"2017-03-21T19:38:41","date_gmt":"2017-03-21T19:38:41","guid":{"rendered":"http:\/\/grupomontevideo.org\/sitio\/?post_type=noticias&#038;p=2323"},"modified":"2022-06-22T16:46:19","modified_gmt":"2022-06-22T16:46:19","slug":"seminario-internacional-el-papel-estrategico-de-la-educacion-superior-en-el-desarrollo-sustentable-de-america-latina-y-el-caribe","status":"publish","type":"post","link":"https:\/\/grupomontevideo.org\/site\/seminario-internacional-el-papel-estrategico-de-la-educacion-superior-en-el-desarrollo-sustentable-de-america-latina-y-el-caribe\/","title":{"rendered":"Seminario Internacional \u201cEl papel estrat\u00e9gico de la Educaci\u00f3n Superior en el desarrollo sustentable de Am\u00e9rica Latina y el Caribe\u201d"},"content":{"rendered":"<p style=\"text-align: justify;\">En el marco de la LXXI Reuni\u00f3n del Consejo de Rectores de AUGM se realizar\u00e1 el Seminario Internacional \u00abEl papel estrat\u00e9gico de la Educaci\u00f3n Superior en el desarrollo sustentable de Am\u00e9rica Latina y el Caribe\u00bb, en la C\u00e1mara de Senadores de la Provincia de Buenos Aires.<\/p>\n<p style=\"text-align: justify;\">La actividad, que se realizar\u00e1 el d\u00eda 24 de abril, comenzar\u00e1 a las 14:00hs con la apertura a cargo de las autoridades y seguir\u00e1 con una conferencia acerca de la misi\u00f3n y los objetivos de la Educaci\u00f3n Superior como derecho humano, buen p\u00fablico y social y un deber de los Estados, entendiendo el rol de la ES en la formaci\u00f3n de conocimientos, capacidades cr\u00edticas y valores humanos y sociales para el ejercicio de la ciudadan\u00eda reflexiva, activa y la sostenibilidad del desarrollo.<\/p>\n<p style=\"text-align: justify;\">El siguiente espacio ser\u00e1 un panel que trabajar\u00e1 la autonom\u00eda de las instituciones como derecho y condici\u00f3n para la libertad acad\u00e9mica con compromiso social. Cogobierno y participaci\u00f3n de los claustros en el gobierno de las instituciones de Educaci\u00f3n Superior.<\/p>\n<p style=\"text-align: justify;\">En el caso del segundo panel se trabajar\u00e1 el rol de los estados de la regi\u00f3n en la SES, su financiamiento y la rendici\u00f3n de cuentas, as\u00ed como el rol de las instituciones de ES desde su compromiso social como interlocutoras imprescindibles de los tomadores de decisiones de la pol\u00edtica p\u00fablica. M\u00e1s adelante, se realizar\u00e1 el \u00faltimo panel, acerca de las estrategias regionales para preservar la calidad y la pertinencia de la ES.<\/p>\n<p style=\"text-align: justify;\">Ver <a href=\"https:\/\/grupomontevideo.org\/site\/wp-content\/uploads\/2017\/03\/Programa-Seminario-Internacional.pdf\">Programa del Seminario<\/a><\/p>\n<p style=\"text-align: justify;\">Noticia relacionada:\u00a0<a href=\"http:\/\/www.unlp.edu.ar\/articulo\/2017\/3\/10\/anuncio_reunion_anual_de_rectores_de_augm_marzo_2017\" target=\"_blank\" rel=\"noopener\">Portal Universidad Nacional de La Plata<\/a><\/p>\n","protected":false},"excerpt":{"rendered":"<p>Hacia la Conferencia Regional de Educaci\u00f3n Superior 2018, C\u00f3rdoba, Argentina<\/p>\n","protected":false},"author":1,"featured_media":2428,"comment_status":"closed","ping_status":"closed","sticky":false,"template":"","format":"standard","meta":{"footnotes":""},"categories":[48],"tags":[],"class_list":["post-2323","post","type-post","status-publish","format-standard","has-post-thumbnail","hentry","category-archivo-de-noticias"],"wpmagazine_modules_lite_featured_media_urls":{"thumbnail":["https:\/\/grupomontevideo.org\/site\/wp-content\/uploads\/2017\/03\/Camara-Senadores-provincia-BsAs.jpg",150,92,false],"cvmm-medium":["https:\/\/grupomontevideo.org\/site\/wp-content\/uploads\/2017\/03\/Camara-Senadores-provincia-BsAs.jpg",300,184,false],"cvmm-medium-plus":["https:\/\/grupomontevideo.org\/site\/wp-content\/uploads\/2017\/03\/Camara-Senadores-provincia-BsAs.jpg",305,187,false],"cvmm-portrait":["https:\/\/grupomontevideo.org\/site\/wp-content\/uploads\/2017\/03\/Camara-Senadores-provincia-BsAs.jpg",400,246,false],"cvmm-medium-square":["https:\/\/grupomontevideo.org\/site\/wp-content\/uploads\/2017\/03\/Camara-Senadores-provincia-BsAs.jpg",600,369,false],"cvmm-large":["https:\/\/grupomontevideo.org\/site\/wp-content\/uploads\/2017\/03\/Camara-Senadores-provincia-BsAs.jpg",700,430,false],"cvmm-small":["https:\/\/grupomontevideo.org\/site\/wp-content\/uploads\/2017\/03\/Camara-Senadores-provincia-BsAs.jpg",130,80,false],"full":["https:\/\/grupomontevideo.org\/site\/wp-content\/uploads\/2017\/03\/Camara-Senadores-provincia-BsAs.jpg",700,430,false]},"categories_names":{"48":{"name":"Archivo de noticias","link":"https:\/\/grupomontevideo.org\/site\/category\/archivo-de-noticias\/"}},"tags_names":[],"comments_number":"0","_links":{"self":[{"href":"https:\/\/grupomontevideo.org\/site\/wp-json\/wp\/v2\/posts\/2323","targetHints":{"allow":["GET"]}}],"collection":[{"href":"https:\/\/grupomontevideo.org\/site\/wp-json\/wp\/v2\/posts"}],"about":[{"href":"https:\/\/grupomontevideo.org\/site\/wp-json\/wp\/v2\/types\/post"}],"author":[{"embeddable":true,"href":"https:\/\/grupomontevideo.org\/site\/wp-json\/wp\/v2\/users\/1"}],"replies":[{"embeddable":true,"href":"https:\/\/grupomontevideo.org\/site\/wp-json\/wp\/v2\/comments?post=2323"}],"version-history":[{"count":1,"href":"https:\/\/grupomontevideo.org\/site\/wp-json\/wp\/v2\/posts\/2323\/revisions"}],"predecessor-version":[{"id":16196,"href":"https:\/\/grupomontevideo.org\/site\/wp-json\/wp\/v2\/posts\/2323\/revisions\/16196"}],"wp:featuredmedia":[{"embeddable":true,"href":"https:\/\/grupomontevideo.org\/site\/wp-json\/wp\/v2\/media\/2428"}],"wp:attachment":[{"href":"https:\/\/grupomontevideo.org\/site\/wp-json\/wp\/v2\/media?parent=2323"}],"wp:term":[{"taxonomy":"category","embeddable":true,"href":"https:\/\/grupomontevideo.org\/site\/wp-json\/wp\/v2\/categories?post=2323"},{"taxonomy":"post_tag","embeddable":true,"href":"https:\/\/grupomontevideo.org\/site\/wp-json\/wp\/v2\/tags?post=2323"}],"curies":[{"name":"wp","href":"https:\/\/api.w.org\/{rel}","templated":true}]}}