{"id":22977,"date":"2026-09-01T10:01:24","date_gmt":"2026-09-01T13:01:24","guid":{"rendered":"https:\/\/grupomontevideo.org\/site\/?p=22977"},"modified":"2026-09-01T10:01:24","modified_gmt":"2026-09-01T13:01:24","slug":"seminario-transformacion-educativa-digital-casos-de-universidades-latinoamericanas","status":"publish","type":"post","link":"https:\/\/grupomontevideo.org\/site\/seminario-transformacion-educativa-digital-casos-de-universidades-latinoamericanas\/","title":{"rendered":"Seminario: Transformaci\u00f3n Educativa Digital: Casos de Universidades Latinoamericanas"},"content":{"rendered":"<p>En el marco de la reuni\u00f3n de Delegados\/as Asesores\/as\u00a0 de la Asociaci\u00f3n de Universidades Grupo Montevideo (AUGM) que se celebra en la Universidad de Santiago de Chile se ha desarrollado el\u00a0 <strong>Seminario:<\/strong> <strong>\u201cTransformaci\u00f3n Educativa Digital: Casos de Universidades Latinoamericanas\u201d <\/strong>que busca poner la mirada en este importante proceso en el \u00e1mbito educativo.<\/p>\n<p>El mismo cont\u00f3 con una Conferencia Inicial: <em>\u201cLa Transformaci\u00f3n Educativa Digital: desaf\u00edos para Chile y Latinoam\u00e9rica\u201d<\/em> a cargo de la Profesora Mag.Marcela Rosinelli, Directora Ejecutiva Usach, especialista en neurodesarrollo cognitivo que realiz\u00f3 un balance general de los impacto que la transformaci\u00f3n digital tiene en los diferentes actores del \u00e1mbito universitario, desde sus vivencias como docente e investigadora de la universidad chilena<\/p>\n<p>Seguidamente se llev\u00f3 a cabo un papel integrado por especialistas de los diferentes pa\u00edses que integran la AUGM dando una visi\u00f3n plural de las realidades diversas:<\/p>\n<ul>\n<li><strong>Andrea Ferrera<\/strong>, Universidad Nacional de Quilmes, Argentina.<\/li>\n<li><strong>Fabinao Silva,<\/strong> Universidad Federal de Paran\u00e1, Brasil.<\/li>\n<li><strong>Liz Karen Herrera<\/strong>, Universidad Nacional de Colombia.<\/li>\n<li>Mag. <strong>Felipe Villalba<\/strong>, Universidad Nacional de Asunci\u00f3n, Paraguay.<\/li>\n<li>Ana Laura Rivoir, Universidad de la Rep\u00fablica, Uruguay.<\/li>\n<\/ul>\n<p>El seminario demostr\u00f3 que si bien la transformaci\u00f3n digital\u00a0 es un hecho en el \u00e1mbito educativo latinoamericano, no se encuentra en igual estado de desarrollo en cada pa\u00eds y universidad, por lo que se impone una mirada integradora desde la visi\u00f3n de AUGM para juntos enfrentar los desaf\u00edos que est\u00e1n por venir y aprovechar d las oportunidades desde una construcci\u00f3n colectiva del conocimiento.<\/p>\n<p>Video disponible en YouTube: @augmoficial3924\u00a0 <a href=\"https:\/\/www.youtube.com\/watch?v=CwH2X9mVQlM&amp;t=8s\" target=\"_blank\" rel=\"noopener\">Ver Video<\/a><\/p>\n","protected":false},"excerpt":{"rendered":"<p>En el marco de la reuni\u00f3n de Delegados\/as Asesores\/as\u00a0 de la Asociaci\u00f3n de Universidades Grupo Montevideo (AUGM) que se celebra en la Universidad de Santiago de Chile se ha desarrollado [&hellip;]<\/p>\n","protected":false},"author":12,"featured_media":22978,"comment_status":"closed","ping_status":"closed","sticky":false,"template":"","format":"standard","meta":{"footnotes":""},"categories":[33],"tags":[],"class_list":["post-22977","post","type-post","status-publish","format-standard","has-post-thumbnail","hentry","category-portada"],"wpmagazine_modules_lite_featured_media_urls":{"thumbnail":["https:\/\/grupomontevideo.org\/site\/wp-content\/uploads\/2026\/09\/seminario_transformacion-educativa-digital_horizontal.jpg-150x150.jpeg",150,150,true],"cvmm-medium":["https:\/\/grupomontevideo.org\/site\/wp-content\/uploads\/2026\/09\/seminario_transformacion-educativa-digital_horizontal.jpg-300x300.jpeg",300,300,true],"cvmm-medium-plus":["https:\/\/grupomontevideo.org\/site\/wp-content\/uploads\/2026\/09\/seminario_transformacion-educativa-digital_horizontal.jpg-305x207.jpeg",305,207,true],"cvmm-portrait":["https:\/\/grupomontevideo.org\/site\/wp-content\/uploads\/2026\/09\/seminario_transformacion-educativa-digital_horizontal.jpg-400x600.jpeg",400,600,true],"cvmm-medium-square":["https:\/\/grupomontevideo.org\/site\/wp-content\/uploads\/2026\/09\/seminario_transformacion-educativa-digital_horizontal.jpg-600x600.jpeg",600,600,true],"cvmm-large":["https:\/\/grupomontevideo.org\/site\/wp-content\/uploads\/2026\/09\/seminario_transformacion-educativa-digital_horizontal.jpg-1024x1024.jpeg",1024,1024,true],"cvmm-small":["https:\/\/grupomontevideo.org\/site\/wp-content\/uploads\/2026\/09\/seminario_transformacion-educativa-digital_horizontal.jpg-130x95.jpeg",130,95,true],"full":["https:\/\/grupomontevideo.org\/site\/wp-content\/uploads\/2026\/09\/seminario_transformacion-educativa-digital_horizontal.jpg.jpeg",1640,1080,false]},"categories_names":{"33":{"name":"Portada","link":"https:\/\/grupomontevideo.org\/site\/category\/portada\/"}},"tags_names":[],"comments_number":"0","_links":{"self":[{"href":"https:\/\/grupomontevideo.org\/site\/wp-json\/wp\/v2\/posts\/22977","targetHints":{"allow":["GET"]}}],"collection":[{"href":"https:\/\/grupomontevideo.org\/site\/wp-json\/wp\/v2\/posts"}],"about":[{"href":"https:\/\/grupomontevideo.org\/site\/wp-json\/wp\/v2\/types\/post"}],"author":[{"embeddable":true,"href":"https:\/\/grupomontevideo.org\/site\/wp-json\/wp\/v2\/users\/12"}],"replies":[{"embeddable":true,"href":"https:\/\/grupomontevideo.org\/site\/wp-json\/wp\/v2\/comments?post=22977"}],"version-history":[{"count":1,"href":"https:\/\/grupomontevideo.org\/site\/wp-json\/wp\/v2\/posts\/22977\/revisions"}],"predecessor-version":[{"id":22979,"href":"https:\/\/grupomontevideo.org\/site\/wp-json\/wp\/v2\/posts\/22977\/revisions\/22979"}],"wp:featuredmedia":[{"embeddable":true,"href":"https:\/\/grupomontevideo.org\/site\/wp-json\/wp\/v2\/media\/22978"}],"wp:attachment":[{"href":"https:\/\/grupomontevideo.org\/site\/wp-json\/wp\/v2\/media?parent=22977"}],"wp:term":[{"taxonomy":"category","embeddable":true,"href":"https:\/\/grupomontevideo.org\/site\/wp-json\/wp\/v2\/categories?post=22977"},{"taxonomy":"post_tag","embeddable":true,"href":"https:\/\/grupomontevideo.org\/site\/wp-json\/wp\/v2\/tags?post=22977"}],"curies":[{"name":"wp","href":"https:\/\/api.w.org\/{rel}","templated":true}]}}