{"id":22960,"date":"2026-08-31T12:10:37","date_gmt":"2026-08-31T15:10:37","guid":{"rendered":"https:\/\/grupomontevideo.org\/site\/?p=22960"},"modified":"2026-08-31T12:21:19","modified_gmt":"2026-08-31T15:21:19","slug":"22960-2","status":"publish","type":"post","link":"https:\/\/grupomontevideo.org\/site\/22960-2\/","title":{"rendered":"Curso de Educaci\u00f3n: Permanente La Econom\u00eda social y solidaria en los procesos sustitutivos al encierro en Argentina, Brasil y Uruguay"},"content":{"rendered":"<p>Curso de Educaci\u00f3n Permanente<br \/>\nLa Econom\u00eda social y solidaria en los procesos sustitutivos al encierro en Argentina, Brasil y Uruguay<br \/>\nA cargo del Grupo Tem\u00e1tico: Econom\u00eda social y solidaria, contextos de encierro y experiencias sustitutivas. Comit\u00e9 Acad\u00e9mico Procesos Cooperativos y Asociativos, PROCOAS-AUGM.<br \/>\nAcredita UDELAR.<br \/>\nEquipo Docente: Dulcinea Cardozo (Udelar &#8211; Uruguay), Selva Sena (UNQ &#8211; Argentina), Isabela Lussi (UFSCar &#8211; Brasil), Bernardo Parodi (USP &#8211; Brasil), Natalia Yujnovsky (UNL &#8211; Argentina).<br \/>\nDirigido a: Integrantes de organizaciones sociales vinculadas a la tem\u00e1tica, decisores\/as y gestores de la pol\u00edtica p\u00fablica, estudiantes, docentes, egresades, de pa\u00edses de Latinoam\u00e9rica. Per\u00edodo del curso: 3 de septiembre al 8 de octubre<br \/>\nD\u00eda y hora: jueves de 14 a 17hs<br \/>\nHoras total del curso: 36 \/ Horas aula virtual sincr\u00f3nica: 18<br \/>\nModalidad: virtual. El \u00faltimo encuentro ser\u00e1 H\u00edbrido. Con presencialidad en Montevideo<br \/>\nInscripciones hasta el 31\/08\/26.<\/p>\n<p>Para mas informaci\u00f3n e inscripci\u00f3n acceder a:<\/p>\n<p>Informaci\u00f3n: https:\/\/www.extension.udelar.edu.uy\/blog\/2026\/08\/13\/la-economia-social-y-solidaria-en-los-procesos-sustitutivos-al-encierro-en-argentina-brasil-y-uruguay\/<\/p>\n","protected":false},"excerpt":{"rendered":"<p>Curso de Educaci\u00f3n Permanente La Econom\u00eda social y solidaria en los procesos sustitutivos al encierro en Argentina, Brasil y Uruguay A cargo del Grupo Tem\u00e1tico: Econom\u00eda social y solidaria, contextos [&hellip;]<\/p>\n","protected":false},"author":12,"featured_media":22961,"comment_status":"closed","ping_status":"closed","sticky":false,"template":"","format":"standard","meta":{"footnotes":""},"categories":[33],"tags":[],"class_list":["post-22960","post","type-post","status-publish","format-standard","has-post-thumbnail","hentry","category-portada"],"wpmagazine_modules_lite_featured_media_urls":{"thumbnail":["https:\/\/grupomontevideo.org\/site\/wp-content\/uploads\/2026\/08\/PROCOAS-horizontal-150x150.jpg",150,150,true],"cvmm-medium":["https:\/\/grupomontevideo.org\/site\/wp-content\/uploads\/2026\/08\/PROCOAS-horizontal-300x300.jpg",300,300,true],"cvmm-medium-plus":["https:\/\/grupomontevideo.org\/site\/wp-content\/uploads\/2026\/08\/PROCOAS-horizontal-305x207.jpg",305,207,true],"cvmm-portrait":["https:\/\/grupomontevideo.org\/site\/wp-content\/uploads\/2026\/08\/PROCOAS-horizontal-400x600.jpg",400,600,true],"cvmm-medium-square":["https:\/\/grupomontevideo.org\/site\/wp-content\/uploads\/2026\/08\/PROCOAS-horizontal-600x600.jpg",600,600,true],"cvmm-large":["https:\/\/grupomontevideo.org\/site\/wp-content\/uploads\/2026\/08\/PROCOAS-horizontal-1024x1024.jpg",1024,1024,true],"cvmm-small":["https:\/\/grupomontevideo.org\/site\/wp-content\/uploads\/2026\/08\/PROCOAS-horizontal-130x95.jpg",130,95,true],"full":["https:\/\/grupomontevideo.org\/site\/wp-content\/uploads\/2026\/08\/PROCOAS-horizontal.jpg",1640,1080,false]},"categories_names":{"33":{"name":"Portada","link":"https:\/\/grupomontevideo.org\/site\/category\/portada\/"}},"tags_names":[],"comments_number":"0","_links":{"self":[{"href":"https:\/\/grupomontevideo.org\/site\/wp-json\/wp\/v2\/posts\/22960","targetHints":{"allow":["GET"]}}],"collection":[{"href":"https:\/\/grupomontevideo.org\/site\/wp-json\/wp\/v2\/posts"}],"about":[{"href":"https:\/\/grupomontevideo.org\/site\/wp-json\/wp\/v2\/types\/post"}],"author":[{"embeddable":true,"href":"https:\/\/grupomontevideo.org\/site\/wp-json\/wp\/v2\/users\/12"}],"replies":[{"embeddable":true,"href":"https:\/\/grupomontevideo.org\/site\/wp-json\/wp\/v2\/comments?post=22960"}],"version-history":[{"count":3,"href":"https:\/\/grupomontevideo.org\/site\/wp-json\/wp\/v2\/posts\/22960\/revisions"}],"predecessor-version":[{"id":22964,"href":"https:\/\/grupomontevideo.org\/site\/wp-json\/wp\/v2\/posts\/22960\/revisions\/22964"}],"wp:featuredmedia":[{"embeddable":true,"href":"https:\/\/grupomontevideo.org\/site\/wp-json\/wp\/v2\/media\/22961"}],"wp:attachment":[{"href":"https:\/\/grupomontevideo.org\/site\/wp-json\/wp\/v2\/media?parent=22960"}],"wp:term":[{"taxonomy":"category","embeddable":true,"href":"https:\/\/grupomontevideo.org\/site\/wp-json\/wp\/v2\/categories?post=22960"},{"taxonomy":"post_tag","embeddable":true,"href":"https:\/\/grupomontevideo.org\/site\/wp-json\/wp\/v2\/tags?post=22960"}],"curies":[{"name":"wp","href":"https:\/\/api.w.org\/{rel}","templated":true}]}}