{"id":22956,"date":"2026-08-31T10:46:04","date_gmt":"2026-08-31T13:46:04","guid":{"rendered":"https:\/\/grupomontevideo.org\/site\/?p=22956"},"modified":"2026-08-31T10:46:04","modified_gmt":"2026-08-31T13:46:04","slug":"xi-congreso-internacional-gestion-universitaria-problematica-actual-y-retos-para-su-transformacion","status":"publish","type":"post","link":"https:\/\/grupomontevideo.org\/site\/xi-congreso-internacional-gestion-universitaria-problematica-actual-y-retos-para-su-transformacion\/","title":{"rendered":"XI Congreso Internacional Gesti\u00f3n Universitaria: Problem\u00e1tica actual y retos para su transformaci\u00f3n"},"content":{"rendered":"<p>Los invitamos a participar del XI Congreso Gesti\u00f3n Universitaria: Problem\u00e1tica actual y retos para su transformaci\u00f3n que organiza la Red de Direcci\u00f3n Estrategia en la Educaci\u00f3n Superior (RED &#8211; DEES), junto a la Facultad de Veterinaria de la Universidad de la Rep\u00fablica, Uruguay, con el auspicio de la Asociaci\u00f3n de Universidades Grupo Montevideo.<\/p>\n<p>El mismo se desarrollar\u00e1 los d\u00edas 20 y 21 de Octubre de 2026 en el Aulario de Ciencias Sociales de la Universidad e la Rep\u00fablica (Montevideo, Uruguay)<\/p>\n<p>Tiene el objetivo de promover el di\u00e1logo y el intercambio entre los actores participantes mediante la postulaci\u00f3n de ponencias sobre un conjunto de tem\u00e1ticas universitarias relevantes relacionadas con la gesti\u00f3n universitaria y propiciar el an\u00e1lisis de posibles soluciones a problemas prioritarios que existen actualmente en las IES de la regi\u00f3n latinoamericanas y caribe\u00f1as.<\/p>\n<p>Podr\u00e1n participar profesores, investigadores y directivos de instituciones educativas, as\u00ed como de otras organizaciones relacionadas con la educaci\u00f3n superior.<\/p>\n<p>Para m\u00e1s informaci\u00f3n y detalles sobre la inscripci\u00f3n y env\u00edo de ponencias, ver: <a href=\"https:\/\/grupomontevideo.org\/site\/wp-content\/uploads\/2026\/08\/Convocatoria-XI-CONGRESO-RED-DEES-2026.-30-setiembre.docx\" target=\"_blank\" rel=\"noopener\">Convocatoria General del Congreso<\/a><\/p>\n<p>Dicho Congreso coincidir\u00e1 en fecha y espacio, pero en horarios alternos, con la V Escuela de Verano &#8211; Invierno de AUGM: Planeamiento Estrat\u00e9gico, Evaluaci\u00f3n Institucional y Gesti\u00f3n Universitaria.<\/p>\n","protected":false},"excerpt":{"rendered":"<p>Los invitamos a participar del XI Congreso Gesti\u00f3n Universitaria: Problem\u00e1tica actual y retos para su transformaci\u00f3n que organiza la Red de Direcci\u00f3n Estrategia en la Educaci\u00f3n Superior (RED &#8211; DEES), [&hellip;]<\/p>\n","protected":false},"author":12,"featured_media":22958,"comment_status":"closed","ping_status":"closed","sticky":false,"template":"","format":"standard","meta":{"footnotes":""},"categories":[33],"tags":[],"class_list":["post-22956","post","type-post","status-publish","format-standard","has-post-thumbnail","hentry","category-portada"],"wpmagazine_modules_lite_featured_media_urls":{"thumbnail":["https:\/\/grupomontevideo.org\/site\/wp-content\/uploads\/2026\/08\/Congreso-Internacional_horizontal.jpg-150x150.jpeg",150,150,true],"cvmm-medium":["https:\/\/grupomontevideo.org\/site\/wp-content\/uploads\/2026\/08\/Congreso-Internacional_horizontal.jpg-300x300.jpeg",300,300,true],"cvmm-medium-plus":["https:\/\/grupomontevideo.org\/site\/wp-content\/uploads\/2026\/08\/Congreso-Internacional_horizontal.jpg-305x207.jpeg",305,207,true],"cvmm-portrait":["https:\/\/grupomontevideo.org\/site\/wp-content\/uploads\/2026\/08\/Congreso-Internacional_horizontal.jpg-400x600.jpeg",400,600,true],"cvmm-medium-square":["https:\/\/grupomontevideo.org\/site\/wp-content\/uploads\/2026\/08\/Congreso-Internacional_horizontal.jpg-600x600.jpeg",600,600,true],"cvmm-large":["https:\/\/grupomontevideo.org\/site\/wp-content\/uploads\/2026\/08\/Congreso-Internacional_horizontal.jpg-1024x1024.jpeg",1024,1024,true],"cvmm-small":["https:\/\/grupomontevideo.org\/site\/wp-content\/uploads\/2026\/08\/Congreso-Internacional_horizontal.jpg-130x95.jpeg",130,95,true],"full":["https:\/\/grupomontevideo.org\/site\/wp-content\/uploads\/2026\/08\/Congreso-Internacional_horizontal.jpg-scaled.jpeg",2560,1686,false]},"categories_names":{"33":{"name":"Portada","link":"https:\/\/grupomontevideo.org\/site\/category\/portada\/"}},"tags_names":[],"comments_number":"0","_links":{"self":[{"href":"https:\/\/grupomontevideo.org\/site\/wp-json\/wp\/v2\/posts\/22956","targetHints":{"allow":["GET"]}}],"collection":[{"href":"https:\/\/grupomontevideo.org\/site\/wp-json\/wp\/v2\/posts"}],"about":[{"href":"https:\/\/grupomontevideo.org\/site\/wp-json\/wp\/v2\/types\/post"}],"author":[{"embeddable":true,"href":"https:\/\/grupomontevideo.org\/site\/wp-json\/wp\/v2\/users\/12"}],"replies":[{"embeddable":true,"href":"https:\/\/grupomontevideo.org\/site\/wp-json\/wp\/v2\/comments?post=22956"}],"version-history":[{"count":1,"href":"https:\/\/grupomontevideo.org\/site\/wp-json\/wp\/v2\/posts\/22956\/revisions"}],"predecessor-version":[{"id":22959,"href":"https:\/\/grupomontevideo.org\/site\/wp-json\/wp\/v2\/posts\/22956\/revisions\/22959"}],"wp:featuredmedia":[{"embeddable":true,"href":"https:\/\/grupomontevideo.org\/site\/wp-json\/wp\/v2\/media\/22958"}],"wp:attachment":[{"href":"https:\/\/grupomontevideo.org\/site\/wp-json\/wp\/v2\/media?parent=22956"}],"wp:term":[{"taxonomy":"category","embeddable":true,"href":"https:\/\/grupomontevideo.org\/site\/wp-json\/wp\/v2\/categories?post=22956"},{"taxonomy":"post_tag","embeddable":true,"href":"https:\/\/grupomontevideo.org\/site\/wp-json\/wp\/v2\/tags?post=22956"}],"curies":[{"name":"wp","href":"https:\/\/api.w.org\/{rel}","templated":true}]}}