{"id":2247,"date":"2017-02-20T17:57:35","date_gmt":"2017-02-20T17:57:35","guid":{"rendered":"http:\/\/grupomontevideo.org\/sitio\/?post_type=noticias&#038;p=2247"},"modified":"2022-06-22T16:46:23","modified_gmt":"2022-06-22T16:46:23","slug":"reunion-conjunta-de-comisiones-permanentes-de-augm","status":"publish","type":"post","link":"https:\/\/grupomontevideo.org\/site\/reunion-conjunta-de-comisiones-permanentes-de-augm\/","title":{"rendered":"Reuni\u00f3n Conjunta de Comisiones Permanentes de AUGM"},"content":{"rendered":"<p>El d\u00eda 10 de abril se llev\u00f3 a cabo en la Universidad Federal de Rio grande del Sur (Porto Alegre-Brasil) una reuni\u00f3n conjunta entre tres de las Comisiones Permanentes de AUGM: Extensi\u00f3n Universitaria, Medios y Comunicaci\u00f3n Universitaria, y Producci\u00f3n Art\u00edstica y Cultural.<br \/>\nEsta reuni\u00f3n tiene la finalidad de realizar aportes desde varias \u00e1reas del conocimiento en consonancia con\u00a0la realizaci\u00f3n del <strong>III Congreso de Extensi\u00f3n Universitaria de AUGM<\/strong> a celebrarse del 6 al 9 de septiembre de 2017 en la Universidad Nacional del Litoral, Santa Fe-Argentina.<br \/>\n<a href=\"http:\/\/grupomontevideo.org\/sitio\/noticias\/iii-congreso-de-extension-universitaria-de-augm\/\">M\u00e1s informaci\u00f3n sobre el III Congreso de Extensi\u00f3n Universitaria de AUGM<\/a>.<br \/>\nPosteriormente, el d\u00eda <strong>11 de abril<\/strong> cada Comisi\u00f3n Permanente se reunir\u00e1 en el marco de sus actividades particulares.<br \/>\n&nbsp;<br \/>\n&nbsp;<\/p>\n","protected":false},"excerpt":{"rendered":"<p>10 y 11 de abril, UFRGS, Porto Alegre-Brasil<\/p>\n","protected":false},"author":1,"featured_media":2248,"comment_status":"closed","ping_status":"closed","sticky":false,"template":"","format":"standard","meta":{"footnotes":""},"categories":[48],"tags":[],"class_list":["post-2247","post","type-post","status-publish","format-standard","has-post-thumbnail","hentry","category-archivo-de-noticias"],"wpmagazine_modules_lite_featured_media_urls":{"thumbnail":["https:\/\/grupomontevideo.org\/site\/wp-content\/uploads\/2017\/02\/imagen-UFRGS.jpg",150,99,false],"cvmm-medium":["https:\/\/grupomontevideo.org\/site\/wp-content\/uploads\/2017\/02\/imagen-UFRGS.jpg",300,198,false],"cvmm-medium-plus":["https:\/\/grupomontevideo.org\/site\/wp-content\/uploads\/2017\/02\/imagen-UFRGS.jpg",305,201,false],"cvmm-portrait":["https:\/\/grupomontevideo.org\/site\/wp-content\/uploads\/2017\/02\/imagen-UFRGS.jpg",400,264,false],"cvmm-medium-square":["https:\/\/grupomontevideo.org\/site\/wp-content\/uploads\/2017\/02\/imagen-UFRGS.jpg",400,264,false],"cvmm-large":["https:\/\/grupomontevideo.org\/site\/wp-content\/uploads\/2017\/02\/imagen-UFRGS.jpg",400,264,false],"cvmm-small":["https:\/\/grupomontevideo.org\/site\/wp-content\/uploads\/2017\/02\/imagen-UFRGS.jpg",130,86,false],"full":["https:\/\/grupomontevideo.org\/site\/wp-content\/uploads\/2017\/02\/imagen-UFRGS.jpg",400,264,false]},"categories_names":{"48":{"name":"Archivo de noticias","link":"https:\/\/grupomontevideo.org\/site\/category\/archivo-de-noticias\/"}},"tags_names":[],"comments_number":"0","_links":{"self":[{"href":"https:\/\/grupomontevideo.org\/site\/wp-json\/wp\/v2\/posts\/2247","targetHints":{"allow":["GET"]}}],"collection":[{"href":"https:\/\/grupomontevideo.org\/site\/wp-json\/wp\/v2\/posts"}],"about":[{"href":"https:\/\/grupomontevideo.org\/site\/wp-json\/wp\/v2\/types\/post"}],"author":[{"embeddable":true,"href":"https:\/\/grupomontevideo.org\/site\/wp-json\/wp\/v2\/users\/1"}],"replies":[{"embeddable":true,"href":"https:\/\/grupomontevideo.org\/site\/wp-json\/wp\/v2\/comments?post=2247"}],"version-history":[{"count":1,"href":"https:\/\/grupomontevideo.org\/site\/wp-json\/wp\/v2\/posts\/2247\/revisions"}],"predecessor-version":[{"id":16209,"href":"https:\/\/grupomontevideo.org\/site\/wp-json\/wp\/v2\/posts\/2247\/revisions\/16209"}],"wp:featuredmedia":[{"embeddable":true,"href":"https:\/\/grupomontevideo.org\/site\/wp-json\/wp\/v2\/media\/2248"}],"wp:attachment":[{"href":"https:\/\/grupomontevideo.org\/site\/wp-json\/wp\/v2\/media?parent=2247"}],"wp:term":[{"taxonomy":"category","embeddable":true,"href":"https:\/\/grupomontevideo.org\/site\/wp-json\/wp\/v2\/categories?post=2247"},{"taxonomy":"post_tag","embeddable":true,"href":"https:\/\/grupomontevideo.org\/site\/wp-json\/wp\/v2\/tags?post=2247"}],"curies":[{"name":"wp","href":"https:\/\/api.w.org\/{rel}","templated":true}]}}