{"id":2246,"date":"2017-02-20T17:46:26","date_gmt":"2017-02-20T17:46:26","guid":{"rendered":"http:\/\/grupomontevideo.org\/sitio\/?post_type=noticias&#038;p=2246"},"modified":"2022-06-22T16:46:23","modified_gmt":"2022-06-22T16:46:23","slug":"reunion-de-la-comision-permanente-de-produccion-artistica-y-cultural","status":"publish","type":"post","link":"https:\/\/grupomontevideo.org\/site\/reunion-de-la-comision-permanente-de-produccion-artistica-y-cultural\/","title":{"rendered":"Reuni\u00f3n de la Comisi\u00f3n Permanente de Producci\u00f3n Art\u00edstica y Cultural"},"content":{"rendered":"<p>La pr\u00f3xima Reuni\u00f3n de la Comisi\u00f3n Permanente de\u00a0Producci\u00f3n Art\u00edstica y Cultural tendr\u00e1 como sede la Universidad Federal de R\u00edo Grande del Sur, los d\u00edas 10 y 11 de abril pr\u00f3ximo, en la ciudad de Porto Alegre, Brasil.<br \/>\n<a href=\"http:\/\/grupomontevideo.org\/cp\/cpproduccionartisticaycultural\/\">Sitio Web de la Comisi\u00f3n<\/a><br \/>\n&nbsp;<br \/>\n&nbsp;<\/p>\n","protected":false},"excerpt":{"rendered":"<p>10 y 11 de abril, UFRGS, Porto Alegre &#8211; Brasil.<\/p>\n","protected":false},"author":1,"featured_media":1263,"comment_status":"closed","ping_status":"closed","sticky":false,"template":"","format":"standard","meta":{"footnotes":""},"categories":[48],"tags":[],"class_list":["post-2246","post","type-post","status-publish","format-standard","has-post-thumbnail","hentry","category-archivo-de-noticias"],"wpmagazine_modules_lite_featured_media_urls":{"thumbnail":["https:\/\/grupomontevideo.org\/site\/wp-content\/uploads\/2016\/02\/PRODUCCION-ARTISTICA-Y-CULTURAL.jpg",150,100,false],"cvmm-medium":["https:\/\/grupomontevideo.org\/site\/wp-content\/uploads\/2016\/02\/PRODUCCION-ARTISTICA-Y-CULTURAL.jpg",300,200,false],"cvmm-medium-plus":["https:\/\/grupomontevideo.org\/site\/wp-content\/uploads\/2016\/02\/PRODUCCION-ARTISTICA-Y-CULTURAL.jpg",305,204,false],"cvmm-portrait":["https:\/\/grupomontevideo.org\/site\/wp-content\/uploads\/2016\/02\/PRODUCCION-ARTISTICA-Y-CULTURAL.jpg",400,267,false],"cvmm-medium-square":["https:\/\/grupomontevideo.org\/site\/wp-content\/uploads\/2016\/02\/PRODUCCION-ARTISTICA-Y-CULTURAL.jpg",600,401,false],"cvmm-large":["https:\/\/grupomontevideo.org\/site\/wp-content\/uploads\/2016\/02\/PRODUCCION-ARTISTICA-Y-CULTURAL.jpg",690,461,false],"cvmm-small":["https:\/\/grupomontevideo.org\/site\/wp-content\/uploads\/2016\/02\/PRODUCCION-ARTISTICA-Y-CULTURAL.jpg",130,87,false],"full":["https:\/\/grupomontevideo.org\/site\/wp-content\/uploads\/2016\/02\/PRODUCCION-ARTISTICA-Y-CULTURAL.jpg",690,461,false]},"categories_names":{"48":{"name":"Archivo de noticias","link":"https:\/\/grupomontevideo.org\/site\/category\/archivo-de-noticias\/"}},"tags_names":[],"comments_number":"0","_links":{"self":[{"href":"https:\/\/grupomontevideo.org\/site\/wp-json\/wp\/v2\/posts\/2246","targetHints":{"allow":["GET"]}}],"collection":[{"href":"https:\/\/grupomontevideo.org\/site\/wp-json\/wp\/v2\/posts"}],"about":[{"href":"https:\/\/grupomontevideo.org\/site\/wp-json\/wp\/v2\/types\/post"}],"author":[{"embeddable":true,"href":"https:\/\/grupomontevideo.org\/site\/wp-json\/wp\/v2\/users\/1"}],"replies":[{"embeddable":true,"href":"https:\/\/grupomontevideo.org\/site\/wp-json\/wp\/v2\/comments?post=2246"}],"version-history":[{"count":1,"href":"https:\/\/grupomontevideo.org\/site\/wp-json\/wp\/v2\/posts\/2246\/revisions"}],"predecessor-version":[{"id":16210,"href":"https:\/\/grupomontevideo.org\/site\/wp-json\/wp\/v2\/posts\/2246\/revisions\/16210"}],"wp:featuredmedia":[{"embeddable":true,"href":"https:\/\/grupomontevideo.org\/site\/wp-json\/wp\/v2\/media\/1263"}],"wp:attachment":[{"href":"https:\/\/grupomontevideo.org\/site\/wp-json\/wp\/v2\/media?parent=2246"}],"wp:term":[{"taxonomy":"category","embeddable":true,"href":"https:\/\/grupomontevideo.org\/site\/wp-json\/wp\/v2\/categories?post=2246"},{"taxonomy":"post_tag","embeddable":true,"href":"https:\/\/grupomontevideo.org\/site\/wp-json\/wp\/v2\/tags?post=2246"}],"curies":[{"name":"wp","href":"https:\/\/api.w.org\/{rel}","templated":true}]}}