{"id":2245,"date":"2017-02-20T17:40:36","date_gmt":"2017-02-20T17:40:36","guid":{"rendered":"http:\/\/grupomontevideo.org\/sitio\/?post_type=noticias&#038;p=2245"},"modified":"2022-06-22T16:46:24","modified_gmt":"2022-06-22T16:46:24","slug":"reunion-de-la-comision-permanente-de-extension-universitaria","status":"publish","type":"post","link":"https:\/\/grupomontevideo.org\/site\/reunion-de-la-comision-permanente-de-extension-universitaria\/","title":{"rendered":"Reuni\u00f3n de la Comisi\u00f3n Permanente de Extensi\u00f3n Universitaria"},"content":{"rendered":"<p>Reuni\u00f3n de la Comisi\u00f3n Permanente de Extensi\u00f3n Universitaria tendr\u00e1 como sede la Universidad Federal de R\u00edo Grande del Sur, los d\u00edas 10 y 11 de abril pr\u00f3ximo, en la ciudad de Porto Alegre, Brasil.<br \/>\n<a href=\"http:\/\/grupomontevideo.org\/cp\/cpextensionuniversitaria\/\">Sitio Web de la Comisi\u00f3n<\/a><br \/>\n&nbsp;<br \/>\n&nbsp;<\/p>\n","protected":false},"excerpt":{"rendered":"<p>10 y 11 de abril, UFRGS, Porto Alegre &#8211; Brasil.<\/p>\n","protected":false},"author":1,"featured_media":1807,"comment_status":"closed","ping_status":"closed","sticky":false,"template":"","format":"standard","meta":{"footnotes":""},"categories":[48],"tags":[],"class_list":["post-2245","post","type-post","status-publish","format-standard","has-post-thumbnail","hentry","category-archivo-de-noticias"],"wpmagazine_modules_lite_featured_media_urls":{"thumbnail":["https:\/\/grupomontevideo.org\/site\/wp-content\/uploads\/2016\/11\/jornada_extension_augm_sanfelipe_1.jpg",150,81,false],"cvmm-medium":["https:\/\/grupomontevideo.org\/site\/wp-content\/uploads\/2016\/11\/jornada_extension_augm_sanfelipe_1.jpg",300,162,false],"cvmm-medium-plus":["https:\/\/grupomontevideo.org\/site\/wp-content\/uploads\/2016\/11\/jornada_extension_augm_sanfelipe_1.jpg",305,164,false],"cvmm-portrait":["https:\/\/grupomontevideo.org\/site\/wp-content\/uploads\/2016\/11\/jornada_extension_augm_sanfelipe_1.jpg",400,216,false],"cvmm-medium-square":["https:\/\/grupomontevideo.org\/site\/wp-content\/uploads\/2016\/11\/jornada_extension_augm_sanfelipe_1.jpg",600,323,false],"cvmm-large":["https:\/\/grupomontevideo.org\/site\/wp-content\/uploads\/2016\/11\/jornada_extension_augm_sanfelipe_1.jpg",640,345,false],"cvmm-small":["https:\/\/grupomontevideo.org\/site\/wp-content\/uploads\/2016\/11\/jornada_extension_augm_sanfelipe_1.jpg",130,70,false],"full":["https:\/\/grupomontevideo.org\/site\/wp-content\/uploads\/2016\/11\/jornada_extension_augm_sanfelipe_1.jpg",640,345,false]},"categories_names":{"48":{"name":"Archivo de noticias","link":"https:\/\/grupomontevideo.org\/site\/category\/archivo-de-noticias\/"}},"tags_names":[],"comments_number":"0","_links":{"self":[{"href":"https:\/\/grupomontevideo.org\/site\/wp-json\/wp\/v2\/posts\/2245","targetHints":{"allow":["GET"]}}],"collection":[{"href":"https:\/\/grupomontevideo.org\/site\/wp-json\/wp\/v2\/posts"}],"about":[{"href":"https:\/\/grupomontevideo.org\/site\/wp-json\/wp\/v2\/types\/post"}],"author":[{"embeddable":true,"href":"https:\/\/grupomontevideo.org\/site\/wp-json\/wp\/v2\/users\/1"}],"replies":[{"embeddable":true,"href":"https:\/\/grupomontevideo.org\/site\/wp-json\/wp\/v2\/comments?post=2245"}],"version-history":[{"count":1,"href":"https:\/\/grupomontevideo.org\/site\/wp-json\/wp\/v2\/posts\/2245\/revisions"}],"predecessor-version":[{"id":16211,"href":"https:\/\/grupomontevideo.org\/site\/wp-json\/wp\/v2\/posts\/2245\/revisions\/16211"}],"wp:featuredmedia":[{"embeddable":true,"href":"https:\/\/grupomontevideo.org\/site\/wp-json\/wp\/v2\/media\/1807"}],"wp:attachment":[{"href":"https:\/\/grupomontevideo.org\/site\/wp-json\/wp\/v2\/media?parent=2245"}],"wp:term":[{"taxonomy":"category","embeddable":true,"href":"https:\/\/grupomontevideo.org\/site\/wp-json\/wp\/v2\/categories?post=2245"},{"taxonomy":"post_tag","embeddable":true,"href":"https:\/\/grupomontevideo.org\/site\/wp-json\/wp\/v2\/tags?post=2245"}],"curies":[{"name":"wp","href":"https:\/\/api.w.org\/{rel}","templated":true}]}}