{"id":2244,"date":"2017-02-20T17:21:44","date_gmt":"2017-02-20T17:21:44","guid":{"rendered":"http:\/\/grupomontevideo.org\/sitio\/?post_type=noticias&#038;p=2244"},"modified":"2022-06-22T16:46:24","modified_gmt":"2022-06-22T16:46:24","slug":"reunion-de-la-comision-permanente-de-medios-y-comunicacion-universitaria-2","status":"publish","type":"post","link":"https:\/\/grupomontevideo.org\/site\/reunion-de-la-comision-permanente-de-medios-y-comunicacion-universitaria-2\/","title":{"rendered":"II Reuni\u00f3n 2017 de la Comisi\u00f3n Permanente de Medios y Comunicaci\u00f3n Universitaria"},"content":{"rendered":"<p>La segunda reuni\u00f3n del 2017\u00a0de la Comisi\u00f3n Permanente de Medios y Comunicaci\u00f3n Universitaria se celebrar\u00e1 el viernes\u00a08 de setiembre a las 13 horas en la sede de la Universidad Nacional del Litoral, Santa Fe, Argentina, en el marco del 3er Congreso de Extensi\u00f3n Universitaria de AUGM.<br \/>\n<a href=\"http:\/\/grupomontevideo.org\/cp\/cpmediosycomunicacionuniversitaria\/\">Sitio Web de la Comisi\u00f3n<\/a><br \/>\n&nbsp;<br \/>\n&nbsp;<br \/>\n&nbsp;<\/p>\n","protected":false},"excerpt":{"rendered":"<p>8 de setiembre, Universidad Nacional del Litoral, Santa Fe &#8211; Argentina<\/p>\n","protected":false},"author":1,"featured_media":1698,"comment_status":"closed","ping_status":"closed","sticky":false,"template":"","format":"standard","meta":{"footnotes":""},"categories":[48],"tags":[],"class_list":["post-2244","post","type-post","status-publish","format-standard","has-post-thumbnail","hentry","category-archivo-de-noticias"],"wpmagazine_modules_lite_featured_media_urls":{"thumbnail":["https:\/\/grupomontevideo.org\/site\/wp-content\/uploads\/2016\/08\/20160819_113737.jpg",150,84,false],"cvmm-medium":["https:\/\/grupomontevideo.org\/site\/wp-content\/uploads\/2016\/08\/20160819_113737.jpg",300,169,false],"cvmm-medium-plus":["https:\/\/grupomontevideo.org\/site\/wp-content\/uploads\/2016\/08\/20160819_113737.jpg",305,172,false],"cvmm-portrait":["https:\/\/grupomontevideo.org\/site\/wp-content\/uploads\/2016\/08\/20160819_113737.jpg",400,225,false],"cvmm-medium-square":["https:\/\/grupomontevideo.org\/site\/wp-content\/uploads\/2016\/08\/20160819_113737.jpg",600,338,false],"cvmm-large":["https:\/\/grupomontevideo.org\/site\/wp-content\/uploads\/2016\/08\/20160819_113737.jpg",1024,576,false],"cvmm-small":["https:\/\/grupomontevideo.org\/site\/wp-content\/uploads\/2016\/08\/20160819_113737.jpg",130,73,false],"full":["https:\/\/grupomontevideo.org\/site\/wp-content\/uploads\/2016\/08\/20160819_113737.jpg",2560,1440,false]},"categories_names":{"48":{"name":"Archivo de noticias","link":"https:\/\/grupomontevideo.org\/site\/category\/archivo-de-noticias\/"}},"tags_names":[],"comments_number":"0","_links":{"self":[{"href":"https:\/\/grupomontevideo.org\/site\/wp-json\/wp\/v2\/posts\/2244","targetHints":{"allow":["GET"]}}],"collection":[{"href":"https:\/\/grupomontevideo.org\/site\/wp-json\/wp\/v2\/posts"}],"about":[{"href":"https:\/\/grupomontevideo.org\/site\/wp-json\/wp\/v2\/types\/post"}],"author":[{"embeddable":true,"href":"https:\/\/grupomontevideo.org\/site\/wp-json\/wp\/v2\/users\/1"}],"replies":[{"embeddable":true,"href":"https:\/\/grupomontevideo.org\/site\/wp-json\/wp\/v2\/comments?post=2244"}],"version-history":[{"count":1,"href":"https:\/\/grupomontevideo.org\/site\/wp-json\/wp\/v2\/posts\/2244\/revisions"}],"predecessor-version":[{"id":16212,"href":"https:\/\/grupomontevideo.org\/site\/wp-json\/wp\/v2\/posts\/2244\/revisions\/16212"}],"wp:featuredmedia":[{"embeddable":true,"href":"https:\/\/grupomontevideo.org\/site\/wp-json\/wp\/v2\/media\/1698"}],"wp:attachment":[{"href":"https:\/\/grupomontevideo.org\/site\/wp-json\/wp\/v2\/media?parent=2244"}],"wp:term":[{"taxonomy":"category","embeddable":true,"href":"https:\/\/grupomontevideo.org\/site\/wp-json\/wp\/v2\/categories?post=2244"},{"taxonomy":"post_tag","embeddable":true,"href":"https:\/\/grupomontevideo.org\/site\/wp-json\/wp\/v2\/tags?post=2244"}],"curies":[{"name":"wp","href":"https:\/\/api.w.org\/{rel}","templated":true}]}}