{"id":22207,"date":"2026-03-23T09:18:08","date_gmt":"2026-03-23T12:18:08","guid":{"rendered":"https:\/\/grupomontevideo.org\/site\/?p=22207"},"modified":"2026-04-14T15:51:50","modified_gmt":"2026-04-14T18:51:50","slug":"representacion-de-augm-acompano-a-delegacion-uruguaya-en-homenaje-a-pepe-mujica-en-brasil","status":"publish","type":"post","link":"https:\/\/grupomontevideo.org\/site\/representacion-de-augm-acompano-a-delegacion-uruguaya-en-homenaje-a-pepe-mujica-en-brasil\/","title":{"rendered":"Representaci\u00f3n de AUGM acompa\u00f1\u00f3 a delegaci\u00f3n uruguaya en homenaje a Pepe Mujica en Brasil"},"content":{"rendered":"<p>En ceremonias cargada de emotividad y sentido pol\u00edtico, la Universidad Federal de Minas Gerais (UFMG) y la Universidad Federal de ABC (UFABC), miembros de la Asociaci\u00f3n de Universidades Grupo Montevideo (AUGM), otorgaron el t\u00edtulo de Doctor Honoris Causa (in memoriam) al expresidente uruguayo Jos\u00e9 \u201cPepe\u201d Mujica, en reconocimiento a su legado \u00e9tico y su proyecci\u00f3n latinoamericana. La distinci\u00f3n, aprobada por los Consejos Universitarios de forma un\u00e1nime, constituye la m\u00e1xima honra acad\u00e9mica de la instituci\u00f3n y reconoce el legado pol\u00edtico y humano de Mujica.<\/p>\n<p>Las ceremonias, realizadas los d\u00edas 18 y 19 de marzo, se desarrollaron con una sala colmada de p\u00fablico, reflejo del inter\u00e9s y la trascendencia del homenaje. Los actos contaron con la participaci\u00f3n de la exvicepresidenta de Uruguay y compa\u00f1era de vida de Mujica, Luc\u00eda Topolansky, quien recibi\u00f3 la distinci\u00f3n en su nombre. La ceremonia realizada en la UFABC cont\u00f3 con la presencia del presidente de Brasil, Luiz In\u00e1cio Lula da Silva, quien rindi\u00f3 un sentido homenaje al exmandatario uruguayo.<\/p>\n<p>Las intervenciones de las autoridades universitarias estuvieron marcadas por su emotividad. El rector de la UFABC, Prof. Dr. D\u00e1cio Roberto Matheus y la rectora de la UFMG, Profa. Dra. Sandra Goulart Almeida, subrayaron que la distinci\u00f3n reconoce no solo la trayectoria pol\u00edtica de Mujica, sino tambi\u00e9n una forma de ejercer la vida p\u00fablica basada en la esperanza, la justicia social y la defensa de la democracia. Asimismo, recordaron la visita de Mujica en 2023 y su participaci\u00f3n, junto al presidente Lula, en un congreso nacional de estudiantes, donde defendi\u00f3 la integraci\u00f3n latinoamericana, el papel transformador de la educaci\u00f3n y la organizaci\u00f3n de la juventud en la construcci\u00f3n de un mundo mejor.<\/p>\n<p>El presidente Lula evoc\u00f3 a Mujica desde la cercan\u00eda personal y dio lectura a una carta in\u00e9dita que le enviara el exmandatario, en la que reflexionaba sobre los desaf\u00edos de la integraci\u00f3n regional y la necesidad de fortalecer los v\u00ednculos entre los pa\u00edses latinoamericanos. En la carta, Mujica planteaba la importancia de generar espacios de encuentro, di\u00e1logo y reflexi\u00f3n entre los l\u00edderes de la regi\u00f3n, destacando que \u201cno existen cumbres sin monta\u00f1as donde apoyarse\u201d, en referencia al papel fundamental de los pueblos en estos procesos.<\/p>\n<p>Al cierre de su intervenci\u00f3n, el mandatario brasile\u00f1o subray\u00f3 que Am\u00e9rica Latina debe asumir un rol protag\u00f3nico en la resoluci\u00f3n de sus propios desaf\u00edos, afirmando que ning\u00fan actor externo resolver\u00e1 los problemas de la regi\u00f3n. En ese sentido, sostuvo que la integraci\u00f3n no puede limitarse al plano comercial, sino que debe abarcar dimensiones pol\u00edticas, culturales, cient\u00edficas y tecnol\u00f3gicas; enfatizando la necesidad de fortalecer la movilidad estudiantil, el reconocimiento de t\u00edtulos y el papel de las universidades en la construcci\u00f3n de una identidad latinoamericana com\u00fan.<\/p>\n<p>Por su parte, Luc\u00eda Topolansky destac\u00f3 la importancia de dialogar con la sociedad y de defender la educaci\u00f3n, advirtiendo que existen momentos en que \u00e9sta es objeto de ataques, y qu\u00e9, no es lo mismo cuando cuenta con el respaldo de un pueblo que comprende su valor.<\/p>\n<p>Este reconocimiento adquiere un significado especial en el marco de la reciente creaci\u00f3n del Programa de Cooperaci\u00f3n Latinoamericana y del Caribe en Ciencia, Tecnolog\u00eda e Innovaci\u00f3n (PROSUL) \u201cPepe Mujica\u201d, impulsado con financiamiento del Ministerio de Ciencia y Tecnolog\u00eda (MCTI) y de la Comisi\u00f3n para el Desarrollo Cient\u00edfico (CNPQ) de Brasil, iniciativa orientada a profundizar y fortalecer la cooperaci\u00f3n acad\u00e9mica y cient\u00edfica regional en sinton\u00eda con el legado integracionista del exmandatario.<\/p>\n<p>La Asociaci\u00f3n de Universidades Grupo Montevideo (AUGM) estuvo representada por el coordinador de Relacionamiento Interinstitucional de su Secretar\u00eda Ejecutiva, Dr. Fernando Sosa, quien acompa\u00f1\u00f3 a las universidades anfitrionas en su calidad de instituciones miembro de la red, integrando adem\u00e1s la delegaci\u00f3n uruguaya presente en el homenaje y reafirmando el compromiso de AUGM con la integraci\u00f3n regional.<\/p>\n<p><a href=\"https:\/\/www.youtube.com\/watch?v=YwJT7JNCzFc\">Acceder a la ceremonia completa realizada en la Universidade Federal do ABC<\/a>.<\/p>\n<p><iframe title=\"\ud83d\udd34Lula participa de cerim\u00f4nia de t\u00edtulo de Doutor Honoris Causa a Pepe Mujica (in memoriam)\" width=\"640\" height=\"360\" src=\"https:\/\/www.youtube.com\/embed\/YwJT7JNCzFc?feature=oembed\" frameborder=\"0\" allow=\"accelerometer; autoplay; clipboard-write; encrypted-media; gyroscope; picture-in-picture; web-share\" referrerpolicy=\"strict-origin-when-cross-origin\" allowfullscreen><\/iframe><\/p>\n<div id='gallery-1' class='gallery galleryid-22207 gallery-columns-4 gallery-size-large'><figure class='gallery-item'>\n\t\t\t<div class='gallery-icon landscape'>\n\t\t\t\t<a href='https:\/\/grupomontevideo.org\/site\/representacion-de-augm-acompano-a-delegacion-uruguaya-en-homenaje-a-pepe-mujica-en-brasil\/whatsapp-image-2026-03-20-at-17-59-34\/'><img fetchpriority=\"high\" decoding=\"async\" width=\"640\" height=\"426\" src=\"https:\/\/grupomontevideo.org\/site\/wp-content\/uploads\/2026\/03\/WhatsApp-Image-2026-03-20-at-17.59.34-1024x682.jpeg\" class=\"attachment-large size-large\" alt=\"El presidente de Brasil y las autoridades universitarias de la UFABC reciben a Luc\u00eda Topolansky en la entrega del reconocimiento Honoris Causa in memorian a Jos\u00e9 Pepe Mujica.\" srcset=\"https:\/\/grupomontevideo.org\/site\/wp-content\/uploads\/2026\/03\/WhatsApp-Image-2026-03-20-at-17.59.34-1024x682.jpeg 1024w, https:\/\/grupomontevideo.org\/site\/wp-content\/uploads\/2026\/03\/WhatsApp-Image-2026-03-20-at-17.59.34-300x200.jpeg 300w, https:\/\/grupomontevideo.org\/site\/wp-content\/uploads\/2026\/03\/WhatsApp-Image-2026-03-20-at-17.59.34-768x512.jpeg 768w, https:\/\/grupomontevideo.org\/site\/wp-content\/uploads\/2026\/03\/WhatsApp-Image-2026-03-20-at-17.59.34.jpeg 1280w\" sizes=\"(max-width: 640px) 100vw, 640px\" \/><\/a>\n\t\t\t<\/div><\/figure><figure class='gallery-item'>\n\t\t\t<div class='gallery-icon landscape'>\n\t\t\t\t<a href='https:\/\/grupomontevideo.org\/site\/representacion-de-augm-acompano-a-delegacion-uruguaya-en-homenaje-a-pepe-mujica-en-brasil\/whatsapp-image-2026-03-20-at-17-59-35\/'><img decoding=\"async\" width=\"640\" height=\"426\" src=\"https:\/\/grupomontevideo.org\/site\/wp-content\/uploads\/2026\/03\/WhatsApp-Image-2026-03-20-at-17.59.35-1024x682.jpeg\" class=\"attachment-large size-large\" alt=\"Luc\u00eda Topolansky recibe el reconocimiento Honoris Causa in memorian a Jos\u00e9 Pepe Mujica en la UFABC, junto al Presidente de Brasil, Lula Da Silva y al Rector D\u00e1cio Matheus y al\" srcset=\"https:\/\/grupomontevideo.org\/site\/wp-content\/uploads\/2026\/03\/WhatsApp-Image-2026-03-20-at-17.59.35-1024x682.jpeg 1024w, https:\/\/grupomontevideo.org\/site\/wp-content\/uploads\/2026\/03\/WhatsApp-Image-2026-03-20-at-17.59.35-300x200.jpeg 300w, https:\/\/grupomontevideo.org\/site\/wp-content\/uploads\/2026\/03\/WhatsApp-Image-2026-03-20-at-17.59.35-768x512.jpeg 768w, https:\/\/grupomontevideo.org\/site\/wp-content\/uploads\/2026\/03\/WhatsApp-Image-2026-03-20-at-17.59.35.jpeg 1280w\" sizes=\"(max-width: 640px) 100vw, 640px\" \/><\/a>\n\t\t\t<\/div><\/figure><figure class='gallery-item'>\n\t\t\t<div class='gallery-icon landscape'>\n\t\t\t\t<a href='https:\/\/grupomontevideo.org\/site\/representacion-de-augm-acompano-a-delegacion-uruguaya-en-homenaje-a-pepe-mujica-en-brasil\/doutor-honoris-causa-pepe-mujica-foto-raphaella-dias-58\/'><img decoding=\"async\" width=\"640\" height=\"427\" src=\"https:\/\/grupomontevideo.org\/site\/wp-content\/uploads\/2026\/03\/DOUTOR-HONORIS-CAUSA-PEPE-MUJICA-FOTO-RAPHAELLA-DIAS-58-1024x683.jpg\" class=\"attachment-large size-large\" alt=\"Autoridades universitarias de la UFMG reciben a Luc\u00eda Topolansky en la entrega del reconocimiento Honoris Causa a jos\u00e9 Mujica.\" srcset=\"https:\/\/grupomontevideo.org\/site\/wp-content\/uploads\/2026\/03\/DOUTOR-HONORIS-CAUSA-PEPE-MUJICA-FOTO-RAPHAELLA-DIAS-58-1024x683.jpg 1024w, https:\/\/grupomontevideo.org\/site\/wp-content\/uploads\/2026\/03\/DOUTOR-HONORIS-CAUSA-PEPE-MUJICA-FOTO-RAPHAELLA-DIAS-58-300x200.jpg 300w, https:\/\/grupomontevideo.org\/site\/wp-content\/uploads\/2026\/03\/DOUTOR-HONORIS-CAUSA-PEPE-MUJICA-FOTO-RAPHAELLA-DIAS-58-768x512.jpg 768w, https:\/\/grupomontevideo.org\/site\/wp-content\/uploads\/2026\/03\/DOUTOR-HONORIS-CAUSA-PEPE-MUJICA-FOTO-RAPHAELLA-DIAS-58-1536x1024.jpg 1536w, https:\/\/grupomontevideo.org\/site\/wp-content\/uploads\/2026\/03\/DOUTOR-HONORIS-CAUSA-PEPE-MUJICA-FOTO-RAPHAELLA-DIAS-58-2048x1365.jpg 2048w\" sizes=\"(max-width: 640px) 100vw, 640px\" \/><\/a>\n\t\t\t<\/div><\/figure><figure class='gallery-item'>\n\t\t\t<div class='gallery-icon landscape'>\n\t\t\t\t<a href='https:\/\/grupomontevideo.org\/site\/representacion-de-augm-acompano-a-delegacion-uruguaya-en-homenaje-a-pepe-mujica-en-brasil\/doutor-honoris-causa-pepe-mujica-foto-raphaella-dias-56\/'><img loading=\"lazy\" decoding=\"async\" width=\"640\" height=\"427\" src=\"https:\/\/grupomontevideo.org\/site\/wp-content\/uploads\/2026\/03\/DOUTOR-HONORIS-CAUSA-PEPE-MUJICA-FOTO-RAPHAELLA-DIAS-56-1024x683.jpg\" class=\"attachment-large size-large\" alt=\"Rectora de la UFMG, Sandra Goulart Almeida, entrega el reconocimiento Honoris Causa in memorian a Luc\u00eda Topolansky, compalera de Mujica.\" srcset=\"https:\/\/grupomontevideo.org\/site\/wp-content\/uploads\/2026\/03\/DOUTOR-HONORIS-CAUSA-PEPE-MUJICA-FOTO-RAPHAELLA-DIAS-56-1024x683.jpg 1024w, https:\/\/grupomontevideo.org\/site\/wp-content\/uploads\/2026\/03\/DOUTOR-HONORIS-CAUSA-PEPE-MUJICA-FOTO-RAPHAELLA-DIAS-56-300x200.jpg 300w, https:\/\/grupomontevideo.org\/site\/wp-content\/uploads\/2026\/03\/DOUTOR-HONORIS-CAUSA-PEPE-MUJICA-FOTO-RAPHAELLA-DIAS-56-768x512.jpg 768w, https:\/\/grupomontevideo.org\/site\/wp-content\/uploads\/2026\/03\/DOUTOR-HONORIS-CAUSA-PEPE-MUJICA-FOTO-RAPHAELLA-DIAS-56-1536x1024.jpg 1536w, https:\/\/grupomontevideo.org\/site\/wp-content\/uploads\/2026\/03\/DOUTOR-HONORIS-CAUSA-PEPE-MUJICA-FOTO-RAPHAELLA-DIAS-56-2048x1365.jpg 2048w\" sizes=\"(max-width: 640px) 100vw, 640px\" \/><\/a>\n\t\t\t<\/div><\/figure>\n\t\t<\/div>\n\n","protected":false},"excerpt":{"rendered":"<p>En ceremonias cargada de emotividad y sentido pol\u00edtico, la Universidad Federal de Minas Gerais (UFMG) y la Universidad Federal de ABC (UFABC), miembros de la Asociaci\u00f3n de Universidades Grupo Montevideo (AUGM), otorgaron el t\u00edtulo de Doctor Honoris Causa (in memoriam) al expresidente uruguayo Jos\u00e9 \u201cPepe\u201d Mujica, en reconocimiento a su legado \u00e9tico y su proyecci\u00f3n [&hellip;]<\/p>\n","protected":false},"author":9,"featured_media":22211,"comment_status":"closed","ping_status":"closed","sticky":false,"template":"","format":"standard","meta":{"footnotes":""},"categories":[48],"tags":[],"class_list":["post-22207","post","type-post","status-publish","format-standard","has-post-thumbnail","hentry","category-archivo-de-noticias"],"wpmagazine_modules_lite_featured_media_urls":{"thumbnail":["https:\/\/grupomontevideo.org\/site\/wp-content\/uploads\/2026\/03\/WhatsApp-Image-2026-03-20-at-17.59.34-150x150.jpeg",150,150,true],"cvmm-medium":["https:\/\/grupomontevideo.org\/site\/wp-content\/uploads\/2026\/03\/WhatsApp-Image-2026-03-20-at-17.59.34-300x300.jpeg",300,300,true],"cvmm-medium-plus":["https:\/\/grupomontevideo.org\/site\/wp-content\/uploads\/2026\/03\/WhatsApp-Image-2026-03-20-at-17.59.34-305x207.jpeg",305,207,true],"cvmm-portrait":["https:\/\/grupomontevideo.org\/site\/wp-content\/uploads\/2026\/03\/WhatsApp-Image-2026-03-20-at-17.59.34-400x600.jpeg",400,600,true],"cvmm-medium-square":["https:\/\/grupomontevideo.org\/site\/wp-content\/uploads\/2026\/03\/WhatsApp-Image-2026-03-20-at-17.59.34-600x600.jpeg",600,600,true],"cvmm-large":["https:\/\/grupomontevideo.org\/site\/wp-content\/uploads\/2026\/03\/WhatsApp-Image-2026-03-20-at-17.59.34-1024x853.jpeg",1024,853,true],"cvmm-small":["https:\/\/grupomontevideo.org\/site\/wp-content\/uploads\/2026\/03\/WhatsApp-Image-2026-03-20-at-17.59.34-130x95.jpeg",130,95,true],"full":["https:\/\/grupomontevideo.org\/site\/wp-content\/uploads\/2026\/03\/WhatsApp-Image-2026-03-20-at-17.59.34.jpeg",1280,853,false]},"categories_names":{"48":{"name":"Archivo de noticias","link":"https:\/\/grupomontevideo.org\/site\/category\/archivo-de-noticias\/"}},"tags_names":[],"comments_number":"0","_links":{"self":[{"href":"https:\/\/grupomontevideo.org\/site\/wp-json\/wp\/v2\/posts\/22207","targetHints":{"allow":["GET"]}}],"collection":[{"href":"https:\/\/grupomontevideo.org\/site\/wp-json\/wp\/v2\/posts"}],"about":[{"href":"https:\/\/grupomontevideo.org\/site\/wp-json\/wp\/v2\/types\/post"}],"author":[{"embeddable":true,"href":"https:\/\/grupomontevideo.org\/site\/wp-json\/wp\/v2\/users\/9"}],"replies":[{"embeddable":true,"href":"https:\/\/grupomontevideo.org\/site\/wp-json\/wp\/v2\/comments?post=22207"}],"version-history":[{"count":3,"href":"https:\/\/grupomontevideo.org\/site\/wp-json\/wp\/v2\/posts\/22207\/revisions"}],"predecessor-version":[{"id":22250,"href":"https:\/\/grupomontevideo.org\/site\/wp-json\/wp\/v2\/posts\/22207\/revisions\/22250"}],"wp:featuredmedia":[{"embeddable":true,"href":"https:\/\/grupomontevideo.org\/site\/wp-json\/wp\/v2\/media\/22211"}],"wp:attachment":[{"href":"https:\/\/grupomontevideo.org\/site\/wp-json\/wp\/v2\/media?parent=22207"}],"wp:term":[{"taxonomy":"category","embeddable":true,"href":"https:\/\/grupomontevideo.org\/site\/wp-json\/wp\/v2\/categories?post=22207"},{"taxonomy":"post_tag","embeddable":true,"href":"https:\/\/grupomontevideo.org\/site\/wp-json\/wp\/v2\/tags?post=22207"}],"curies":[{"name":"wp","href":"https:\/\/api.w.org\/{rel}","templated":true}]}}