{"id":22136,"date":"2026-03-18T11:43:02","date_gmt":"2026-03-18T14:43:02","guid":{"rendered":"https:\/\/grupomontevideo.org\/site\/?p=22136"},"modified":"2026-04-01T12:14:16","modified_gmt":"2026-04-01T15:14:16","slug":"se-publico-un-nuevo-numero-de-la-revista-de-las-jornadas-de-jovenes-investigadores","status":"publish","type":"post","link":"https:\/\/grupomontevideo.org\/site\/se-publico-un-nuevo-numero-de-la-revista-de-las-jornadas-de-jovenes-investigadores\/","title":{"rendered":"Est\u00e1 disponible el volumen 6 de la Revista de las Jornadas de J\u00f3venes Investigadores"},"content":{"rendered":"<p>Se encuentra disponible el sexto volumen de la <a href=\"https:\/\/grupomontevideo.org\/site\/publicaciones-jornadas-de-jovenes-investigadores\/\">Revista de las Jornadas de J\u00f3venes Investigadores<\/a> de AUGM, correspondiente a trabajos presentados en la 32\u00aa edici\u00f3n de las Jornadas de J\u00f3venes Investigadores realizada en la Universidad Nacional de Tucum\u00e1n, Argentina, en el a\u00f1o 2025.<\/p>\n<p>La revista presenta anualmente doce vol\u00famenes y publica todos los trabajos presentados por j\u00f3venes investigadores de la regi\u00f3n en la \u00faltima edici\u00f3n de las Jornadas. La edici\u00f3n de la revista est\u00e1 dividida en cuatro ejes: Interdisciplinario, Ciencias Humanas, Ciencias Exactas y Ciencias de la Vida. Esto facilita el acceso de las personas interesadas por tema, al tiempo que reduce los tiempos de b\u00fasqueda de trabajos.<\/p>\n<p>La publicaci\u00f3n de estos trabajos en formato de revista por parte de AUGM colabora con la difusi\u00f3n del conocimiento generado por sus universidades miembro y ofrece una primera ventana de publicaci\u00f3n para estudiantes de grado y posgrado as\u00ed como para j\u00f3venes egresados y docentes universitarios.<\/p>\n","protected":false},"excerpt":{"rendered":"<p>Se encuentra disponible el sexto volumen de la Revista de las Jornadas de J\u00f3venes Investigadores de AUGM, correspondiente a trabajos presentados en la 32\u00aa edici\u00f3n de las Jornadas de J\u00f3venes Investigadores realizada en la Universidad Nacional de Tucum\u00e1n, Argentina, en el a\u00f1o 2025. La revista presenta anualmente doce vol\u00famenes y publica todos los trabajos presentados [&hellip;]<\/p>\n","protected":false},"author":9,"featured_media":22239,"comment_status":"closed","ping_status":"closed","sticky":false,"template":"","format":"standard","meta":{"footnotes":""},"categories":[29],"tags":[],"class_list":["post-22136","post","type-post","status-publish","format-standard","has-post-thumbnail","hentry","category-destacadas"],"wpmagazine_modules_lite_featured_media_urls":{"thumbnail":["https:\/\/grupomontevideo.org\/site\/wp-content\/uploads\/2026\/03\/revista-4Mesa-de-trabajo-1eje-cs-inter-portada-01-150x150.jpg",150,150,true],"cvmm-medium":["https:\/\/grupomontevideo.org\/site\/wp-content\/uploads\/2026\/03\/revista-4Mesa-de-trabajo-1eje-cs-inter-portada-01-300x300.jpg",300,300,true],"cvmm-medium-plus":["https:\/\/grupomontevideo.org\/site\/wp-content\/uploads\/2026\/03\/revista-4Mesa-de-trabajo-1eje-cs-inter-portada-01-305x207.jpg",305,207,true],"cvmm-portrait":["https:\/\/grupomontevideo.org\/site\/wp-content\/uploads\/2026\/03\/revista-4Mesa-de-trabajo-1eje-cs-inter-portada-01-400x600.jpg",400,600,true],"cvmm-medium-square":["https:\/\/grupomontevideo.org\/site\/wp-content\/uploads\/2026\/03\/revista-4Mesa-de-trabajo-1eje-cs-inter-portada-01-600x600.jpg",600,600,true],"cvmm-large":["https:\/\/grupomontevideo.org\/site\/wp-content\/uploads\/2026\/03\/revista-4Mesa-de-trabajo-1eje-cs-inter-portada-01-1024x1024.jpg",1024,1024,true],"cvmm-small":["https:\/\/grupomontevideo.org\/site\/wp-content\/uploads\/2026\/03\/revista-4Mesa-de-trabajo-1eje-cs-inter-portada-01-130x95.jpg",130,95,true],"full":["https:\/\/grupomontevideo.org\/site\/wp-content\/uploads\/2026\/03\/revista-4Mesa-de-trabajo-1eje-cs-inter-portada-01-scaled.jpg",2560,1600,false]},"categories_names":{"29":{"name":"Destacadas","link":"https:\/\/grupomontevideo.org\/site\/category\/destacadas\/"}},"tags_names":[],"comments_number":"0","_links":{"self":[{"href":"https:\/\/grupomontevideo.org\/site\/wp-json\/wp\/v2\/posts\/22136","targetHints":{"allow":["GET"]}}],"collection":[{"href":"https:\/\/grupomontevideo.org\/site\/wp-json\/wp\/v2\/posts"}],"about":[{"href":"https:\/\/grupomontevideo.org\/site\/wp-json\/wp\/v2\/types\/post"}],"author":[{"embeddable":true,"href":"https:\/\/grupomontevideo.org\/site\/wp-json\/wp\/v2\/users\/9"}],"replies":[{"embeddable":true,"href":"https:\/\/grupomontevideo.org\/site\/wp-json\/wp\/v2\/comments?post=22136"}],"version-history":[{"count":10,"href":"https:\/\/grupomontevideo.org\/site\/wp-json\/wp\/v2\/posts\/22136\/revisions"}],"predecessor-version":[{"id":22284,"href":"https:\/\/grupomontevideo.org\/site\/wp-json\/wp\/v2\/posts\/22136\/revisions\/22284"}],"wp:featuredmedia":[{"embeddable":true,"href":"https:\/\/grupomontevideo.org\/site\/wp-json\/wp\/v2\/media\/22239"}],"wp:attachment":[{"href":"https:\/\/grupomontevideo.org\/site\/wp-json\/wp\/v2\/media?parent=22136"}],"wp:term":[{"taxonomy":"category","embeddable":true,"href":"https:\/\/grupomontevideo.org\/site\/wp-json\/wp\/v2\/categories?post=22136"},{"taxonomy":"post_tag","embeddable":true,"href":"https:\/\/grupomontevideo.org\/site\/wp-json\/wp\/v2\/tags?post=22136"}],"curies":[{"name":"wp","href":"https:\/\/api.w.org\/{rel}","templated":true}]}}