{"id":22050,"date":"2026-01-30T14:03:54","date_gmt":"2026-01-30T17:03:54","guid":{"rendered":"https:\/\/grupomontevideo.org\/site\/?p=22050"},"modified":"2026-02-24T10:42:20","modified_gmt":"2026-02-24T13:42:20","slug":"presentacion-del-programa-de-cooperacion-cientifica-pepe-mujica","status":"publish","type":"post","link":"https:\/\/grupomontevideo.org\/site\/presentacion-del-programa-de-cooperacion-cientifica-pepe-mujica\/","title":{"rendered":"Presentaci\u00f3n del Programa de cooperaci\u00f3n cient\u00edfica \u00abPepe Mujica\u00bb"},"content":{"rendered":"<p>En el Sal\u00f3n de Actos del Instituto de Investigaciones Biol\u00f3gicas Clemente Estable (Montevideo, Uruguay) fue presentado el Programa de Cooperaci\u00f3n Latinoamericana y Caribe\u00f1a de Ciencia y Tecnolog\u00eda &#8211; Pepe Mujica. Participaron del lanzamiento\u00a0 la Ministra de Ciencia, Tecnolog\u00eda e Innovaci\u00f3n de Brasil, Luciana Santos, el presidente del Consejo Nacional de Desarrollo Cient\u00edfico y Tecnol\u00f3gico (CNPq), Olival Freire Junior, y los Rectores H\u00e9ctor Cancela de la Universidad de la Rep\u00fablica de Uruguay y D\u00e1cio Matheus de\u00a0 Universidade Federal do ABC (UFABC) de Brasil en representaci\u00f3n la Asociaci\u00f3n de Universidades del Grupo Montevideo (AUGM). La actividad tuvo adem\u00e1s la presencia en la mesa de exposiciones de Luc\u00eda Topolansky, exvicepresidenta de Uruguay y compa\u00f1era de vida de Mujica.<\/p>\n<p>El Programa \u00abPepe Mujica es una propuesta del CNPq junto a AUGM y tiene por objetivo principal apoyar proyectos de investigaci\u00f3n colaborativa que fortalezcan la cooperaci\u00f3n cient\u00edfica, tecnol\u00f3gica y de innovaci\u00f3n entre Brasil y los pa\u00edses de Am\u00e9rica Latina y el Caribe. <a href=\"https:\/\/grupomontevideo.org\/site\/wp-content\/uploads\/2026\/01\/Chamada-P\u00bfblica-MCTI_CNPq-N\u00bf-02_2026-PROSUL-Pepe-Mujica.pdf\">Acceder al llamado\/edital. <\/a>El programa surge a partir de encuentros fermentales entre rectores y rectoras de universidades de AUGM y representantes del gobierno brasilero que en 2023 comenzaron a explorar la posibilidad de generar herramientas de internacionalizaci\u00f3n de la investigaci\u00f3n y la formaci\u00f3n de posgrado. De esos encuentros particip\u00f3 el expresidente uruguayo Jos\u00e9 \u00abPepe\u00bb Mujica, de quien esta propuesta recoge sus propias inquietudes y miradas regionales, que son compartidas por el CNPq.<\/p>\n<p>Luego de la presentaci\u00f3n del Programa, D\u00e1cio Matheus, Rector de la Universidade Federal de ABC de Brasil, quien particip\u00f3 del evento en representaci\u00f3n de AUGM, se\u00f1al\u00f3 que este \u00ab<em>es un paso importante para las universidades de la regi\u00f3n porque efectivamente garantiza recursos financieros para que los grupos de investigaci\u00f3n, tanto de Brasil como de los pa\u00edses todos que componen Am\u00e9rica Latina, saquen sus proyectos del papel y pasen a efectivamente realizar investigaciones en nuestros laboratorios<\/em>\u00ab. Sobre las caracter\u00edsticas de la propuesta, destac\u00f3 que se \u00ab<em>orienta a ejes tem\u00e1ticos de inter\u00e9s com\u00fan de Am\u00e9rica Latina y sobre todo del Cono Sur. Eso es importante para que podamos tener pol\u00edticas p\u00fablicas alineadas y compartidas entre nuestros pa\u00edses, con base en evidencias cient\u00edficas y que podamos efectivamente transponer, m\u00e1s all\u00e1 de la cooperaci\u00f3n cient\u00edfica, una cooperaci\u00f3n para el desarrollo regional y para el desarrollo de nuestros pa\u00edses<\/em>\u00ab.<\/p>\n<p>La AUGM tambi\u00e9n estuvo representada en el acto protocolar por H\u00e9ctor Cancela, Rector de la Universidad de la Rep\u00fablica (Udelar) de Uruguay. Cancela destac\u00f3 que \u00ab<em>este llamado tiene el potencial para promover la puesta en com\u00fan del conocimiento que las distintas universidades vienen desarrollando y a partir de estas contribuciones lograr un desarrollo cient\u00edfico m\u00e1s potente y m\u00e1s r\u00e1pido<\/em>\u00ab. El rector de la Udelar resalt\u00f3 la posibilidad de acceder a una mayor \u00abmasa cr\u00edtica\u00bb para poner en com\u00fan los avances de los distintos grupos de investigaci\u00f3n , y destac\u00f3 la posibilidad de que a partir de este llamado se puedan \u00ab<em>fortalecer en ciertos pa\u00edses y ciertas universidades algunas \u00e1reas que hoy no est\u00e1n muy desarrolladas, y que en otros pa\u00edses en cambio si lo est\u00e1n. Tambi\u00e9n pueden dar acceso a experimentos, plataformas, espacios de trabajo, donde hay un ganar-ganar en el que en lugar de repetir estamos poniendo en com\u00fan lo que cada uno puede aportar<\/em>\u00ab.<\/p>\n<p>&nbsp;<\/p>\n<div style=\"position: relative; padding-bottom: 56.25%; height: 0; overflow: hidden; max-width: 100%;\"><iframe style=\"position: absolute; top: 0; left: 0; width: 100%; height: 100%;\" title=\"YouTube video player\" src=\"https:\/\/www.youtube.com\/embed\/ral5wGZuue4\" frameborder=\"0\" allowfullscreen=\"allowfullscreen\"><br \/>\n<\/iframe><\/div>\n<p><strong>Caracter\u00edsticas del Programa \u00abPepe\u00bb Mujica<\/strong><\/p>\n<p>La convocatoria prev\u00e9 la adjudicaci\u00f3n total de hasta 50 millones de reales provenientes del Fondo Nacional de Desarrollo Cient\u00edfico y Tecnol\u00f3gico (FCNDT) de Brasil a ejecutar en el per\u00edodo 2026-2030 que ser\u00e1n distribuidos equitativamente entre distribuidos equitativamente entre becas y costos de operaci\u00f3n. Las propuestas pueden optar por dos modalidades de financiaci\u00f3n: Redes Tem\u00e1ticas de Investigaci\u00f3n con hasta 1.500.000 reales por proyecto o Proyectos Colaborativos Bilaterales con hasta 400.000 reales por proyecto. <span class=\"gmail_default\">El llamado destinar\u00e1 una cuota del 10% del monto total (5 millones de reales) exclusivamente a proyectos que <\/span>involucren a universidades de AUGM, y un 30% a instituciones de las regiones Norte, Nordeste y Centro-Oeste de Brasil. Los ejes tem\u00e1ticos propuestos son:<\/p>\n<ul>\n<li>Ambiente y sustentabilidad: Cambio clim\u00e1tico, conservaci\u00f3n de la biodiversidad, gesti\u00f3n de recursos h\u00eddricos, energ\u00edas renovables y econom\u00eda circular;<\/li>\n<li>Alimentaci\u00f3n y agricultura: Seguridad alimentaria, agricultura sostenible, biotecnolog\u00eda agr\u00edcola, sistemas alimentarios resilientes y el combate al hambre;<\/li>\n<li>Energ\u00eda y miner\u00eda: Transici\u00f3n energ\u00e9tica, miner\u00eda sustentable, eficiencia energ\u00e9tica y desarrollo de tecnolog\u00edas limpias.<\/li>\n<li>Salud: Enfermedades tropicales desatendidas, medicina tropical, desarrollo de vacunas y medicamentos, sistemas de salud resilientes y medicina personalizada;<\/li>\n<li>Tecnolog\u00edas de la informaci\u00f3n: Inteligencia artificial, ciudades inteligentes, inclusi\u00f3n digital, ciberseguridad y transformaci\u00f3n digital;<\/li>\n<li>Ciencias humanas y sociales con \u00e9nfasis en estudios focalizados en la regi\u00f3n latinoamericana y caribe\u00f1a que aborden los procesos sociales, hist\u00f3ricos, educativos, culturales y pol\u00edticos que modelan la regi\u00f3n, con \u00e9nfasis en temas como desigualdades sociales, migraciones, din\u00e1micas ambientales y la producci\u00f3n de conocimiento.<\/li>\n<\/ul>\n<p>&nbsp;<\/p>\n<p>El llamado est\u00e1 abierto hasta el 30 de abril.<\/p>\n<div><\/div>\n<div>Acceder al llamado abierto: <a href=\"https:\/\/grupomontevideo.org\/site\/wp-content\/uploads\/2026\/01\/Chamada-P\u00bfblica-MCTI_CNPq-N\u00bf-02_2026-PROSUL-Pepe-Mujica.pdf\">Chamada P\u00fablica MCTI_CNPq 02_2026 PROSUL Pepe Mujica<\/a><\/div>\n<div><\/div>\n<div>\n<div id='gallery-1' class='gallery galleryid-22050 gallery-columns-4 gallery-size-thumbnail'><figure class='gallery-item'>\n\t\t\t<div class='gallery-icon landscape'>\n\t\t\t\t<a href='https:\/\/grupomontevideo.org\/site\/presentacion-del-programa-de-cooperacion-cientifica-pepe-mujica\/dsc04022\/'><img decoding=\"async\" width=\"150\" height=\"150\" src=\"https:\/\/grupomontevideo.org\/site\/wp-content\/uploads\/2026\/01\/DSC04022-150x150.jpg\" class=\"attachment-thumbnail size-thumbnail\" alt=\"Luc\u00eda Topolansky, H\u00e9ctor Cancela, Luciana Santos, Olival Freire Jr y Dacio Matheus en la presentaci\u00f3n del Programa Pepepe Mujica en el Instituto de Investigaciones Biol\u00f3gicas Clemente Estable\" srcset=\"https:\/\/grupomontevideo.org\/site\/wp-content\/uploads\/2026\/01\/DSC04022-150x150.jpg 150w, https:\/\/grupomontevideo.org\/site\/wp-content\/uploads\/2026\/01\/DSC04022-300x300.jpg 300w, https:\/\/grupomontevideo.org\/site\/wp-content\/uploads\/2026\/01\/DSC04022-600x600.jpg 600w, https:\/\/grupomontevideo.org\/site\/wp-content\/uploads\/2026\/01\/DSC04022-1024x1024.jpg 1024w\" sizes=\"(max-width: 150px) 100vw, 150px\" \/><\/a>\n\t\t\t<\/div><\/figure><figure class='gallery-item'>\n\t\t\t<div class='gallery-icon landscape'>\n\t\t\t\t<a href='https:\/\/grupomontevideo.org\/site\/presentacion-del-programa-de-cooperacion-cientifica-pepe-mujica\/dsc04171\/'><img decoding=\"async\" width=\"150\" height=\"150\" src=\"https:\/\/grupomontevideo.org\/site\/wp-content\/uploads\/2026\/01\/DSC04171-150x150.jpg\" class=\"attachment-thumbnail size-thumbnail\" alt=\"\" srcset=\"https:\/\/grupomontevideo.org\/site\/wp-content\/uploads\/2026\/01\/DSC04171-150x150.jpg 150w, https:\/\/grupomontevideo.org\/site\/wp-content\/uploads\/2026\/01\/DSC04171-300x300.jpg 300w, https:\/\/grupomontevideo.org\/site\/wp-content\/uploads\/2026\/01\/DSC04171-600x600.jpg 600w, https:\/\/grupomontevideo.org\/site\/wp-content\/uploads\/2026\/01\/DSC04171-1024x1024.jpg 1024w\" sizes=\"(max-width: 150px) 100vw, 150px\" \/><\/a>\n\t\t\t<\/div><\/figure><figure class='gallery-item'>\n\t\t\t<div class='gallery-icon landscape'>\n\t\t\t\t<a href='https:\/\/grupomontevideo.org\/site\/presentacion-del-programa-de-cooperacion-cientifica-pepe-mujica\/dsc04055\/'><img decoding=\"async\" width=\"150\" height=\"150\" src=\"https:\/\/grupomontevideo.org\/site\/wp-content\/uploads\/2026\/01\/DSC04055-150x150.jpg\" class=\"attachment-thumbnail size-thumbnail\" alt=\"\" srcset=\"https:\/\/grupomontevideo.org\/site\/wp-content\/uploads\/2026\/01\/DSC04055-150x150.jpg 150w, https:\/\/grupomontevideo.org\/site\/wp-content\/uploads\/2026\/01\/DSC04055-300x300.jpg 300w, https:\/\/grupomontevideo.org\/site\/wp-content\/uploads\/2026\/01\/DSC04055-600x600.jpg 600w, https:\/\/grupomontevideo.org\/site\/wp-content\/uploads\/2026\/01\/DSC04055-1024x1024.jpg 1024w\" sizes=\"(max-width: 150px) 100vw, 150px\" \/><\/a>\n\t\t\t<\/div><\/figure><figure class='gallery-item'>\n\t\t\t<div class='gallery-icon landscape'>\n\t\t\t\t<a href='https:\/\/grupomontevideo.org\/site\/presentacion-del-programa-de-cooperacion-cientifica-pepe-mujica\/dsc04223\/'><img loading=\"lazy\" decoding=\"async\" width=\"150\" height=\"150\" src=\"https:\/\/grupomontevideo.org\/site\/wp-content\/uploads\/2026\/01\/DSC04223-150x150.jpg\" class=\"attachment-thumbnail size-thumbnail\" alt=\"\" srcset=\"https:\/\/grupomontevideo.org\/site\/wp-content\/uploads\/2026\/01\/DSC04223-150x150.jpg 150w, https:\/\/grupomontevideo.org\/site\/wp-content\/uploads\/2026\/01\/DSC04223-300x300.jpg 300w, https:\/\/grupomontevideo.org\/site\/wp-content\/uploads\/2026\/01\/DSC04223-600x600.jpg 600w, https:\/\/grupomontevideo.org\/site\/wp-content\/uploads\/2026\/01\/DSC04223-1024x1024.jpg 1024w\" sizes=\"(max-width: 150px) 100vw, 150px\" \/><\/a>\n\t\t\t<\/div><\/figure>\n\t\t<\/div>\n\n<\/div>\n<div><\/div>\n","protected":false},"excerpt":{"rendered":"<p>En el Sal\u00f3n de Actos del Instituto de Investigaciones Biol\u00f3gicas Clemente Estable (Montevideo, Uruguay) fue presentado el Programa de Cooperaci\u00f3n Latinoamericana y Caribe\u00f1a de Ciencia y Tecnolog\u00eda &#8211; Pepe Mujica. Participaron del lanzamiento\u00a0 la Ministra de Ciencia, Tecnolog\u00eda e Innovaci\u00f3n de Brasil, Luciana Santos, el presidente del Consejo Nacional de Desarrollo Cient\u00edfico y Tecnol\u00f3gico (CNPq), [&hellip;]<\/p>\n","protected":false},"author":9,"featured_media":22052,"comment_status":"closed","ping_status":"closed","sticky":false,"template":"","format":"standard","meta":{"footnotes":""},"categories":[48],"tags":[],"class_list":["post-22050","post","type-post","status-publish","format-standard","has-post-thumbnail","hentry","category-archivo-de-noticias"],"wpmagazine_modules_lite_featured_media_urls":{"thumbnail":["https:\/\/grupomontevideo.org\/site\/wp-content\/uploads\/2026\/01\/DSC04022-150x150.jpg",150,150,true],"cvmm-medium":["https:\/\/grupomontevideo.org\/site\/wp-content\/uploads\/2026\/01\/DSC04022-300x300.jpg",300,300,true],"cvmm-medium-plus":["https:\/\/grupomontevideo.org\/site\/wp-content\/uploads\/2026\/01\/DSC04022-305x207.jpg",305,207,true],"cvmm-portrait":["https:\/\/grupomontevideo.org\/site\/wp-content\/uploads\/2026\/01\/DSC04022-400x600.jpg",400,600,true],"cvmm-medium-square":["https:\/\/grupomontevideo.org\/site\/wp-content\/uploads\/2026\/01\/DSC04022-600x600.jpg",600,600,true],"cvmm-large":["https:\/\/grupomontevideo.org\/site\/wp-content\/uploads\/2026\/01\/DSC04022-1024x1024.jpg",1024,1024,true],"cvmm-small":["https:\/\/grupomontevideo.org\/site\/wp-content\/uploads\/2026\/01\/DSC04022-130x95.jpg",130,95,true],"full":["https:\/\/grupomontevideo.org\/site\/wp-content\/uploads\/2026\/01\/DSC04022-scaled.jpg",2560,1440,false]},"categories_names":{"48":{"name":"Archivo de noticias","link":"https:\/\/grupomontevideo.org\/site\/category\/archivo-de-noticias\/"}},"tags_names":[],"comments_number":"0","_links":{"self":[{"href":"https:\/\/grupomontevideo.org\/site\/wp-json\/wp\/v2\/posts\/22050","targetHints":{"allow":["GET"]}}],"collection":[{"href":"https:\/\/grupomontevideo.org\/site\/wp-json\/wp\/v2\/posts"}],"about":[{"href":"https:\/\/grupomontevideo.org\/site\/wp-json\/wp\/v2\/types\/post"}],"author":[{"embeddable":true,"href":"https:\/\/grupomontevideo.org\/site\/wp-json\/wp\/v2\/users\/9"}],"replies":[{"embeddable":true,"href":"https:\/\/grupomontevideo.org\/site\/wp-json\/wp\/v2\/comments?post=22050"}],"version-history":[{"count":11,"href":"https:\/\/grupomontevideo.org\/site\/wp-json\/wp\/v2\/posts\/22050\/revisions"}],"predecessor-version":[{"id":22067,"href":"https:\/\/grupomontevideo.org\/site\/wp-json\/wp\/v2\/posts\/22050\/revisions\/22067"}],"wp:featuredmedia":[{"embeddable":true,"href":"https:\/\/grupomontevideo.org\/site\/wp-json\/wp\/v2\/media\/22052"}],"wp:attachment":[{"href":"https:\/\/grupomontevideo.org\/site\/wp-json\/wp\/v2\/media?parent=22050"}],"wp:term":[{"taxonomy":"category","embeddable":true,"href":"https:\/\/grupomontevideo.org\/site\/wp-json\/wp\/v2\/categories?post=22050"},{"taxonomy":"post_tag","embeddable":true,"href":"https:\/\/grupomontevideo.org\/site\/wp-json\/wp\/v2\/tags?post=22050"}],"curies":[{"name":"wp","href":"https:\/\/api.w.org\/{rel}","templated":true}]}}