{"id":21942,"date":"2025-12-08T12:23:59","date_gmt":"2025-12-08T15:23:59","guid":{"rendered":"https:\/\/grupomontevideo.org\/site\/?p=21942"},"modified":"2026-02-05T15:31:12","modified_gmt":"2026-02-05T18:31:12","slug":"internacionalizacion-de-las-acciones-sobre-patrimonio","status":"publish","type":"post","link":"https:\/\/grupomontevideo.org\/site\/internacionalizacion-de-las-acciones-sobre-patrimonio\/","title":{"rendered":"Internacionalizaci\u00f3n de las acciones sobre patrimonio"},"content":{"rendered":"<p>En el marco del II Seminario Apheleia que se realiz\u00f3 en la Universidad Federal de Mato Grosso do Sul (Brasil) los participantes del Observatorio de Patrimonio, Lugares, Humanidades y las Artes (OPLHAr) desarrollaron la reuni\u00f3n anual de este espacio de cooperaci\u00f3n acad\u00e9mica regional de AUGM. All\u00ed se trataron los asuntos estrat\u00e9gicos del OPLHAr, as\u00ed como las actividades a desarrollar durante el pr\u00f3ximo a\u00f1o, que combinan investigaci\u00f3n, formaci\u00f3n, intercambio y desarrollo de herramientas digitales, con \u00e9nfasis en la colaboraci\u00f3n entre universidades miembro y otros actores del campo cultural. Estas incluyen:<\/p>\n<ul>\n<li aria-level=\"1\">Mapeo de iniciativas y actores del patrimonio en Sudam\u00e9rica: Realizaci\u00f3n de un relevamiento regional de instituciones, investigadores, proyectos y organizaciones vinculadas al patrimonio, las humanidades y las artes. El resultado ser\u00e1 una base de datos preliminar con entre 50 y 100 contactos estrat\u00e9gicos, acompa\u00f1ada de un informe anal\u00edtico.<\/li>\n<li aria-level=\"1\">Ciclo de seminarios web \u201cDi\u00e1logos Sudamericanos sobre Patrimonio y Humanidades\u201d: Se desarrollar\u00e1n al menos tres seminarios virtuales abiertos al p\u00fablico, con especialistas de la regi\u00f3n y de las universidades de la AUGM.<\/li>\n<li aria-level=\"1\">Convocatoria regional de ensayos breves \u201cMiradas J\u00f3venes sobre el Patrimonio Sudamericano\u201d: El observatorio lanzar\u00e1 una convocatoria dirigida a estudiantes y j\u00f3venes investigadores para promover nuevas perspectivas sobre el patrimonio y las humanidades. Los trabajos seleccionados integrar\u00e1n una publicaci\u00f3n digital a difundirse en noviembre de 2025.<\/li>\n<li aria-level=\"1\">Creaci\u00f3n de un repositorio digital de recursos del OPLHAr: Se dise\u00f1ar\u00e1 un prototipo de repositorio en l\u00ednea que re\u00fana publicaciones, herramientas, bases de datos, legislaci\u00f3n y materiales de referencia vinculados a los temas de trabajo del observatorio.<\/li>\n<li aria-level=\"1\">Desarrollo de un glosario colaborativo b\u00e1sico en l\u00ednea: Reunir\u00e1 de 50 a 100 t\u00e9rminos clave sobre patrimonio, lugares, humanidades y artes, con enfoque sudamericano. Incluir\u00e1 definiciones accesibles y un mecanismo para sugerir incorporaciones y mejoras en futuras fases del proyecto.<\/li>\n<li aria-level=\"1\">Elaboraci\u00f3n de una gu\u00eda pr\u00e1ctica breve: Se publicar\u00e1 una gu\u00eda de orientaci\u00f3n metodol\u00f3gica \u2014en formato digital\u2014 sobre temas como mapeo cultural comunitario, digitalizaci\u00f3n b\u00e1sica o formulaci\u00f3n de proyectos en humanidades.<\/li>\n<\/ul>\n<p>Estas acciones constituyen un avance en la construcci\u00f3n de una plataforma regional de cooperaci\u00f3n, intercambio y producci\u00f3n de conocimiento, reafirmando su compromiso con el fortalecimiento del patrimonio y las humanidades en Am\u00e9rica del Sur.<\/p>\n<div id=\"sconnect-is-installed\" style=\"display: none;\">2.15.1.0<\/div>\n<div id=\"sconnect-is-installed\" style=\"display: none;\">2.15.1.0<\/div>\n","protected":false},"excerpt":{"rendered":"<p>En el marco del II Seminario Apheleia que se realiz\u00f3 en la Universidad Federal de Mato Grosso do Sul (Brasil) los participantes del Observatorio de Patrimonio, Lugares, Humanidades y las Artes (OPLHAr) desarrollaron la reuni\u00f3n anual de este espacio de cooperaci\u00f3n acad\u00e9mica regional de AUGM. All\u00ed se trataron los asuntos estrat\u00e9gicos del OPLHAr, as\u00ed como [&hellip;]<\/p>\n","protected":false},"author":9,"featured_media":21943,"comment_status":"closed","ping_status":"closed","sticky":false,"template":"","format":"standard","meta":{"footnotes":""},"categories":[48],"tags":[],"class_list":["post-21942","post","type-post","status-publish","format-standard","has-post-thumbnail","hentry","category-archivo-de-noticias"],"wpmagazine_modules_lite_featured_media_urls":{"thumbnail":["https:\/\/grupomontevideo.org\/site\/wp-content\/uploads\/2025\/12\/WhatsApp-Image-2025-11-29-at-08.42.41-150x150.jpeg",150,150,true],"cvmm-medium":["https:\/\/grupomontevideo.org\/site\/wp-content\/uploads\/2025\/12\/WhatsApp-Image-2025-11-29-at-08.42.41-300x300.jpeg",300,300,true],"cvmm-medium-plus":["https:\/\/grupomontevideo.org\/site\/wp-content\/uploads\/2025\/12\/WhatsApp-Image-2025-11-29-at-08.42.41-305x207.jpeg",305,207,true],"cvmm-portrait":["https:\/\/grupomontevideo.org\/site\/wp-content\/uploads\/2025\/12\/WhatsApp-Image-2025-11-29-at-08.42.41-400x576.jpeg",400,576,true],"cvmm-medium-square":["https:\/\/grupomontevideo.org\/site\/wp-content\/uploads\/2025\/12\/WhatsApp-Image-2025-11-29-at-08.42.41-600x576.jpeg",600,576,true],"cvmm-large":["https:\/\/grupomontevideo.org\/site\/wp-content\/uploads\/2025\/12\/WhatsApp-Image-2025-11-29-at-08.42.41-1024x576.jpeg",1024,576,true],"cvmm-small":["https:\/\/grupomontevideo.org\/site\/wp-content\/uploads\/2025\/12\/WhatsApp-Image-2025-11-29-at-08.42.41-130x95.jpeg",130,95,true],"full":["https:\/\/grupomontevideo.org\/site\/wp-content\/uploads\/2025\/12\/WhatsApp-Image-2025-11-29-at-08.42.41.jpeg",1280,576,false]},"categories_names":{"48":{"name":"Archivo de noticias","link":"https:\/\/grupomontevideo.org\/site\/category\/archivo-de-noticias\/"}},"tags_names":[],"comments_number":"0","_links":{"self":[{"href":"https:\/\/grupomontevideo.org\/site\/wp-json\/wp\/v2\/posts\/21942","targetHints":{"allow":["GET"]}}],"collection":[{"href":"https:\/\/grupomontevideo.org\/site\/wp-json\/wp\/v2\/posts"}],"about":[{"href":"https:\/\/grupomontevideo.org\/site\/wp-json\/wp\/v2\/types\/post"}],"author":[{"embeddable":true,"href":"https:\/\/grupomontevideo.org\/site\/wp-json\/wp\/v2\/users\/9"}],"replies":[{"embeddable":true,"href":"https:\/\/grupomontevideo.org\/site\/wp-json\/wp\/v2\/comments?post=21942"}],"version-history":[{"count":2,"href":"https:\/\/grupomontevideo.org\/site\/wp-json\/wp\/v2\/posts\/21942\/revisions"}],"predecessor-version":[{"id":21946,"href":"https:\/\/grupomontevideo.org\/site\/wp-json\/wp\/v2\/posts\/21942\/revisions\/21946"}],"wp:featuredmedia":[{"embeddable":true,"href":"https:\/\/grupomontevideo.org\/site\/wp-json\/wp\/v2\/media\/21943"}],"wp:attachment":[{"href":"https:\/\/grupomontevideo.org\/site\/wp-json\/wp\/v2\/media?parent=21942"}],"wp:term":[{"taxonomy":"category","embeddable":true,"href":"https:\/\/grupomontevideo.org\/site\/wp-json\/wp\/v2\/categories?post=21942"},{"taxonomy":"post_tag","embeddable":true,"href":"https:\/\/grupomontevideo.org\/site\/wp-json\/wp\/v2\/tags?post=21942"}],"curies":[{"name":"wp","href":"https:\/\/api.w.org\/{rel}","templated":true}]}}