{"id":21703,"date":"2025-11-11T16:03:20","date_gmt":"2025-11-11T19:03:20","guid":{"rendered":"https:\/\/grupomontevideo.org\/site\/?p=21703"},"modified":"2025-11-20T13:01:17","modified_gmt":"2025-11-20T16:01:17","slug":"augm-renuevan-convenio-de-cooperacion-regional-con-el-mercosur","status":"publish","type":"post","link":"https:\/\/grupomontevideo.org\/site\/augm-renuevan-convenio-de-cooperacion-regional-con-el-mercosur\/","title":{"rendered":"AUGM renuevan convenio de cooperaci\u00f3n regional con el Mercosur"},"content":{"rendered":"<p>El Secretario Ejecutivo de Asociaci\u00f3n de Universidades Grupo Montevideo (AUGM), Dr. \u00c1lvaro Rico y el director de la Secretar\u00eda del MERCOSUR, Jimmy Voss Donamar\u00ed, firmaron la renovaci\u00f3n del convenio de cooperaci\u00f3n institucional y acad\u00e9mica que une a ambas instituciones. El acto protocolar de las firmas tuvo lugar el lunes 10 de noviembre, en la sede de la Secretar\u00eda del Mercosur (Montevideo, Uruguay). Las instituciones se comprometen a desarrollar conjuntamente al:<\/p>\n<ul>\n<li>\u00a0Suministro e intercambio de publicaciones, estudios t\u00e9cnicos y dem\u00e1s informaci\u00f3n de que dispongan con miras a la elaboraci\u00f3n de estudios conjuntos.<\/li>\n<li>La realizaci\u00f3n de seminarios, talleres, conferencias, publicaciones, programas de formaci\u00f3n y actividades de capacitaci\u00f3n.<\/li>\n<li>La continuidad del programa de pasant\u00edas de estudiantes de grado y postgrado.<\/li>\n<\/ul>\n<p><a href=\"https:\/\/www.mercosur.int\/\">M\u00e1s informaci\u00f3n en el sitio web del MERCOSUR<\/a><\/p>\n<div id=\"sconnect-is-installed\" style=\"display: none;\">2.15.1.0<\/div>\n","protected":false},"excerpt":{"rendered":"<p>El Secretario Ejecutivo de Asociaci\u00f3n de Universidades Grupo Montevideo (AUGM), Dr. \u00c1lvaro Rico y el director de la Secretar\u00eda del MERCOSUR, Jimmy Voss Donamar\u00ed, firmaron la renovaci\u00f3n del convenio de cooperaci\u00f3n institucional y acad\u00e9mica que une a ambas instituciones. El acto protocolar de las firmas tuvo lugar el lunes 10 de noviembre, en la sede [&hellip;]<\/p>\n","protected":false},"author":9,"featured_media":21704,"comment_status":"closed","ping_status":"closed","sticky":false,"template":"","format":"standard","meta":{"footnotes":""},"categories":[48],"tags":[],"class_list":["post-21703","post","type-post","status-publish","format-standard","has-post-thumbnail","hentry","category-archivo-de-noticias"],"wpmagazine_modules_lite_featured_media_urls":{"thumbnail":["https:\/\/grupomontevideo.org\/site\/wp-content\/uploads\/2025\/11\/1011_Firma-Convenio-AUGM-6-scaled-1-150x150.jpg",150,150,true],"cvmm-medium":["https:\/\/grupomontevideo.org\/site\/wp-content\/uploads\/2025\/11\/1011_Firma-Convenio-AUGM-6-scaled-1-300x300.jpg",300,300,true],"cvmm-medium-plus":["https:\/\/grupomontevideo.org\/site\/wp-content\/uploads\/2025\/11\/1011_Firma-Convenio-AUGM-6-scaled-1-305x207.jpg",305,207,true],"cvmm-portrait":["https:\/\/grupomontevideo.org\/site\/wp-content\/uploads\/2025\/11\/1011_Firma-Convenio-AUGM-6-scaled-1-400x600.jpg",400,600,true],"cvmm-medium-square":["https:\/\/grupomontevideo.org\/site\/wp-content\/uploads\/2025\/11\/1011_Firma-Convenio-AUGM-6-scaled-1-600x600.jpg",600,600,true],"cvmm-large":["https:\/\/grupomontevideo.org\/site\/wp-content\/uploads\/2025\/11\/1011_Firma-Convenio-AUGM-6-scaled-1-1024x1024.jpg",1024,1024,true],"cvmm-small":["https:\/\/grupomontevideo.org\/site\/wp-content\/uploads\/2025\/11\/1011_Firma-Convenio-AUGM-6-scaled-1-130x95.jpg",130,95,true],"full":["https:\/\/grupomontevideo.org\/site\/wp-content\/uploads\/2025\/11\/1011_Firma-Convenio-AUGM-6-scaled-1.jpg",2560,1707,false]},"categories_names":{"48":{"name":"Archivo de noticias","link":"https:\/\/grupomontevideo.org\/site\/category\/archivo-de-noticias\/"}},"tags_names":[],"comments_number":"0","_links":{"self":[{"href":"https:\/\/grupomontevideo.org\/site\/wp-json\/wp\/v2\/posts\/21703","targetHints":{"allow":["GET"]}}],"collection":[{"href":"https:\/\/grupomontevideo.org\/site\/wp-json\/wp\/v2\/posts"}],"about":[{"href":"https:\/\/grupomontevideo.org\/site\/wp-json\/wp\/v2\/types\/post"}],"author":[{"embeddable":true,"href":"https:\/\/grupomontevideo.org\/site\/wp-json\/wp\/v2\/users\/9"}],"replies":[{"embeddable":true,"href":"https:\/\/grupomontevideo.org\/site\/wp-json\/wp\/v2\/comments?post=21703"}],"version-history":[{"count":1,"href":"https:\/\/grupomontevideo.org\/site\/wp-json\/wp\/v2\/posts\/21703\/revisions"}],"predecessor-version":[{"id":21705,"href":"https:\/\/grupomontevideo.org\/site\/wp-json\/wp\/v2\/posts\/21703\/revisions\/21705"}],"wp:featuredmedia":[{"embeddable":true,"href":"https:\/\/grupomontevideo.org\/site\/wp-json\/wp\/v2\/media\/21704"}],"wp:attachment":[{"href":"https:\/\/grupomontevideo.org\/site\/wp-json\/wp\/v2\/media?parent=21703"}],"wp:term":[{"taxonomy":"category","embeddable":true,"href":"https:\/\/grupomontevideo.org\/site\/wp-json\/wp\/v2\/categories?post=21703"},{"taxonomy":"post_tag","embeddable":true,"href":"https:\/\/grupomontevideo.org\/site\/wp-json\/wp\/v2\/tags?post=21703"}],"curies":[{"name":"wp","href":"https:\/\/api.w.org\/{rel}","templated":true}]}}