{"id":21562,"date":"2025-10-13T11:50:50","date_gmt":"2025-10-13T14:50:50","guid":{"rendered":"https:\/\/grupomontevideo.org\/site\/?p=21562"},"modified":"2025-11-11T13:02:03","modified_gmt":"2025-11-11T16:02:03","slug":"esta-abierta-la-convocatoria-para-realizar-estancias-academicas-durante-2026-en-los-programas-escala","status":"publish","type":"post","link":"https:\/\/grupomontevideo.org\/site\/esta-abierta-la-convocatoria-para-realizar-estancias-academicas-durante-2026-en-los-programas-escala\/","title":{"rendered":"Est\u00e1 abierta la convocatoria para realizar estancias acad\u00e9micas durante 2026 en los programas ESCALA"},"content":{"rendered":"\r\n<p>Se encuentra abierta la primer convocatoria 2026 abierta a estudiantes de grado, posgrado, docentes y gestores para que realicen una experiencia de intercambio en el marco de los programas de movilidad ESCALA de la Asociaci\u00f3n de Universidades Grupo Montevideo (AUGM).\u00a0<\/p>\r\n\r\n\r\n\r\n<p>Los programas <a href=\"https:\/\/grupomontevideo.org\/escaladocente\/\">ESCALA Docente<\/a>, <a href=\"https:\/\/grupomontevideo.org\/escalagrado\/\">ESCALA Estudiantes de Grado<\/a>, <a href=\"https:\/\/grupomontevideo.org\/escalaposgrado\/\">ESCALA Estudiantes de Posgrado<\/a> y <a href=\"https:\/\/grupomontevideo.org\/escalagestores\/\">ESCALA Gestores y Administradores<\/a>, apuntan a fortalecer la cooperaci\u00f3n e integraci\u00f3n regional de las 51 Universidades Miembro por medio de la movilidad y el intercambio, como forma de contribuir al espacio acad\u00e9mico com\u00fan ampliado, objetivo m\u00e1ximo de AUGM. Los ESCALA promueven la formaci\u00f3n de docentes, estudiantes y gestores, y promover acciones y funciones universitarias de ense\u00f1anza, investigaci\u00f3n, extensi\u00f3n y gesti\u00f3n universitaria.<\/p>\r\n\r\n\r\n\r\n\r\n\r\n<p>En el marco de AUGM, cada universidad miembro pone a disposici\u00f3n de las dem\u00e1s sus mejores docentes, cient\u00edficos y acad\u00e9micos, al igual que sus recursos materiales, para aprovechar de forma solidaria las ventajas de cada instituci\u00f3n. En este sentido los programas ESCALA representan una de las propuestas m\u00e1s importantes de la red para el logro de su objetivo de impulsar la integraci\u00f3n regional.<\/p>\r\n\r\n\r\n\r\n\r\n\r\n<p>Para postular, las\/os interesadas\/os deben consultar las plazas disponibles para su universidad y tener presente las condiciones y requisitos que establecen tanto la universidad de origen como la de destino. Las consultas deben realizarse directamente en la oficina responsable de la gesti\u00f3n del Programa en la universidad.\u00a0<\/p>\r\n\r\n\r\n\r\n\r\n\r\n<div class=\"wp-block-buttons is-layout-flex wp-block-buttons-is-layout-flex\">\r\n<div class=\"wp-block-button has-custom-width wp-block-button__width-100\"><a class=\"wp-block-button__link has-vivid-cyan-blue-background-color has-background wp-element-button\" style=\"border-radius: 0px;\" href=\"https:\/\/grupomontevideo.org\/escaladocente\/\">Visitar el sitio web ESCALA Docentes<\/a><\/div>\r\n\r\n\r\n\r\n<div class=\"wp-block-button has-custom-width wp-block-button__width-100\"><a class=\"wp-block-button__link has-luminous-vivid-amber-background-color has-background wp-element-button\" style=\"border-radius: 0px;\" href=\"https:\/\/grupomontevideo.org\/escalagrado\/\">Visitar el sitio web Escala Estudiantes de Grado <\/a><\/div>\r\n\r\n\r\n\r\n<div class=\"wp-block-button has-custom-width wp-block-button__width-100\"><a class=\"wp-block-button__link has-vivid-red-background-color has-background wp-element-button\" style=\"border-radius: 0px;\" href=\"https:\/\/grupomontevideo.org\/escalaposgrado\/\">Visitar el sitio web Escala Estudiantes de Posgrado <\/a><\/div>\r\n\r\n\r\n\r\n<div class=\"wp-block-button has-custom-width wp-block-button__width-100\"><a href=\"https:\/\/grupomontevideo.org\/escalagestores\/\">Visitar el sitio web Escala Gestores y Administradores<\/a><\/div>\r\n<\/div>\r\n\r\n<div id=\"sconnect-is-installed\" style=\"display: none;\">2.15.1.0<\/div>","protected":false},"excerpt":{"rendered":"<p>Estudiantes de grado, posgrado, docentes y gestores. <\/p>\n","protected":false},"author":9,"featured_media":20127,"comment_status":"closed","ping_status":"closed","sticky":false,"template":"","format":"standard","meta":{"footnotes":""},"categories":[48],"tags":[],"class_list":["post-21562","post","type-post","status-publish","format-standard","has-post-thumbnail","hentry","category-archivo-de-noticias"],"wpmagazine_modules_lite_featured_media_urls":{"thumbnail":["https:\/\/grupomontevideo.org\/site\/wp-content\/uploads\/2024\/10\/pexels-alex360-13570626-1-150x150.jpg",150,150,true],"cvmm-medium":["https:\/\/grupomontevideo.org\/site\/wp-content\/uploads\/2024\/10\/pexels-alex360-13570626-1-300x300.jpg",300,300,true],"cvmm-medium-plus":["https:\/\/grupomontevideo.org\/site\/wp-content\/uploads\/2024\/10\/pexels-alex360-13570626-1-305x207.jpg",305,207,true],"cvmm-portrait":["https:\/\/grupomontevideo.org\/site\/wp-content\/uploads\/2024\/10\/pexels-alex360-13570626-1-400x600.jpg",400,600,true],"cvmm-medium-square":["https:\/\/grupomontevideo.org\/site\/wp-content\/uploads\/2024\/10\/pexels-alex360-13570626-1-600x600.jpg",600,600,true],"cvmm-large":["https:\/\/grupomontevideo.org\/site\/wp-content\/uploads\/2024\/10\/pexels-alex360-13570626-1-1024x1024.jpg",1024,1024,true],"cvmm-small":["https:\/\/grupomontevideo.org\/site\/wp-content\/uploads\/2024\/10\/pexels-alex360-13570626-1-130x95.jpg",130,95,true],"full":["https:\/\/grupomontevideo.org\/site\/wp-content\/uploads\/2024\/10\/pexels-alex360-13570626-1-scaled.jpg",2560,1709,false]},"categories_names":{"48":{"name":"Archivo de noticias","link":"https:\/\/grupomontevideo.org\/site\/category\/archivo-de-noticias\/"}},"tags_names":[],"comments_number":"0","_links":{"self":[{"href":"https:\/\/grupomontevideo.org\/site\/wp-json\/wp\/v2\/posts\/21562","targetHints":{"allow":["GET"]}}],"collection":[{"href":"https:\/\/grupomontevideo.org\/site\/wp-json\/wp\/v2\/posts"}],"about":[{"href":"https:\/\/grupomontevideo.org\/site\/wp-json\/wp\/v2\/types\/post"}],"author":[{"embeddable":true,"href":"https:\/\/grupomontevideo.org\/site\/wp-json\/wp\/v2\/users\/9"}],"replies":[{"embeddable":true,"href":"https:\/\/grupomontevideo.org\/site\/wp-json\/wp\/v2\/comments?post=21562"}],"version-history":[{"count":1,"href":"https:\/\/grupomontevideo.org\/site\/wp-json\/wp\/v2\/posts\/21562\/revisions"}],"predecessor-version":[{"id":21563,"href":"https:\/\/grupomontevideo.org\/site\/wp-json\/wp\/v2\/posts\/21562\/revisions\/21563"}],"wp:featuredmedia":[{"embeddable":true,"href":"https:\/\/grupomontevideo.org\/site\/wp-json\/wp\/v2\/media\/20127"}],"wp:attachment":[{"href":"https:\/\/grupomontevideo.org\/site\/wp-json\/wp\/v2\/media?parent=21562"}],"wp:term":[{"taxonomy":"category","embeddable":true,"href":"https:\/\/grupomontevideo.org\/site\/wp-json\/wp\/v2\/categories?post=21562"},{"taxonomy":"post_tag","embeddable":true,"href":"https:\/\/grupomontevideo.org\/site\/wp-json\/wp\/v2\/tags?post=21562"}],"curies":[{"name":"wp","href":"https:\/\/api.w.org\/{rel}","templated":true}]}}