{"id":21548,"date":"2025-10-10T12:26:57","date_gmt":"2025-10-10T15:26:57","guid":{"rendered":"https:\/\/grupomontevideo.org\/site\/?p=21548"},"modified":"2025-12-08T12:11:40","modified_gmt":"2025-12-08T15:11:40","slug":"el-segundo-congreso-latinoamericano-de-medios-universitarios-de-la-augm-se-realizara-en-belo-horizonte","status":"publish","type":"post","link":"https:\/\/grupomontevideo.org\/site\/el-segundo-congreso-latinoamericano-de-medios-universitarios-de-la-augm-se-realizara-en-belo-horizonte\/","title":{"rendered":"El Segundo Congreso Latinoamericano de Medios Universitarios de la AUGM se realizar\u00e1 en Belo Horizonte"},"content":{"rendered":"<p data-start=\"304\" data-end=\"611\">Del 24 al 28 de noviembre de 2025, la Universidade Federal de Minas Gerais (UFMG) ser\u00e1 sede del 2\u00ba Congreso Latinoamericano de Medios Universitarios, promovido por la Comisi\u00f3n Permanente de Medios y Comunicaci\u00f3n Universitaria de la Asociaci\u00f3n de Universidades Grupo Montevideo (AUGM) con el tema central \u201cRedes para la internacionalizaci\u00f3n de la comunicaci\u00f3n universitaria\u201d. <a href=\"https:\/\/www.ufmg.br\/augm2025\/comunicacao\/\">Visitar el sitio web del evento.<\/a><\/p>\n<p data-start=\"613\" data-end=\"885\">El encuentro, que se realiza paralelamente al VIII Congreso de Extensi\u00f3n Universitaria, reunir\u00e1 a instituciones p\u00fablicas de educaci\u00f3n superior en latinoam\u00e9rica para debatir sobre la comunicaci\u00f3n universitaria en el contexto de la cooperaci\u00f3n internacional, fortaleciendo el intercambio entre redes y medios universitarios de la regi\u00f3n.<\/p>\n<h3 data-start=\"887\" data-end=\"941\"><strong>Comunicaci\u00f3n, democracia y transformaci\u00f3n social<\/strong><\/h3>\n<p data-start=\"943\" data-end=\"1206\">La programaci\u00f3n del Congreso busca profundizar el debate sobre el papel de la comunicaci\u00f3n universitaria en la construcci\u00f3n de pol\u00edticas p\u00fablicas, con \u00e9nfasis en la transformaci\u00f3n social, la democracia, los derechos humanos y el desarrollo sostenible. Las inscripciones al congreso est\u00e1n abiertas: <a href=\"https:\/\/docs.google.com\/forms\/d\/e\/1FAIpQLSeIwSMcRx5JkpYoNLIdK-H1e_t_SfyjypZGl-E8Lvkcs-626Q\/viewform\">ver formulario de inscripci\u00f3n.<\/a> Por consultas dirigirse a <a href=\"mailto:augmufmg@gmail.com\">augmufmg@gmail.com<\/a><\/p>\n<div class=\"programa-augm\" style=\"font-family: Arial, Helvetica, sans-serif; color: #333; line-height: 1.6;\">\n<h2 style=\"color: #b32626; border-bottom: 2px solid #f1c1c1; padding-bottom: 6px; margin-bottom: 20px;\">Cronograma<\/h2>\n<p><!-- Mi\u00e9rcoles --><\/p>\n<div style=\"background: #fff; border-radius: 12px; padding: 20px; box-shadow: 0 2px 6px rgba(0,0,0,0.1); margin-bottom: 20px;\">\n<h3 style=\"color: #b32626; border-bottom: 2px solid #f1c1c1; padding-bottom: 5px; margin-top: 0;\">Mi\u00e9rcoles 26 de noviembre<\/h3>\n<ul style=\"list-style: none; padding-left: 0; margin-top: 10px;\">\n<li>08:30 \u2013 Acreditaciones<\/li>\n<li>09:30 \u2013 Apertura. La ceremonia contar\u00e1 con la presencia de la Ministra de Derechos Humanos y de Ciudadan\u00eda, Maca\u00e9 Evaristo, y de la Rectora de la Universidade Federal de Minas Gerais, Profa. Sandra Goulart<\/li>\n<li>10:00 \u2013 Conferencia:<\/li>\n<li>11:30 \u2013 Almuerzo<\/li>\n<li>12:00 \u2013 Actividad cultural<\/li>\n<li>14:00 \u2013 Mesa: <em>Extensi\u00f3n m\u00e1s all\u00e1 de las fronteras: conectando movimientos sociales<\/em><\/li>\n<li>16:30 \u2013 Mesa: <em>Di\u00e1logos acad\u00e9micos y comunitarios<\/em><\/li>\n<li>16:30 \u2013 Seminario Internacional de Comunicaci\u00f3n Organizacional<\/li>\n<li>19:00 \u2013 Cena<\/li>\n<\/ul>\n<\/div>\n<p><!-- Jueves --><\/p>\n<div style=\"background: #fff; border-radius: 12px; padding: 20px; box-shadow: 0 2px 6px rgba(0,0,0,0.1); margin-bottom: 20px;\">\n<h3 style=\"color: #b32626; border-bottom: 2px solid #f1c1c1; padding-bottom: 5px; margin-top: 0;\">Jueves 27 de noviembre<\/h3>\n<ul style=\"list-style: none; padding-left: 0; margin-top: 10px;\">\n<li>09:00 \u2013 Asamblea AUGM<\/li>\n<li>12:00 \u2013 Almuerzo<\/li>\n<li>14:00 \u2013 Mesa: <em>Divulgaci\u00f3n cient\u00edfica y extensi\u00f3n: compartiendo saberes<\/em><\/li>\n<li>16:30 \u2013 Mesa: <em>Pol\u00edticas de discapacidad y accesibilidad en las universidades latinoamericanas<\/em><\/li>\n<li>19:00 \u2013 Seminario: <em>Inteligencia Artificial, \u00c9tica y Universidad<\/em><\/li>\n<\/ul>\n<\/div>\n<p><!-- Viernes --><\/p>\n<div style=\"background: #fff; border-radius: 12px; padding: 20px; box-shadow: 0 2px 6px rgba(0,0,0,0.1);\">\n<h3 style=\"color: #b32626; border-bottom: 2px solid #f1c1c1; padding-bottom: 5px; margin-top: 0;\">Viernes 28 de noviembre<\/h3>\n<ul style=\"list-style: none; padding-left: 0; margin-top: 10px;\">\n<li style=\"list-style-type: none;\">\n<ul style=\"list-style: none; padding-left: 0; margin-top: 10px;\">\n<li>09:00 \u2013 Conferencia de clausura<\/li>\n<li>11:00 \u2013 Mesa de cierre<\/li>\n<li>11:30 \u2013 Actividad cultural<\/li>\n<li><\/li>\n<\/ul>\n<\/li>\n<\/ul>\n<\/div>\n<\/div>\n<div id=\"sconnect-is-installed\" style=\"display: none;\">2.15.1.0<\/div>\n<div id=\"sconnect-is-installed\" style=\"display: none;\">2.15.1.0<\/div>\n<div id=\"sconnect-is-installed\" style=\"display: none;\">2.15.1.0<\/div>\n<div id=\"sconnect-is-installed\" style=\"display: none;\">2.15.1.0<\/div>\n<div id=\"sconnect-is-installed\" style=\"display: none;\">2.15.1.0<\/div>\n","protected":false},"excerpt":{"rendered":"<p>Del 24 al 28 de noviembre de 2025, la Universidade Federal de Minas Gerais (UFMG) ser\u00e1 sede del 2\u00ba Congreso Latinoamericano de Medios Universitarios, promovido por la Comisi\u00f3n Permanente de Medios y Comunicaci\u00f3n Universitaria de la Asociaci\u00f3n de Universidades Grupo Montevideo (AUGM) con el tema central \u201cRedes para la internacionalizaci\u00f3n de la comunicaci\u00f3n universitaria\u201d. Visitar [&hellip;]<\/p>\n","protected":false},"author":9,"featured_media":21559,"comment_status":"closed","ping_status":"closed","sticky":false,"template":"","format":"standard","meta":{"footnotes":""},"categories":[48],"tags":[],"class_list":["post-21548","post","type-post","status-publish","format-standard","has-post-thumbnail","hentry","category-archivo-de-noticias"],"wpmagazine_modules_lite_featured_media_urls":{"thumbnail":["https:\/\/grupomontevideo.org\/site\/wp-content\/uploads\/2025\/10\/Diseno-sin-titulo3-150x150.png",150,150,true],"cvmm-medium":["https:\/\/grupomontevideo.org\/site\/wp-content\/uploads\/2025\/10\/Diseno-sin-titulo3-300x300.png",300,300,true],"cvmm-medium-plus":["https:\/\/grupomontevideo.org\/site\/wp-content\/uploads\/2025\/10\/Diseno-sin-titulo3-305x207.png",305,207,true],"cvmm-portrait":["https:\/\/grupomontevideo.org\/site\/wp-content\/uploads\/2025\/10\/Diseno-sin-titulo3-400x400.png",400,400,true],"cvmm-medium-square":["https:\/\/grupomontevideo.org\/site\/wp-content\/uploads\/2025\/10\/Diseno-sin-titulo3-600x400.png",600,400,true],"cvmm-large":["https:\/\/grupomontevideo.org\/site\/wp-content\/uploads\/2025\/10\/Diseno-sin-titulo3.png",800,400,false],"cvmm-small":["https:\/\/grupomontevideo.org\/site\/wp-content\/uploads\/2025\/10\/Diseno-sin-titulo3-130x95.png",130,95,true],"full":["https:\/\/grupomontevideo.org\/site\/wp-content\/uploads\/2025\/10\/Diseno-sin-titulo3.png",800,400,false]},"categories_names":{"48":{"name":"Archivo de noticias","link":"https:\/\/grupomontevideo.org\/site\/category\/archivo-de-noticias\/"}},"tags_names":[],"comments_number":"0","_links":{"self":[{"href":"https:\/\/grupomontevideo.org\/site\/wp-json\/wp\/v2\/posts\/21548","targetHints":{"allow":["GET"]}}],"collection":[{"href":"https:\/\/grupomontevideo.org\/site\/wp-json\/wp\/v2\/posts"}],"about":[{"href":"https:\/\/grupomontevideo.org\/site\/wp-json\/wp\/v2\/types\/post"}],"author":[{"embeddable":true,"href":"https:\/\/grupomontevideo.org\/site\/wp-json\/wp\/v2\/users\/9"}],"replies":[{"embeddable":true,"href":"https:\/\/grupomontevideo.org\/site\/wp-json\/wp\/v2\/comments?post=21548"}],"version-history":[{"count":5,"href":"https:\/\/grupomontevideo.org\/site\/wp-json\/wp\/v2\/posts\/21548\/revisions"}],"predecessor-version":[{"id":21933,"href":"https:\/\/grupomontevideo.org\/site\/wp-json\/wp\/v2\/posts\/21548\/revisions\/21933"}],"wp:featuredmedia":[{"embeddable":true,"href":"https:\/\/grupomontevideo.org\/site\/wp-json\/wp\/v2\/media\/21559"}],"wp:attachment":[{"href":"https:\/\/grupomontevideo.org\/site\/wp-json\/wp\/v2\/media?parent=21548"}],"wp:term":[{"taxonomy":"category","embeddable":true,"href":"https:\/\/grupomontevideo.org\/site\/wp-json\/wp\/v2\/categories?post=21548"},{"taxonomy":"post_tag","embeddable":true,"href":"https:\/\/grupomontevideo.org\/site\/wp-json\/wp\/v2\/tags?post=21548"}],"curies":[{"name":"wp","href":"https:\/\/api.w.org\/{rel}","templated":true}]}}