{"id":21286,"date":"2025-08-12T14:21:43","date_gmt":"2025-08-12T17:21:43","guid":{"rendered":"https:\/\/grupomontevideo.org\/site\/?p=21286"},"modified":"2025-08-12T14:21:43","modified_gmt":"2025-08-12T17:21:43","slug":"13-edicion-del-premio-nuevas-miradas-en-la-television-de-la-universidad-nacional-de-quilmes","status":"publish","type":"post","link":"https:\/\/grupomontevideo.org\/site\/13-edicion-del-premio-nuevas-miradas-en-la-television-de-la-universidad-nacional-de-quilmes\/","title":{"rendered":"13\u00b0 edici\u00f3n del Premio Nuevas Miradas en la Televisi\u00f3n de la Universidad Nacional de Quilmes"},"content":{"rendered":"<p>La Universidad Nacional de Quilmes (UNQ) de Argentina, invita a las comunidades acad\u00e9micas de las instituciones que integran la Asociaci\u00f3n de Universidades Grupo Montevideo (AUGM) a participar de la 13\u00b0 edici\u00f3n del Premio Nuevas Miradas en la Televisi\u00f3n de la Universidad Nacional de Quilmes (UNQ).<\/p>\n<p>El premio busca reconocer a las televisoras universitarias de latinoam\u00e9rica en la producci\u00f3n de contenidos, difusi\u00f3n del conocimiento y en su capacidad para construir una identidad de la regi\u00f3n, que es m\u00faltiple y diversa. Al producir contenidos desde los propios territorios, estas televisoras aportan agendas informativas singulares, est\u00e9ticas novedosas, y saberes propios que construyen otras im\u00e1genes de sus pueblos, otras intervenciones sociales, otros mundos sensibles por fuera de las miradas hegem\u00f3nicas.<\/p>\n<p>La convocatoria est\u00e1 dirigida a todas las televisoras universitarias de Am\u00e9rica Latina, con los contenidos que hayan sido producidos a partir de enero de 2024 y transmitidos entre julio de 2024 y julio de 2025.<\/p>\n<p>Las postulaciones estar\u00e1n abiertas desde el 11 de agosto al 15 de septiembre de 2025. Para participar, las universidades deber\u00e1n inscribirse y postular sus contenidos a trav\u00e9s del siguiente formulario: <a href=\"https:\/\/forms.gle\/wjFraKj2gYsaNiv5A\">click aqu\u00ed<\/a>.<\/p>\n<p>La premiaci\u00f3n ser\u00e1 en en el marco de la ceremonia de los Premios TAL (Televisi\u00f3n Am\u00e9rica Latina). Esta integraci\u00f3n responde a la mirada que la UNQ y TAL tienen sobre el reconocimiento de las universidades y sus actores sociales como agentes necesarios para una integraci\u00f3n cultural latinoamericana, plural, diversa y democr\u00e1tica, a trav\u00e9s de la producci\u00f3n audiovisual.<\/p>\n<p>Ver bases y condiciones en espa\u00f1ol: <a href=\"https:\/\/www.unq.edu.ar\/wp-content\/uploads\/2025\/08\/premios-bases-espanol.pdf\">click aqu\u00ed<\/a>.<\/p>\n<p>Veja os termos e condi\u00e7\u00f5es em portugu\u00eas: <a href=\"https:\/\/www.unq.edu.ar\/wp-content\/uploads\/2025\/08\/premio-bases.pdf\">click aqu\u00ed<\/a>.<\/p>\n<div class=\"wp-block-file\">M\u00e1s informaci\u00f3n en el sitio web Nuevas Miradas en la Televisi\u00f3n: <a href=\"http:\/\/nuevasmiradas.web.unq.edu.ar\/?\">click aqu\u00ed<\/a>.<\/div>\n","protected":false},"excerpt":{"rendered":"<p>La Universidad Nacional de Quilmes (UNQ) de Argentina, invita a las comunidades acad\u00e9micas de las instituciones que integran la Asociaci\u00f3n de Universidades Grupo Montevideo (AUGM) a participar de la 13\u00b0 edici\u00f3n del Premio Nuevas Miradas en la Televisi\u00f3n de la Universidad Nacional de Quilmes (UNQ). El premio busca reconocer a las televisoras universitarias de latinoam\u00e9rica [&hellip;]<\/p>\n","protected":false},"author":9,"featured_media":21287,"comment_status":"closed","ping_status":"closed","sticky":false,"template":"","format":"standard","meta":{"footnotes":""},"categories":[1],"tags":[],"class_list":["post-21286","post","type-post","status-publish","format-standard","has-post-thumbnail","hentry","category-noticias"],"wpmagazine_modules_lite_featured_media_urls":{"thumbnail":["https:\/\/grupomontevideo.org\/site\/wp-content\/uploads\/2025\/08\/Logo-NM13_color-1536x1189-1-150x150.png",150,150,true],"cvmm-medium":["https:\/\/grupomontevideo.org\/site\/wp-content\/uploads\/2025\/08\/Logo-NM13_color-1536x1189-1-300x300.png",300,300,true],"cvmm-medium-plus":["https:\/\/grupomontevideo.org\/site\/wp-content\/uploads\/2025\/08\/Logo-NM13_color-1536x1189-1-305x207.png",305,207,true],"cvmm-portrait":["https:\/\/grupomontevideo.org\/site\/wp-content\/uploads\/2025\/08\/Logo-NM13_color-1536x1189-1-400x600.png",400,600,true],"cvmm-medium-square":["https:\/\/grupomontevideo.org\/site\/wp-content\/uploads\/2025\/08\/Logo-NM13_color-1536x1189-1-600x600.png",600,600,true],"cvmm-large":["https:\/\/grupomontevideo.org\/site\/wp-content\/uploads\/2025\/08\/Logo-NM13_color-1536x1189-1-1024x1024.png",1024,1024,true],"cvmm-small":["https:\/\/grupomontevideo.org\/site\/wp-content\/uploads\/2025\/08\/Logo-NM13_color-1536x1189-1-130x95.png",130,95,true],"full":["https:\/\/grupomontevideo.org\/site\/wp-content\/uploads\/2025\/08\/Logo-NM13_color-1536x1189-1.png",1536,1189,false]},"categories_names":{"1":{"name":"Noticias universitarias","link":"https:\/\/grupomontevideo.org\/site\/category\/noticias\/"}},"tags_names":[],"comments_number":"0","_links":{"self":[{"href":"https:\/\/grupomontevideo.org\/site\/wp-json\/wp\/v2\/posts\/21286","targetHints":{"allow":["GET"]}}],"collection":[{"href":"https:\/\/grupomontevideo.org\/site\/wp-json\/wp\/v2\/posts"}],"about":[{"href":"https:\/\/grupomontevideo.org\/site\/wp-json\/wp\/v2\/types\/post"}],"author":[{"embeddable":true,"href":"https:\/\/grupomontevideo.org\/site\/wp-json\/wp\/v2\/users\/9"}],"replies":[{"embeddable":true,"href":"https:\/\/grupomontevideo.org\/site\/wp-json\/wp\/v2\/comments?post=21286"}],"version-history":[{"count":2,"href":"https:\/\/grupomontevideo.org\/site\/wp-json\/wp\/v2\/posts\/21286\/revisions"}],"predecessor-version":[{"id":21289,"href":"https:\/\/grupomontevideo.org\/site\/wp-json\/wp\/v2\/posts\/21286\/revisions\/21289"}],"wp:featuredmedia":[{"embeddable":true,"href":"https:\/\/grupomontevideo.org\/site\/wp-json\/wp\/v2\/media\/21287"}],"wp:attachment":[{"href":"https:\/\/grupomontevideo.org\/site\/wp-json\/wp\/v2\/media?parent=21286"}],"wp:term":[{"taxonomy":"category","embeddable":true,"href":"https:\/\/grupomontevideo.org\/site\/wp-json\/wp\/v2\/categories?post=21286"},{"taxonomy":"post_tag","embeddable":true,"href":"https:\/\/grupomontevideo.org\/site\/wp-json\/wp\/v2\/tags?post=21286"}],"curies":[{"name":"wp","href":"https:\/\/api.w.org\/{rel}","templated":true}]}}