{"id":20951,"date":"2025-07-03T13:14:16","date_gmt":"2025-07-03T16:14:16","guid":{"rendered":"https:\/\/grupomontevideo.org\/site\/?p=20951"},"modified":"2025-08-11T12:27:13","modified_gmt":"2025-08-11T15:27:13","slug":"se-realizo-la-87-sesion-del-consejo-de-rectores-y-rectoras-de-la-asociacion-de-universidades-del-grupo-montevideo","status":"publish","type":"post","link":"https:\/\/grupomontevideo.org\/site\/se-realizo-la-87-sesion-del-consejo-de-rectores-y-rectoras-de-la-asociacion-de-universidades-del-grupo-montevideo\/","title":{"rendered":"Se realiz\u00f3 la 87\u00b0 sesi\u00f3n del Consejo de Rectores y Rectoras de la Asociaci\u00f3n de Universidades del Grupo Montevideo"},"content":{"rendered":"<p>El lunes 30 junio y martes 1\u00b0 de julio Montevideo fue sede de la 87\u00b0 sesi\u00f3n del Consejo de Rectores y Rectoras de la Asociaci\u00f3n de Universidades del Grupo Montevideo (AUGM). Las actividades se desarrollaron en la Universidad de la Rep\u00fablica (Udelar), que ofici\u00f3 de anfitriona y en el Palacio Legislativo de Uruguay. El evento sirvi\u00f3 para el encuentro de las autoridades universitarias con actores y autoridades de los gobiernos de la regi\u00f3n en el marco del Seminario Internacional: \u201cUniversidad, sociedad y estado\u201d (ver nota), la firma de convenios de cooperaci\u00f3n entre instituciones de los distintos pa\u00edses miembros del bloque regional, como fuera de las fronteras de sudam\u00e9rica (ver nota), y para la aprobaci\u00f3n de la inclusi\u00f3n de la Universidad Nacional de Colombia c\u00f3mo el miembro n\u00famero 51 de la organizaci\u00f3n.<\/p>\n<p>El acto solemne de inauguraci\u00f3n se realiz\u00f3 en la noche del lunes en la Sala Maggiolo de la Udelar con la participaci\u00f3n institucional del Prof. \u00c1lvaro Mombr\u00fa, rector de la universidad anfitriona, el Prof. Clarito Rojas, Presidente de la AUGM y Rector de la Universidad Nacional de Concepci\u00f3n de Paraguay; y el Ministro de Educaci\u00f3n y Cultura de Uruguay, Prof. Jos\u00e9 Carlos Mah\u00eda. La instancia cont\u00f3 adem\u00e1s con la intervenci\u00f3n de Dalila Andrade Oliveira, en representaci\u00f3n del Consejo Nacional de Desarrollo Cient\u00edfico y Tecnol\u00f3gico (CNPq), del Ministerio de Ciencia, Tecnolog\u00eda e Innovaci\u00f3n de Brasil, que present\u00f3 el programa de investigaci\u00f3n Jos\u00e9 \u201cPepe\u201d Mujica en el marco de un acuerdo con AUGM.<\/p>\n<p>\u00c1lvaro Mombr\u00fa, dio la bienvenida a las autoridades universitarias y gubernamentales que estuvieron presentes, al tiempo que destac\u00f3 el crecimiento sostenido que ha tenido AUGM desde 1991, lo que le permiti\u00f3 pasar de ser una organizaci\u00f3n que nucleaba a ocho universidades a una que incluye a m\u00e1s de cincuenta. El rector de la Udelar resalt\u00f3 el valor de este tipo de espacios para el fortalecimiento de la cooperaci\u00f3n regional y subray\u00f3 la importancia de la democratizaci\u00f3n del acceso a la universidad.<\/p>\n<p>A continuaci\u00f3n, Dalila Andrade Oliveira, directora de Cooperaci\u00f3n Institucional e Internacional del CNPq de Brasil, present\u00f3 el Programa de Cooperaci\u00f3n Cient\u00edfica Jos\u00e9 \u201cPepe\u201d Mujica, que surgi\u00f3 a partir de una serie de propuestas de rectores y rectoras de universidades de AUGM, y de las propias inquietudes y miradas regionales del expresidente uruguayo, con el apoyo del gobierno de Brasil a trav\u00e9s de su Ministerio de Ciencia, Tecnolog\u00eda e Innovaci\u00f3n. Con una inversi\u00f3n de aproximadamente un mill\u00f3n de d\u00f3lares hasta 2030, el plan prev\u00e9 el desarrollo de redes tem\u00e1ticas de investigaci\u00f3n, intercambio acad\u00e9mico, proyectos bilaterales, uso compartido de infraestructura cient\u00edfica y organizaci\u00f3n de eventos, abordando temas prioritarios como cambio clim\u00e1tico, salud p\u00fablica, biotecnolog\u00eda, energ\u00edas renovables e inteligencia artificial.<\/p>\n<p>El Presidente de AUGM, Clarito Rojas, hizo uso de la palabra e hizo \u00e9nfasis en la necesidad de que las universidades p\u00fablicas respondan con estrategias cooperativas a los desaf\u00edos globales. Reivindic\u00f3 la educaci\u00f3n superior como derecho humano y bien p\u00fablico social, e hizo un llamado a resistir la mercantilizaci\u00f3n del conocimiento, fortaleciendo la integraci\u00f3n regional desde la autonom\u00eda universitaria, la innovaci\u00f3n, la formaci\u00f3n profesional dual y la inclusi\u00f3n.<\/p>\n<p>El cierre de las intervenciones estuvo a cargo del ministro de Educaci\u00f3n y Cultura de Uruguay, Jos\u00e9 Carlos Mah\u00eda, quien valor\u00f3 el papel estrat\u00e9gico de la AUGM como plataforma de cooperaci\u00f3n e integraci\u00f3n acad\u00e9mica y cient\u00edfica, y advirti\u00f3 sobre las amenazas que enfrentan las universidades p\u00fablicas, como la asfixia presupuestal, la mercantilizaci\u00f3n de la educaci\u00f3n y la censura. En su exposici\u00f3n, reafirm\u00f3 el compromiso del Estado uruguayo con el fortalecimiento de la educaci\u00f3n superior p\u00fablica y puso foco en la necesidad formativa que tendr\u00e1n las nuevas generaciones para afrontar los desaf\u00edos de la inteligencia artificial y del desarrollo sostenible desde una perspectiva cr\u00edtica, democr\u00e1tica y solidaria.<\/p>\n<p><strong>Consejo de Rectores: nuevos acuerdos y universidades miembro<\/strong><\/p>\n<p>A la ma\u00f1ana siguiente, el Sal\u00f3n de los Pasos Perdidos del Palacio Legislativo fue sede de la apertura del Consejo. Esta instancia tuvo la participaci\u00f3n de Carolina Cosse, Presidenta en ejercicio y Vicepresidenta de Uruguay, del Prof. Mombr\u00fa, Rector de la Udelar y el Prof. Rojas, Presidente de AUGM.<\/p>\n<p>En su intervenci\u00f3n, Cosse expres\u00f3 su \u201calegr\u00eda\u201d por la realizaci\u00f3n del evento en el Parlamento uruguayo, una instituci\u00f3n que est\u00e1 \u201cabierta de par en par para el trabajo conjunto\u201d con AUGM. El rector Mombr\u00fa evoc\u00f3 la figura del Prof. Jorge Brovetto, ex rector de la Udelar e impulsor de la AUGM, y la coincidencia de que la sesi\u00f3n se llevara a cabo en Montevideo, 34 a\u00f1os despu\u00e9s de la fundaci\u00f3n de la asociaci\u00f3n que lleva el nombre de la ciudad. Tambi\u00e9n agradeci\u00f3 la presencia de la presidenta en ejercicio y resalt\u00f3 la importancia simb\u00f3lica de que el Parlamento uruguayo albergue el evento. El Prof. Rojas, por su parte, llam\u00f3 a realizar una \u201cdefensa robusta, permanente e insistente de la universidad p\u00fablica\u201d, y agradeci\u00f3 al Estado uruguayo por su participaci\u00f3n y el reconocimiento de la centralidad de la educaci\u00f3n superior. Al concluir, afirm\u00f3 que \u201clas universidades p\u00fablicas son fundamentales para pensar en una sociedad mejor\u201d, y destac\u00f3 el compromiso de la AUGM con el desarrollo sostenible y la cooperaci\u00f3n regional.<\/p>\n<p>La sesi\u00f3n se caracteriz\u00f3 por la firma de acuerdos de cooperaci\u00f3n para el desarrollo de la investigaci\u00f3n y la formaci\u00f3n universitaria en la regi\u00f3n, entre AUGM y el Ministerio de Turismo de Uruguay; tres convenios que involucran universidades miembro de la asociaci\u00f3n, la Universidad Tecnol\u00f3gica Nacional de Argentina, la Universidad Federal de R\u00edo Grande y la Universidad Federal de Pelotas, ambas de Brasil, con la Direcci\u00f3n General de Educaci\u00f3n T\u00e9cnico-Profesional (DGETP-UTU) de Uruguay; y dos convenios con organizaciones del europeas, en pos del desarrollo de un espacio iberoamericano de cooperaci\u00f3n: con la Asociaci\u00f3n Universitaria Iberoamericana de Posgrado y con el Grupo de Universidades Iberoamericanas La R\u00e1bida. Tambi\u00e9n se aprob\u00f3 un convenio entre AUGM y el Sistema Universitario Estatal de Colombia, pa\u00eds que a partir de esta sesi\u00f3n cuenta con representaci\u00f3n en la organizaci\u00f3n debido a la aprobaci\u00f3n del ingreso de la Universidad Nacional de Colombia a la red que desde ese momento agrupa a 51 instituciones universitarias de educaci\u00f3n superior p\u00fablicas y aut\u00f3nomas.<\/p>\n<p>&nbsp;<\/p>\n<p>&nbsp;<\/p>\n<div id='gallery-1' class='gallery galleryid-20951 gallery-columns-3 gallery-size-thumbnail'><figure class='gallery-item'>\n\t\t\t<div class='gallery-icon landscape'>\n\t\t\t\t<a href='https:\/\/grupomontevideo.org\/site\/la-augm-firma-nuevos-convenios-de-cooperacion-regional-para-investigaciones-desarrollo-y-formacion-academica\/u0108178\/'><img decoding=\"async\" width=\"150\" height=\"150\" src=\"https:\/\/grupomontevideo.org\/site\/wp-content\/uploads\/2025\/07\/U0108178-150x150.jpg\" class=\"attachment-thumbnail size-thumbnail\" alt=\"\" srcset=\"https:\/\/grupomontevideo.org\/site\/wp-content\/uploads\/2025\/07\/U0108178-150x150.jpg 150w, https:\/\/grupomontevideo.org\/site\/wp-content\/uploads\/2025\/07\/U0108178-300x300.jpg 300w, https:\/\/grupomontevideo.org\/site\/wp-content\/uploads\/2025\/07\/U0108178-600x600.jpg 600w, https:\/\/grupomontevideo.org\/site\/wp-content\/uploads\/2025\/07\/U0108178-1024x1024.jpg 1024w\" sizes=\"(max-width: 150px) 100vw, 150px\" \/><\/a>\n\t\t\t<\/div><\/figure><figure class='gallery-item'>\n\t\t\t<div class='gallery-icon landscape'>\n\t\t\t\t<a href='https:\/\/grupomontevideo.org\/site\/se-realizo-la-87-sesion-del-consejo-de-rectores-y-rectoras-de-la-asociacion-de-universidades-del-grupo-montevideo\/u0108246-3\/'><img decoding=\"async\" width=\"150\" height=\"150\" src=\"https:\/\/grupomontevideo.org\/site\/wp-content\/uploads\/2025\/07\/U0108246-2-150x150.jpg\" class=\"attachment-thumbnail size-thumbnail\" alt=\"\" srcset=\"https:\/\/grupomontevideo.org\/site\/wp-content\/uploads\/2025\/07\/U0108246-2-150x150.jpg 150w, https:\/\/grupomontevideo.org\/site\/wp-content\/uploads\/2025\/07\/U0108246-2-300x300.jpg 300w, https:\/\/grupomontevideo.org\/site\/wp-content\/uploads\/2025\/07\/U0108246-2-600x600.jpg 600w, https:\/\/grupomontevideo.org\/site\/wp-content\/uploads\/2025\/07\/U0108246-2-1024x1024.jpg 1024w\" sizes=\"(max-width: 150px) 100vw, 150px\" \/><\/a>\n\t\t\t<\/div><\/figure><figure class='gallery-item'>\n\t\t\t<div class='gallery-icon landscape'>\n\t\t\t\t<a href='https:\/\/grupomontevideo.org\/site\/se-realizo-la-87-sesion-del-consejo-de-rectores-y-rectoras-de-la-asociacion-de-universidades-del-grupo-montevideo\/u0108105-2\/'><img decoding=\"async\" width=\"150\" height=\"150\" src=\"https:\/\/grupomontevideo.org\/site\/wp-content\/uploads\/2025\/07\/U0108105-1-150x150.jpg\" class=\"attachment-thumbnail size-thumbnail\" alt=\"\" srcset=\"https:\/\/grupomontevideo.org\/site\/wp-content\/uploads\/2025\/07\/U0108105-1-150x150.jpg 150w, https:\/\/grupomontevideo.org\/site\/wp-content\/uploads\/2025\/07\/U0108105-1-300x300.jpg 300w, https:\/\/grupomontevideo.org\/site\/wp-content\/uploads\/2025\/07\/U0108105-1-600x600.jpg 600w, https:\/\/grupomontevideo.org\/site\/wp-content\/uploads\/2025\/07\/U0108105-1-1024x1024.jpg 1024w\" sizes=\"(max-width: 150px) 100vw, 150px\" \/><\/a>\n\t\t\t<\/div><\/figure><figure class='gallery-item'>\n\t\t\t<div class='gallery-icon landscape'>\n\t\t\t\t<a href='https:\/\/grupomontevideo.org\/site\/se-realizo-la-87-sesion-del-consejo-de-rectores-y-rectoras-de-la-asociacion-de-universidades-del-grupo-montevideo\/u0108117-2\/'><img loading=\"lazy\" decoding=\"async\" width=\"150\" height=\"150\" src=\"https:\/\/grupomontevideo.org\/site\/wp-content\/uploads\/2025\/07\/U0108117-1-150x150.jpg\" class=\"attachment-thumbnail size-thumbnail\" alt=\"\" srcset=\"https:\/\/grupomontevideo.org\/site\/wp-content\/uploads\/2025\/07\/U0108117-1-150x150.jpg 150w, https:\/\/grupomontevideo.org\/site\/wp-content\/uploads\/2025\/07\/U0108117-1-300x300.jpg 300w, https:\/\/grupomontevideo.org\/site\/wp-content\/uploads\/2025\/07\/U0108117-1-600x600.jpg 600w, https:\/\/grupomontevideo.org\/site\/wp-content\/uploads\/2025\/07\/U0108117-1-1024x1024.jpg 1024w\" sizes=\"(max-width: 150px) 100vw, 150px\" \/><\/a>\n\t\t\t<\/div><\/figure><figure class='gallery-item'>\n\t\t\t<div class='gallery-icon landscape'>\n\t\t\t\t<a href='https:\/\/grupomontevideo.org\/site\/se-realizo-la-87-sesion-del-consejo-de-rectores-y-rectoras-de-la-asociacion-de-universidades-del-grupo-montevideo\/u0108127\/'><img loading=\"lazy\" decoding=\"async\" width=\"150\" height=\"150\" src=\"https:\/\/grupomontevideo.org\/site\/wp-content\/uploads\/2025\/07\/U0108127-150x150.jpg\" class=\"attachment-thumbnail size-thumbnail\" alt=\"\" srcset=\"https:\/\/grupomontevideo.org\/site\/wp-content\/uploads\/2025\/07\/U0108127-150x150.jpg 150w, https:\/\/grupomontevideo.org\/site\/wp-content\/uploads\/2025\/07\/U0108127-300x300.jpg 300w, https:\/\/grupomontevideo.org\/site\/wp-content\/uploads\/2025\/07\/U0108127-600x600.jpg 600w, https:\/\/grupomontevideo.org\/site\/wp-content\/uploads\/2025\/07\/U0108127-1024x1024.jpg 1024w\" sizes=\"(max-width: 150px) 100vw, 150px\" \/><\/a>\n\t\t\t<\/div><\/figure><figure class='gallery-item'>\n\t\t\t<div class='gallery-icon landscape'>\n\t\t\t\t<a href='https:\/\/grupomontevideo.org\/site\/se-realizo-la-87-sesion-del-consejo-de-rectores-y-rectoras-de-la-asociacion-de-universidades-del-grupo-montevideo\/u0108000\/'><img loading=\"lazy\" decoding=\"async\" width=\"150\" height=\"150\" src=\"https:\/\/grupomontevideo.org\/site\/wp-content\/uploads\/2025\/07\/U0108000-150x150.jpg\" class=\"attachment-thumbnail size-thumbnail\" alt=\"\" srcset=\"https:\/\/grupomontevideo.org\/site\/wp-content\/uploads\/2025\/07\/U0108000-150x150.jpg 150w, https:\/\/grupomontevideo.org\/site\/wp-content\/uploads\/2025\/07\/U0108000-300x300.jpg 300w, https:\/\/grupomontevideo.org\/site\/wp-content\/uploads\/2025\/07\/U0108000-600x600.jpg 600w, https:\/\/grupomontevideo.org\/site\/wp-content\/uploads\/2025\/07\/U0108000-1024x1024.jpg 1024w\" sizes=\"(max-width: 150px) 100vw, 150px\" \/><\/a>\n\t\t\t<\/div><\/figure><figure class='gallery-item'>\n\t\t\t<div class='gallery-icon landscape'>\n\t\t\t\t<a href='https:\/\/grupomontevideo.org\/site\/se-realizo-la-87-sesion-del-consejo-de-rectores-y-rectoras-de-la-asociacion-de-universidades-del-grupo-montevideo\/u0108249-3\/'><img loading=\"lazy\" decoding=\"async\" width=\"150\" height=\"150\" src=\"https:\/\/grupomontevideo.org\/site\/wp-content\/uploads\/2025\/07\/U0108249-2-150x150.jpg\" class=\"attachment-thumbnail size-thumbnail\" alt=\"\" srcset=\"https:\/\/grupomontevideo.org\/site\/wp-content\/uploads\/2025\/07\/U0108249-2-150x150.jpg 150w, https:\/\/grupomontevideo.org\/site\/wp-content\/uploads\/2025\/07\/U0108249-2-300x300.jpg 300w, https:\/\/grupomontevideo.org\/site\/wp-content\/uploads\/2025\/07\/U0108249-2-600x600.jpg 600w, https:\/\/grupomontevideo.org\/site\/wp-content\/uploads\/2025\/07\/U0108249-2-1024x1024.jpg 1024w\" sizes=\"(max-width: 150px) 100vw, 150px\" \/><\/a>\n\t\t\t<\/div><\/figure><figure class='gallery-item'>\n\t\t\t<div class='gallery-icon landscape'>\n\t\t\t\t<a href='https:\/\/grupomontevideo.org\/site\/se-realizo-la-87-sesion-del-consejo-de-rectores-y-rectoras-de-la-asociacion-de-universidades-del-grupo-montevideo\/u0108202-2\/'><img loading=\"lazy\" decoding=\"async\" width=\"150\" height=\"150\" src=\"https:\/\/grupomontevideo.org\/site\/wp-content\/uploads\/2025\/07\/U0108202-1-150x150.jpg\" class=\"attachment-thumbnail size-thumbnail\" alt=\"\" srcset=\"https:\/\/grupomontevideo.org\/site\/wp-content\/uploads\/2025\/07\/U0108202-1-150x150.jpg 150w, https:\/\/grupomontevideo.org\/site\/wp-content\/uploads\/2025\/07\/U0108202-1-300x300.jpg 300w, https:\/\/grupomontevideo.org\/site\/wp-content\/uploads\/2025\/07\/U0108202-1-600x600.jpg 600w, https:\/\/grupomontevideo.org\/site\/wp-content\/uploads\/2025\/07\/U0108202-1-1024x1024.jpg 1024w\" sizes=\"(max-width: 150px) 100vw, 150px\" \/><\/a>\n\t\t\t<\/div><\/figure><figure class='gallery-item'>\n\t\t\t<div class='gallery-icon landscape'>\n\t\t\t\t<a href='https:\/\/grupomontevideo.org\/site\/se-realizo-la-87-sesion-del-consejo-de-rectores-y-rectoras-de-la-asociacion-de-universidades-del-grupo-montevideo\/u0108206-2\/'><img loading=\"lazy\" decoding=\"async\" width=\"150\" height=\"150\" src=\"https:\/\/grupomontevideo.org\/site\/wp-content\/uploads\/2025\/07\/U0108206-1-150x150.jpg\" class=\"attachment-thumbnail size-thumbnail\" alt=\"\" srcset=\"https:\/\/grupomontevideo.org\/site\/wp-content\/uploads\/2025\/07\/U0108206-1-150x150.jpg 150w, https:\/\/grupomontevideo.org\/site\/wp-content\/uploads\/2025\/07\/U0108206-1-300x300.jpg 300w, https:\/\/grupomontevideo.org\/site\/wp-content\/uploads\/2025\/07\/U0108206-1-600x600.jpg 600w, https:\/\/grupomontevideo.org\/site\/wp-content\/uploads\/2025\/07\/U0108206-1-1024x1024.jpg 1024w\" sizes=\"(max-width: 150px) 100vw, 150px\" \/><\/a>\n\t\t\t<\/div><\/figure><figure class='gallery-item'>\n\t\t\t<div class='gallery-icon landscape'>\n\t\t\t\t<a href='https:\/\/grupomontevideo.org\/site\/se-realizo-la-87-sesion-del-consejo-de-rectores-y-rectoras-de-la-asociacion-de-universidades-del-grupo-montevideo\/u0108281\/'><img loading=\"lazy\" decoding=\"async\" width=\"150\" height=\"150\" src=\"https:\/\/grupomontevideo.org\/site\/wp-content\/uploads\/2025\/07\/U0108281-150x150.jpg\" class=\"attachment-thumbnail size-thumbnail\" alt=\"\" srcset=\"https:\/\/grupomontevideo.org\/site\/wp-content\/uploads\/2025\/07\/U0108281-150x150.jpg 150w, https:\/\/grupomontevideo.org\/site\/wp-content\/uploads\/2025\/07\/U0108281-300x300.jpg 300w, https:\/\/grupomontevideo.org\/site\/wp-content\/uploads\/2025\/07\/U0108281-600x600.jpg 600w, https:\/\/grupomontevideo.org\/site\/wp-content\/uploads\/2025\/07\/U0108281-1024x1024.jpg 1024w\" sizes=\"(max-width: 150px) 100vw, 150px\" \/><\/a>\n\t\t\t<\/div><\/figure><figure class='gallery-item'>\n\t\t\t<div class='gallery-icon landscape'>\n\t\t\t\t<a href='https:\/\/grupomontevideo.org\/site\/se-realizo-la-87-sesion-del-consejo-de-rectores-y-rectoras-de-la-asociacion-de-universidades-del-grupo-montevideo\/u0108291\/'><img loading=\"lazy\" decoding=\"async\" width=\"150\" height=\"150\" src=\"https:\/\/grupomontevideo.org\/site\/wp-content\/uploads\/2025\/07\/U0108291-150x150.jpg\" class=\"attachment-thumbnail size-thumbnail\" alt=\"\" srcset=\"https:\/\/grupomontevideo.org\/site\/wp-content\/uploads\/2025\/07\/U0108291-150x150.jpg 150w, https:\/\/grupomontevideo.org\/site\/wp-content\/uploads\/2025\/07\/U0108291-300x300.jpg 300w, https:\/\/grupomontevideo.org\/site\/wp-content\/uploads\/2025\/07\/U0108291-600x600.jpg 600w, https:\/\/grupomontevideo.org\/site\/wp-content\/uploads\/2025\/07\/U0108291-1024x1024.jpg 1024w\" sizes=\"(max-width: 150px) 100vw, 150px\" \/><\/a>\n\t\t\t<\/div><\/figure><figure class='gallery-item'>\n\t\t\t<div class='gallery-icon landscape'>\n\t\t\t\t<a href='https:\/\/grupomontevideo.org\/site\/se-realizo-la-87-sesion-del-consejo-de-rectores-y-rectoras-de-la-asociacion-de-universidades-del-grupo-montevideo\/u0108219-2\/'><img loading=\"lazy\" decoding=\"async\" width=\"150\" height=\"150\" src=\"https:\/\/grupomontevideo.org\/site\/wp-content\/uploads\/2025\/07\/U0108219-1-150x150.jpg\" class=\"attachment-thumbnail size-thumbnail\" alt=\"\" srcset=\"https:\/\/grupomontevideo.org\/site\/wp-content\/uploads\/2025\/07\/U0108219-1-150x150.jpg 150w, https:\/\/grupomontevideo.org\/site\/wp-content\/uploads\/2025\/07\/U0108219-1-300x300.jpg 300w, https:\/\/grupomontevideo.org\/site\/wp-content\/uploads\/2025\/07\/U0108219-1-600x600.jpg 600w, https:\/\/grupomontevideo.org\/site\/wp-content\/uploads\/2025\/07\/U0108219-1-1024x1024.jpg 1024w\" sizes=\"(max-width: 150px) 100vw, 150px\" \/><\/a>\n\t\t\t<\/div><\/figure>\n\t\t<\/div>\n\n","protected":false},"excerpt":{"rendered":"<p>El lunes 30 junio y martes 1\u00b0 de julio Montevideo fue sede de la 87\u00b0 sesi\u00f3n del Consejo de Rectores y Rectoras de la Asociaci\u00f3n de Universidades del Grupo Montevideo (AUGM). Las actividades se desarrollaron en la Universidad de la Rep\u00fablica (Udelar), que ofici\u00f3 de anfitriona y en el Palacio Legislativo de Uruguay. El evento [&hellip;]<\/p>\n","protected":false},"author":9,"featured_media":20928,"comment_status":"closed","ping_status":"closed","sticky":false,"template":"","format":"standard","meta":{"footnotes":""},"categories":[48],"tags":[],"class_list":["post-20951","post","type-post","status-publish","format-standard","has-post-thumbnail","hentry","category-archivo-de-noticias"],"wpmagazine_modules_lite_featured_media_urls":{"thumbnail":["https:\/\/grupomontevideo.org\/site\/wp-content\/uploads\/2025\/07\/U0108178-150x150.jpg",150,150,true],"cvmm-medium":["https:\/\/grupomontevideo.org\/site\/wp-content\/uploads\/2025\/07\/U0108178-300x300.jpg",300,300,true],"cvmm-medium-plus":["https:\/\/grupomontevideo.org\/site\/wp-content\/uploads\/2025\/07\/U0108178-305x207.jpg",305,207,true],"cvmm-portrait":["https:\/\/grupomontevideo.org\/site\/wp-content\/uploads\/2025\/07\/U0108178-400x600.jpg",400,600,true],"cvmm-medium-square":["https:\/\/grupomontevideo.org\/site\/wp-content\/uploads\/2025\/07\/U0108178-600x600.jpg",600,600,true],"cvmm-large":["https:\/\/grupomontevideo.org\/site\/wp-content\/uploads\/2025\/07\/U0108178-1024x1024.jpg",1024,1024,true],"cvmm-small":["https:\/\/grupomontevideo.org\/site\/wp-content\/uploads\/2025\/07\/U0108178-130x95.jpg",130,95,true],"full":["https:\/\/grupomontevideo.org\/site\/wp-content\/uploads\/2025\/07\/U0108178.jpg",2048,1365,false]},"categories_names":{"48":{"name":"Archivo de noticias","link":"https:\/\/grupomontevideo.org\/site\/category\/archivo-de-noticias\/"}},"tags_names":[],"comments_number":"0","_links":{"self":[{"href":"https:\/\/grupomontevideo.org\/site\/wp-json\/wp\/v2\/posts\/20951","targetHints":{"allow":["GET"]}}],"collection":[{"href":"https:\/\/grupomontevideo.org\/site\/wp-json\/wp\/v2\/posts"}],"about":[{"href":"https:\/\/grupomontevideo.org\/site\/wp-json\/wp\/v2\/types\/post"}],"author":[{"embeddable":true,"href":"https:\/\/grupomontevideo.org\/site\/wp-json\/wp\/v2\/users\/9"}],"replies":[{"embeddable":true,"href":"https:\/\/grupomontevideo.org\/site\/wp-json\/wp\/v2\/comments?post=20951"}],"version-history":[{"count":3,"href":"https:\/\/grupomontevideo.org\/site\/wp-json\/wp\/v2\/posts\/20951\/revisions"}],"predecessor-version":[{"id":21069,"href":"https:\/\/grupomontevideo.org\/site\/wp-json\/wp\/v2\/posts\/20951\/revisions\/21069"}],"wp:featuredmedia":[{"embeddable":true,"href":"https:\/\/grupomontevideo.org\/site\/wp-json\/wp\/v2\/media\/20928"}],"wp:attachment":[{"href":"https:\/\/grupomontevideo.org\/site\/wp-json\/wp\/v2\/media?parent=20951"}],"wp:term":[{"taxonomy":"category","embeddable":true,"href":"https:\/\/grupomontevideo.org\/site\/wp-json\/wp\/v2\/categories?post=20951"},{"taxonomy":"post_tag","embeddable":true,"href":"https:\/\/grupomontevideo.org\/site\/wp-json\/wp\/v2\/tags?post=20951"}],"curies":[{"name":"wp","href":"https:\/\/api.w.org\/{rel}","templated":true}]}}