{"id":19970,"date":"2024-08-27T11:45:56","date_gmt":"2024-08-27T14:45:56","guid":{"rendered":"https:\/\/grupomontevideo.org\/site\/?p=19970"},"modified":"2024-09-11T11:44:06","modified_gmt":"2024-09-11T14:44:06","slug":"inauguro-el-foro-regional-de-desarrollo-economico-local-para-america-latina-y-el-caribe","status":"publish","type":"post","link":"https:\/\/grupomontevideo.org\/site\/inauguro-el-foro-regional-de-desarrollo-economico-local-para-america-latina-y-el-caribe\/","title":{"rendered":"Inaugur\u00f3 el Foro Regional de Desarrollo Econ\u00f3mico Local para Am\u00e9rica Latina y el Caribe"},"content":{"rendered":"\n<p>Con un espect\u00e1culo de la Orquesta Filarm\u00f3nica de Montevideo en el teatro Sol\u00eds de Montevideo, Uruguay, qued\u00f3 inaugurada la cuarta edici\u00f3n del <strong>Foro Regional de Desarrollo Econ\u00f3mico Local para Am\u00e9rica Latina y el Caribe<\/strong>, una de las actividades de desarrollo local mas imporetante de la regi\u00f3n que contin\u00faa con actividades abiertas al p\u00fablico\u00a0<strong>desde la hora 9.00 del martes 27 hasta el mi\u00e9rcoles 28 de agosto<\/strong>,\u00a0en las salas Azul, Dorada y Roja del Centro de Conferencias del edificio sede de la Intendencia. Adem\u00e1s, se pueden seguir v\u00eda streaming por\u00a0<a href=\"http:\/\/www.tvciudad.uy\/\"><strong>TV Ciudad<\/strong><\/a>\u00a0ambos d\u00edas.<\/p>\n\n\n\n<p>Se trata de una actividad para fomentar la colaboraci\u00f3n multiactor en vistas de la construcci\u00f3n de pol\u00edticas integrales de desarrollo econ\u00f3mico local en la regi\u00f3n, considerando los siguientes ejes: \u00a0Alianzas territoriales y desaf\u00edos en el modelo econ\u00f3mico de desarrollo local en Am\u00e9rica Latina y el Caribe, el desarrollo local, el ambiente, las agendas globales, los\u00a0<strong><a href=\"https:\/\/montevideo.gub.uy\/montevideo-y-los-objetivos-de-desarrollo-sostenible\">Objetivos de Desarrollo Sostenible (ODS)<\/a><\/strong>, el mundo del trabajo, la movilidad humana, la igualdad de g\u00e9nero, la innovaci\u00f3n, la producci\u00f3n de conocimiento, las alianzas y la cooperaci\u00f3n ser\u00e1n algunas de las tem\u00e1ticas trabajadas.<\/p>\n\n\n\n<p>La Asociaci\u00f3n de Universidades Grupo Montevideo (AUGM) participa con tres representantes: Antonio Cruz de la Universidade Federal de Pelotas y Silvana Maubrigades de la Universidad de la Rep\u00fablica, quienes participar\u00e1n de la mesa \u00ab<em><strong>La universidad y la sociedad de conocimiento como clave del desarrollo econ\u00f3mico local: nueva visiones e innovaciones<\/strong><\/em>\u00ab; y Adrian Rodriguez, tambi\u00e9n de la Udelar, en la mesa \u00ab<strong><em>Alianza para la consecuci\u00f3n de los objetivos de los ODS: reflexiones en torno al ODS 8 en Am\u00e9rica Latina\u00bb.<\/em><\/strong><\/p>\n\n\n\n<p><strong>Este foro se compone de m\u00e1s de 10 mesas de exposici\u00f3n y 3 talleres de intercambio, a cargo de expertas\/os<\/strong>. Participar\u00e1n m\u00e1s de 200 personas entre representantes de organismos internacionales, nacionales y locales; de gobiernos subnacionales y redes de ciudades; de empresas, instituciones y otros entes privados; de centros de investigaci\u00f3n de la regi\u00f3n y de agentes de desarrollo; de la academia y de organizaciones sociales.<\/p>\n\n\n\n<p>Enrique Iglesias, ex Presidente del BID, del Banco Central y ex ministro de Relaciones Exteriores del Uruguay; Paco Toajas, de la Diputaci\u00f3n de Sevilla (Espa\u00f1a) y Vicepresidente de FAMSI; Sara Valdes, de la Alianza Global por los Cuidados; Alfonso Fern\u00e1ndez de Castro, representante de PNUD Uruguay; Marcelo Abdala del PIT &#8211; CNT Uruguay; Diego O&#8217;Neill, presidente de la Federaci\u00f3n de C\u00e1maras Empresariales del Uruguay; Augusto Costa, Ministro de Producci\u00f3n, Ciencia e Innovaci\u00f3n Tecnol\u00f3gica de la Provincia de Buenos Aires (Argentina); y Magdalena Furtado, responsable ONU Mujeres para Argentina y Uruguay, se encuentran entre quienes expondr\u00e1n en el Foro.<\/p>\n\n\n\n<p>Tambi\u00e9n formar\u00e1n parte representantes de CAF, BID, UCCI, ICLEI, OIT, CEPAL, OIM, ONU Mujeres, Udelar, OPP, ANDE, MIEM, ministerio de Ambiente y de las Cooperativas de las Am\u00e9ricas, as\u00ed como autoridades departamentales del pa\u00eds, entre ellas Montevideo, Canelones y San Jos\u00e9.<\/p>\n\n\n\n<p>Este evento cuenta con el apoyo del BID, CAF, CEPAL, OIM y ONU Mujeres; y es posible gracias al Fondo Andaluz de Municipios para la Solidaridad Internacional (FAMSI); Programa de las Naciones Unidas para el Desarrollo (PNUD); Ciudades y Gobiernos Locales Unidos (CGLU); Organizaci\u00f3n Internacional del Trabajo (OIT); de ORU &#8211; Fogar; del Fondo Mundial para el Desarrollo de las Ciudades (FMDV); y de la red Mercociudades.<\/p>\n\n\n\n<p><a href=\"https:\/\/montevideo.gub.uy\/noticias\/economia-y-comercio\/se-inauguro-el-4o-foro-regional-de-desarrollo-economico-local-para-america-latina-y-el-caribe\"><strong>M\u00e1s informaci\u00f3n<\/strong><\/a><\/p>\n\n\n\n<figure class=\"wp-block-gallery has-nested-images columns-default is-cropped wp-block-gallery-1 is-layout-flex wp-block-gallery-is-layout-flex\">\n<figure class=\"wp-block-image size-large\"><img fetchpriority=\"high\" decoding=\"async\" width=\"620\" height=\"413\" data-id=\"19972\" src=\"https:\/\/grupomontevideo.org\/site\/wp-content\/uploads\/2024\/08\/20240826dicimouyvc0272.png\" alt=\"\" class=\"wp-image-19972\" srcset=\"https:\/\/grupomontevideo.org\/site\/wp-content\/uploads\/2024\/08\/20240826dicimouyvc0272.png 620w, https:\/\/grupomontevideo.org\/site\/wp-content\/uploads\/2024\/08\/20240826dicimouyvc0272-300x200.png 300w\" sizes=\"(max-width: 620px) 100vw, 620px\" \/><\/figure>\n\n\n\n<figure class=\"wp-block-image size-large\"><img decoding=\"async\" width=\"620\" height=\"413\" data-id=\"19973\" src=\"https:\/\/grupomontevideo.org\/site\/wp-content\/uploads\/2024\/08\/20240826dicimouyvc0399.png\" alt=\"\" class=\"wp-image-19973\" srcset=\"https:\/\/grupomontevideo.org\/site\/wp-content\/uploads\/2024\/08\/20240826dicimouyvc0399.png 620w, https:\/\/grupomontevideo.org\/site\/wp-content\/uploads\/2024\/08\/20240826dicimouyvc0399-300x200.png 300w\" sizes=\"(max-width: 620px) 100vw, 620px\" \/><\/figure>\n\n\n\n<figure class=\"wp-block-image size-large\"><img decoding=\"async\" width=\"620\" height=\"413\" data-id=\"19976\" src=\"https:\/\/grupomontevideo.org\/site\/wp-content\/uploads\/2024\/08\/20240826dicimouyvc0208.png\" alt=\"\" class=\"wp-image-19976\" srcset=\"https:\/\/grupomontevideo.org\/site\/wp-content\/uploads\/2024\/08\/20240826dicimouyvc0208.png 620w, https:\/\/grupomontevideo.org\/site\/wp-content\/uploads\/2024\/08\/20240826dicimouyvc0208-300x200.png 300w\" sizes=\"(max-width: 620px) 100vw, 620px\" \/><\/figure>\n\n\n\n<figure class=\"wp-block-image size-large\"><img loading=\"lazy\" decoding=\"async\" width=\"620\" height=\"413\" data-id=\"19974\" src=\"https:\/\/grupomontevideo.org\/site\/wp-content\/uploads\/2024\/08\/20240826dicimouyvc0116-1.png\" alt=\"\" class=\"wp-image-19974\" srcset=\"https:\/\/grupomontevideo.org\/site\/wp-content\/uploads\/2024\/08\/20240826dicimouyvc0116-1.png 620w, https:\/\/grupomontevideo.org\/site\/wp-content\/uploads\/2024\/08\/20240826dicimouyvc0116-1-300x200.png 300w\" sizes=\"(max-width: 620px) 100vw, 620px\" \/><\/figure>\n\n\n\n<figure class=\"wp-block-image size-large\"><img loading=\"lazy\" decoding=\"async\" width=\"620\" height=\"413\" data-id=\"19975\" src=\"https:\/\/grupomontevideo.org\/site\/wp-content\/uploads\/2024\/08\/20240826dicimouyvc0340.png\" alt=\"\" class=\"wp-image-19975\" srcset=\"https:\/\/grupomontevideo.org\/site\/wp-content\/uploads\/2024\/08\/20240826dicimouyvc0340.png 620w, https:\/\/grupomontevideo.org\/site\/wp-content\/uploads\/2024\/08\/20240826dicimouyvc0340-300x200.png 300w\" sizes=\"(max-width: 620px) 100vw, 620px\" \/><\/figure>\n<\/figure>\n","protected":false},"excerpt":{"rendered":"<p>AUGM participa con tres repersentante en dos mesas. Seguilo por YouTube<\/p>\n","protected":false},"author":3,"featured_media":19971,"comment_status":"closed","ping_status":"closed","sticky":false,"template":"","format":"standard","meta":{"footnotes":""},"categories":[48,1],"tags":[],"class_list":["post-19970","post","type-post","status-publish","format-standard","has-post-thumbnail","hentry","category-archivo-de-noticias","category-noticias"],"wpmagazine_modules_lite_featured_media_urls":{"thumbnail":["https:\/\/grupomontevideo.org\/site\/wp-content\/uploads\/2024\/08\/20240826dicimouyvc0116-150x150.png",150,150,true],"cvmm-medium":["https:\/\/grupomontevideo.org\/site\/wp-content\/uploads\/2024\/08\/20240826dicimouyvc0116-300x300.png",300,300,true],"cvmm-medium-plus":["https:\/\/grupomontevideo.org\/site\/wp-content\/uploads\/2024\/08\/20240826dicimouyvc0116-305x207.png",305,207,true],"cvmm-portrait":["https:\/\/grupomontevideo.org\/site\/wp-content\/uploads\/2024\/08\/20240826dicimouyvc0116-400x413.png",400,413,true],"cvmm-medium-square":["https:\/\/grupomontevideo.org\/site\/wp-content\/uploads\/2024\/08\/20240826dicimouyvc0116-600x413.png",600,413,true],"cvmm-large":["https:\/\/grupomontevideo.org\/site\/wp-content\/uploads\/2024\/08\/20240826dicimouyvc0116.png",620,413,false],"cvmm-small":["https:\/\/grupomontevideo.org\/site\/wp-content\/uploads\/2024\/08\/20240826dicimouyvc0116-130x95.png",130,95,true],"full":["https:\/\/grupomontevideo.org\/site\/wp-content\/uploads\/2024\/08\/20240826dicimouyvc0116.png",620,413,false]},"categories_names":{"48":{"name":"Archivo de noticias","link":"https:\/\/grupomontevideo.org\/site\/category\/archivo-de-noticias\/"},"1":{"name":"Noticias universitarias","link":"https:\/\/grupomontevideo.org\/site\/category\/noticias\/"}},"tags_names":[],"comments_number":"0","_links":{"self":[{"href":"https:\/\/grupomontevideo.org\/site\/wp-json\/wp\/v2\/posts\/19970","targetHints":{"allow":["GET"]}}],"collection":[{"href":"https:\/\/grupomontevideo.org\/site\/wp-json\/wp\/v2\/posts"}],"about":[{"href":"https:\/\/grupomontevideo.org\/site\/wp-json\/wp\/v2\/types\/post"}],"author":[{"embeddable":true,"href":"https:\/\/grupomontevideo.org\/site\/wp-json\/wp\/v2\/users\/3"}],"replies":[{"embeddable":true,"href":"https:\/\/grupomontevideo.org\/site\/wp-json\/wp\/v2\/comments?post=19970"}],"version-history":[{"count":1,"href":"https:\/\/grupomontevideo.org\/site\/wp-json\/wp\/v2\/posts\/19970\/revisions"}],"predecessor-version":[{"id":19977,"href":"https:\/\/grupomontevideo.org\/site\/wp-json\/wp\/v2\/posts\/19970\/revisions\/19977"}],"wp:featuredmedia":[{"embeddable":true,"href":"https:\/\/grupomontevideo.org\/site\/wp-json\/wp\/v2\/media\/19971"}],"wp:attachment":[{"href":"https:\/\/grupomontevideo.org\/site\/wp-json\/wp\/v2\/media?parent=19970"}],"wp:term":[{"taxonomy":"category","embeddable":true,"href":"https:\/\/grupomontevideo.org\/site\/wp-json\/wp\/v2\/categories?post=19970"},{"taxonomy":"post_tag","embeddable":true,"href":"https:\/\/grupomontevideo.org\/site\/wp-json\/wp\/v2\/tags?post=19970"}],"curies":[{"name":"wp","href":"https:\/\/api.w.org\/{rel}","templated":true}]}}