{"id":19951,"date":"2024-08-22T13:23:35","date_gmt":"2024-08-22T16:23:35","guid":{"rendered":"https:\/\/grupomontevideo.org\/site\/?p=19951"},"modified":"2024-09-02T10:54:47","modified_gmt":"2024-09-02T13:54:47","slug":"reconocimiento-a-diego-barrios","status":"publish","type":"post","link":"https:\/\/grupomontevideo.org\/site\/reconocimiento-a-diego-barrios\/","title":{"rendered":"Reconocimiento a Diego Barrios."},"content":{"rendered":"\n<p><\/p>\n\n\n\n<p>Con enorme tristeza, en este espacio de cooperaci\u00f3n e intercambio entre Universidades P\u00fablicas de la regi\u00f3n, despedimos a nuestro compa\u00f1ero y amigo Diego Barrios quien, durante los 20 a\u00f1os de existencia de PROCOAS, supo animar, impulsar y movilizar el compromiso del mundo acad\u00e9mico latinoamericano para el desarrollo de otra econom\u00eda, social, solidaria y popular.<\/p>\n\n\n\n<p>Diego fue un art\u00edfice fundamental del PROCOAS. Un l\u00edder y un amigo generoso, cercano y activo en la construcci\u00f3n de lo colectivo, la integraci\u00f3n y el respeto por el trabajo articulado que enlaza la diversidad y nos caracteriza como comunidad.<\/p>\n\n\n\n<p>Diego Barrios habita PROCOAS desde su conformaci\u00f3n en abril de 2004, cuando nos propusimos apostar al fortalecimiento del trabajo territorial con organizaciones y procesos econ\u00f3micos cooperativos y asociativos desde la integralidad de las funciones sustantivas de la Universidad. En cada acci\u00f3n, evento, reuni\u00f3n, comunicaci\u00f3n, seminario sostuvo esta apuesta y la supo trasmitir a quienes nos fuimos integrando a PROCOAS, desde la reflexi\u00f3n cr\u00edtica sobre nuestras pr\u00e1cticas y la responsabilidad&nbsp; \u00e9tica y pol\u00edtica frente a los problemas y las desigualdades en nuestras sociedades.<\/p>\n\n\n\n<p>El dolor por su partida temprana y por los proyectos y seres queridos que deja en el camino es, al mismo tiempo, un potente motor: un impulso que nos moviliza para honrar su vida redoblando la utop\u00eda y la viabilidad del proyecto que tenemos entre manos, nuestro PROCOAS.<\/p>\n\n\n\n<p><strong><em>Compa\u00f1eros e integrantes del Comit\u00e9 Acad\u00e9mico&nbsp;<\/em><\/strong><\/p>\n","protected":false},"excerpt":{"rendered":"<p>Con enorme tristeza, en este espacio de cooperaci\u00f3n e intercambio entre Universidades P\u00fablicas de la regi\u00f3n, despedimos a nuestro compa\u00f1ero y amigo Diego Barrios quien, durante los 20 a\u00f1os de existencia de PROCOAS, supo animar, impulsar y movilizar el compromiso del mundo acad\u00e9mico latinoamericano para el desarrollo de otra econom\u00eda, social, solidaria y popular. Diego [&hellip;]<\/p>\n","protected":false},"author":3,"featured_media":19958,"comment_status":"closed","ping_status":"closed","sticky":false,"template":"","format":"standard","meta":{"footnotes":""},"categories":[48,1],"tags":[],"class_list":["post-19951","post","type-post","status-publish","format-standard","has-post-thumbnail","hentry","category-archivo-de-noticias","category-noticias"],"wpmagazine_modules_lite_featured_media_urls":{"thumbnail":["https:\/\/grupomontevideo.org\/site\/wp-content\/uploads\/2024\/08\/356d79_d881f4f7c9414c65a8f672fb3157dc13mv2webp-150x150.webp",150,150,true],"cvmm-medium":["https:\/\/grupomontevideo.org\/site\/wp-content\/uploads\/2024\/08\/356d79_d881f4f7c9414c65a8f672fb3157dc13mv2webp-300x300.webp",300,300,true],"cvmm-medium-plus":["https:\/\/grupomontevideo.org\/site\/wp-content\/uploads\/2024\/08\/356d79_d881f4f7c9414c65a8f672fb3157dc13mv2webp-305x207.webp",305,207,true],"cvmm-portrait":["https:\/\/grupomontevideo.org\/site\/wp-content\/uploads\/2024\/08\/356d79_d881f4f7c9414c65a8f672fb3157dc13mv2webp-400x526.webp",400,526,true],"cvmm-medium-square":["https:\/\/grupomontevideo.org\/site\/wp-content\/uploads\/2024\/08\/356d79_d881f4f7c9414c65a8f672fb3157dc13mv2webp-600x526.webp",600,526,true],"cvmm-large":["https:\/\/grupomontevideo.org\/site\/wp-content\/uploads\/2024\/08\/356d79_d881f4f7c9414c65a8f672fb3157dc13mv2webp.webp",790,526,false],"cvmm-small":["https:\/\/grupomontevideo.org\/site\/wp-content\/uploads\/2024\/08\/356d79_d881f4f7c9414c65a8f672fb3157dc13mv2webp-130x95.webp",130,95,true],"full":["https:\/\/grupomontevideo.org\/site\/wp-content\/uploads\/2024\/08\/356d79_d881f4f7c9414c65a8f672fb3157dc13mv2webp.webp",790,526,false]},"categories_names":{"48":{"name":"Archivo de noticias","link":"https:\/\/grupomontevideo.org\/site\/category\/archivo-de-noticias\/"},"1":{"name":"Noticias universitarias","link":"https:\/\/grupomontevideo.org\/site\/category\/noticias\/"}},"tags_names":[],"comments_number":"0","_links":{"self":[{"href":"https:\/\/grupomontevideo.org\/site\/wp-json\/wp\/v2\/posts\/19951","targetHints":{"allow":["GET"]}}],"collection":[{"href":"https:\/\/grupomontevideo.org\/site\/wp-json\/wp\/v2\/posts"}],"about":[{"href":"https:\/\/grupomontevideo.org\/site\/wp-json\/wp\/v2\/types\/post"}],"author":[{"embeddable":true,"href":"https:\/\/grupomontevideo.org\/site\/wp-json\/wp\/v2\/users\/3"}],"replies":[{"embeddable":true,"href":"https:\/\/grupomontevideo.org\/site\/wp-json\/wp\/v2\/comments?post=19951"}],"version-history":[{"count":2,"href":"https:\/\/grupomontevideo.org\/site\/wp-json\/wp\/v2\/posts\/19951\/revisions"}],"predecessor-version":[{"id":19955,"href":"https:\/\/grupomontevideo.org\/site\/wp-json\/wp\/v2\/posts\/19951\/revisions\/19955"}],"wp:featuredmedia":[{"embeddable":true,"href":"https:\/\/grupomontevideo.org\/site\/wp-json\/wp\/v2\/media\/19958"}],"wp:attachment":[{"href":"https:\/\/grupomontevideo.org\/site\/wp-json\/wp\/v2\/media?parent=19951"}],"wp:term":[{"taxonomy":"category","embeddable":true,"href":"https:\/\/grupomontevideo.org\/site\/wp-json\/wp\/v2\/categories?post=19951"},{"taxonomy":"post_tag","embeddable":true,"href":"https:\/\/grupomontevideo.org\/site\/wp-json\/wp\/v2\/tags?post=19951"}],"curies":[{"name":"wp","href":"https:\/\/api.w.org\/{rel}","templated":true}]}}