{"id":19575,"date":"2024-05-08T10:07:50","date_gmt":"2024-05-08T13:07:50","guid":{"rendered":"http:\/\/grupomontevideo.org\/site\/?p=19575"},"modified":"2024-07-01T09:50:45","modified_gmt":"2024-07-01T12:50:45","slug":"convocatoria-abierta-seminario-internacional-ciudades-innovadoras-verdes-e-inteligentes","status":"publish","type":"post","link":"https:\/\/grupomontevideo.org\/site\/convocatoria-abierta-seminario-internacional-ciudades-innovadoras-verdes-e-inteligentes\/","title":{"rendered":"Convocatoria abierta: Seminario Internacional \u201cCiudades innovadoras, verdes e inteligentes\u201d"},"content":{"rendered":"\n<p>Mercociudades convoca a sus gobiernos locales miembro a participar del Seminario \u201cCiudades innovadoras, verdes e inteligentes\u201d que se desarrollar\u00e1 en la ciudad de Villa Mar\u00eda, Argentina, los d\u00edas 23 y 24 de septiembre de 2024.&nbsp;<strong>El formulario de postulaciones de trabajos permanecer\u00e1 abierto hasta el 14 de junio.&nbsp;&nbsp;<\/strong><\/p>\n\n\n\n<p>Durante la formaci\u00f3n se debatir\u00e1n y expondr\u00e1n las mejores pr\u00e1cticas y pol\u00edticas de gobernanza a nivel mundial para gobiernos locales para que las ciudades puedan avanzar hacia un futuro m\u00e1s sostenible, eficiente y de forma m\u00e1s innovadora.<\/p>\n\n\n\n<p>El seminario se desarrollar\u00e1 en torno a 3 ejes: innovaci\u00f3n, ciudades verdes, y ciudades inteligentes. Se explorar\u00e1n diversos temas relacionados con el desarrollo urbano, la gesti\u00f3n de recursos, la innovaci\u00f3n tecnol\u00f3gica y las pr\u00e1cticas sostenibles. Adem\u00e1s, se presentar\u00e1n casos de \u00e9xito, mejores pr\u00e1cticas y proyectos innovadores implementados en diferentes ciudades de Sudam\u00e9rica y Europa.<\/p>\n\n\n\n<p><strong>Exposici\u00f3n de casos de \u00e9xito<\/strong><\/p>\n\n\n\n<p>En esta instancia los gobiernos locales, universidades, ONGs (que participan en proyectos financiados por la UE) y empresas tienen la posibilidad de presentar casos exitosos relacionados con ciudades innovadoras, verdes e inteligentes.<\/p>\n\n\n\n<p>La selecci\u00f3n de casos estar\u00e1 a cargo de un Comit\u00e9 Internacional, conformado por:<\/p>\n\n\n\n<ul class=\"wp-block-list\">\n<li>Un representante por la Secretar\u00eda Ejecutiva de Mercociudades (San Pablo)<\/li>\n\n\n\n<li>Un representante de la Municipalidad de Villa Mar\u00eda<\/li>\n\n\n\n<li>AUGM-UNL<\/li>\n<\/ul>\n\n\n\n<p>El seminario es organizado conjuntamente por la Municipalidad de Villa Mar\u00eda y la Red Mercociudades, y cuenta con el apoyo del programa \u201cAsociaciones por Ciudades Sostenibles\u201d de la Uni\u00f3n Europea. La organizaci\u00f3n cubrir\u00e1 los gastos de alojamiento, alimentaci\u00f3n y traslados durante el encuentro en la ciudad de Villa Mar\u00eda.<\/p>\n\n\n\n<p>Quienes tengan inter\u00e9s en presentar trabajos podr\u00e1n hacerlo a trav\u00e9s de&nbsp;<a href=\"https:\/\/docs.google.com\/forms\/d\/e\/1FAIpQLSemTDkfVbSdYzL2ly5-StPvN4BfSzZsh8tEmZB5QadFDirxeA\/viewform?pli=1\"><strong>este formulario en l\u00ednea<\/strong><\/a>, que permanecer\u00e1 disponible hasta el 14 de junio.<\/p>\n\n\n\n<p>Descargue aqu\u00ed el&nbsp;<a href=\"https:\/\/mercociudades.org\/wp-content\/uploads\/2024\/04\/Convocatoria-Seminario-Internacional-Mercociudades_Villa-Maria-sept.pdf\">programa preliminar<\/a>.<\/p>\n\n\n\n<p>Por consultas, o mayor informaci\u00f3n escribir al correo electr\u00f3nico&nbsp;<a href=\"mailto:desarrollointegrado.mvm.ue@gmail.com\">desarrollointegrado.mvm.ue@gmail.com<\/a><\/p>\n\n\n\n<figure class=\"wp-block-image size-large\"><img fetchpriority=\"high\" decoding=\"async\" width=\"1024\" height=\"577\" src=\"https:\/\/grupomontevideo.org\/site\/wp-content\/uploads\/2024\/05\/SEMINARIO-WEB-1024x577.jpg\" alt=\"\" class=\"wp-image-19576\" srcset=\"https:\/\/grupomontevideo.org\/site\/wp-content\/uploads\/2024\/05\/SEMINARIO-WEB-1024x577.jpg 1024w, https:\/\/grupomontevideo.org\/site\/wp-content\/uploads\/2024\/05\/SEMINARIO-WEB-300x169.jpg 300w, https:\/\/grupomontevideo.org\/site\/wp-content\/uploads\/2024\/05\/SEMINARIO-WEB-768x433.jpg 768w, https:\/\/grupomontevideo.org\/site\/wp-content\/uploads\/2024\/05\/SEMINARIO-WEB.jpg 1080w\" sizes=\"(max-width: 1024px) 100vw, 1024px\" \/><\/figure>\n","protected":false},"excerpt":{"rendered":"<p>El 23 y 24 de setiembre, en Villa Mar\u00eda, Argentina. <\/p>\n","protected":false},"author":3,"featured_media":19577,"comment_status":"closed","ping_status":"closed","sticky":false,"template":"","format":"standard","meta":{"footnotes":""},"categories":[48,1],"tags":[],"class_list":["post-19575","post","type-post","status-publish","format-standard","has-post-thumbnail","hentry","category-archivo-de-noticias","category-noticias"],"wpmagazine_modules_lite_featured_media_urls":{"thumbnail":["https:\/\/grupomontevideo.org\/site\/wp-content\/uploads\/2024\/05\/pexels-clement-proust-363898785-19981915-150x150.jpg",150,150,true],"cvmm-medium":["https:\/\/grupomontevideo.org\/site\/wp-content\/uploads\/2024\/05\/pexels-clement-proust-363898785-19981915-300x300.jpg",300,300,true],"cvmm-medium-plus":["https:\/\/grupomontevideo.org\/site\/wp-content\/uploads\/2024\/05\/pexels-clement-proust-363898785-19981915-305x207.jpg",305,207,true],"cvmm-portrait":["https:\/\/grupomontevideo.org\/site\/wp-content\/uploads\/2024\/05\/pexels-clement-proust-363898785-19981915-400x600.jpg",400,600,true],"cvmm-medium-square":["https:\/\/grupomontevideo.org\/site\/wp-content\/uploads\/2024\/05\/pexels-clement-proust-363898785-19981915-600x600.jpg",600,600,true],"cvmm-large":["https:\/\/grupomontevideo.org\/site\/wp-content\/uploads\/2024\/05\/pexels-clement-proust-363898785-19981915-1024x1024.jpg",1024,1024,true],"cvmm-small":["https:\/\/grupomontevideo.org\/site\/wp-content\/uploads\/2024\/05\/pexels-clement-proust-363898785-19981915-130x95.jpg",130,95,true],"full":["https:\/\/grupomontevideo.org\/site\/wp-content\/uploads\/2024\/05\/pexels-clement-proust-363898785-19981915-scaled.jpg",2560,1707,false]},"categories_names":{"48":{"name":"Archivo de noticias","link":"https:\/\/grupomontevideo.org\/site\/category\/archivo-de-noticias\/"},"1":{"name":"Noticias universitarias","link":"https:\/\/grupomontevideo.org\/site\/category\/noticias\/"}},"tags_names":[],"comments_number":"0","_links":{"self":[{"href":"https:\/\/grupomontevideo.org\/site\/wp-json\/wp\/v2\/posts\/19575","targetHints":{"allow":["GET"]}}],"collection":[{"href":"https:\/\/grupomontevideo.org\/site\/wp-json\/wp\/v2\/posts"}],"about":[{"href":"https:\/\/grupomontevideo.org\/site\/wp-json\/wp\/v2\/types\/post"}],"author":[{"embeddable":true,"href":"https:\/\/grupomontevideo.org\/site\/wp-json\/wp\/v2\/users\/3"}],"replies":[{"embeddable":true,"href":"https:\/\/grupomontevideo.org\/site\/wp-json\/wp\/v2\/comments?post=19575"}],"version-history":[{"count":1,"href":"https:\/\/grupomontevideo.org\/site\/wp-json\/wp\/v2\/posts\/19575\/revisions"}],"predecessor-version":[{"id":19578,"href":"https:\/\/grupomontevideo.org\/site\/wp-json\/wp\/v2\/posts\/19575\/revisions\/19578"}],"wp:featuredmedia":[{"embeddable":true,"href":"https:\/\/grupomontevideo.org\/site\/wp-json\/wp\/v2\/media\/19577"}],"wp:attachment":[{"href":"https:\/\/grupomontevideo.org\/site\/wp-json\/wp\/v2\/media?parent=19575"}],"wp:term":[{"taxonomy":"category","embeddable":true,"href":"https:\/\/grupomontevideo.org\/site\/wp-json\/wp\/v2\/categories?post=19575"},{"taxonomy":"post_tag","embeddable":true,"href":"https:\/\/grupomontevideo.org\/site\/wp-json\/wp\/v2\/tags?post=19575"}],"curies":[{"name":"wp","href":"https:\/\/api.w.org\/{rel}","templated":true}]}}