{"id":19538,"date":"2024-04-29T11:22:10","date_gmt":"2024-04-29T14:22:10","guid":{"rendered":"http:\/\/grupomontevideo.org\/site\/?p=19538"},"modified":"2024-05-17T09:48:50","modified_gmt":"2024-05-17T12:48:50","slug":"convocatoria-de-posdoctorado-proyecto-en-la-biologia-del-arn-y-la-sintesis-de-proteinas-en-axones","status":"publish","type":"post","link":"https:\/\/grupomontevideo.org\/site\/convocatoria-de-posdoctorado-proyecto-en-la-biologia-del-arn-y-la-sintesis-de-proteinas-en-axones\/","title":{"rendered":"Convocatoria de posdoctorado: proyecto en la biolog\u00eda del ARN y la s\u00edntesis de prote\u00ednas en axones"},"content":{"rendered":"\n<p><strong>El <a href=\"https:\/\/www.gub.uy\/ministerio-educacion-cultura\/politicas-y-gestion\/departamento-genomica\">Departamento de Gen\u00f3mica<\/a><\/strong>\u00a0<strong>del<a href=\"https:\/\/www.gub.uy\/ministerio-educacion-cultura\/iibce\"> Instituto de Investigaciones Biol\u00f3gicas Clemente Estable<\/a> de Uruguay ofrece una posici\u00f3n de posdoctorado por dos a\u00f1os, a comenzar en 2024, en el marco de un proyecto financiado por la Agencia Nacional de Investigaci\u00f3n e Innovaci\u00f3n (ANII). <\/strong><\/p>\n\n\n\n<p>El proyecto a desarrollar se centra en la biolog\u00eda del ARN y la s\u00edntesis de prote\u00ednas en axones, utilizando aproximaciones como RNA-seq, bioinform\u00e1tica y microscop\u00eda de super &#8211; resoluci\u00f3n<strong>. <\/strong>El proyecto se realiza en colaboraci\u00f3n con el Max Plank Institute for Brain Research, en Alemania.<\/p>\n\n\n\n<p>La posici\u00f3n de PostDoc\u00a0corresponde a las Becas de otorgadas por ANII que\u00a0otorga un apoyo de aprox. 79.400 pesos uruguayos mensuales. Para la posici\u00f3n se podran\u00a0presentar investigadores extranjeros o uruguayos que hayan estado radicados al menos tres a\u00f1os en el exterior.<\/p>\n\n\n\n<p>Cabe resaltar que al momento de la presentaci\u00f3n los investigadores podr\u00e1n estar residiendo en el exterior, o en caso de estar residiendo en Uruguay, no deber\u00e1 ser por un periodo mayor a 12 meses luego de haber retornado al pa\u00eds.\u00a0<\/p>\n\n\n\n<p><strong>Los interesados deben enviar su CV (con referencias) y una carta de motivaci\u00f3n al Dr. Jos\u00e9 Sotelo (<a href=\"mailto:sotelojos@gmail.com\" target=\"_blank\" rel=\"noreferrer noopener\">sotelojos@gmail.com<\/a>;\u00a0<a href=\"https:\/\/www.gub.uy\/ministerio-educacion-cultura\/politicas-y-gestion\/departamento-genomica\" target=\"_blank\" rel=\"noreferrer noopener\">https:\/\/www.gub.uy\/ministerio-educacion-cultura\/politicas-y-gestion\/departamento-genomica<\/a>: Google Schoolar:\u00a0<a href=\"https:\/\/scholar.google.com\/citations?user=_ITYTEMAAAAJ&amp;hl=es\" target=\"_blank\" rel=\"noreferrer noopener\">https:\/\/scholar.google.com\/citations?user=_ITYTEMAAAAJ&amp;hl=es<\/a>\u00a0).<\/strong><\/p>\n\n\n\n<p>Esta convocatoria se enmarca en el <a href=\"http:\/\/grupomontevideo.org\/sitio\/wp-content\/uploads\/2015\/11\/Convenio-Instituto-Clemente-Estable.pdf\">convenio firmado entre AUGM y el IIBCE<\/a><\/p>\n","protected":false},"excerpt":{"rendered":"<p>Equivale a becas otorgadas por la ANII de Uruguay. <\/p>\n","protected":false},"author":3,"featured_media":19540,"comment_status":"closed","ping_status":"closed","sticky":false,"template":"","format":"standard","meta":{"footnotes":""},"categories":[48,1],"tags":[],"class_list":["post-19538","post","type-post","status-publish","format-standard","has-post-thumbnail","hentry","category-archivo-de-noticias","category-noticias"],"wpmagazine_modules_lite_featured_media_urls":{"thumbnail":["https:\/\/grupomontevideo.org\/site\/wp-content\/uploads\/2024\/04\/pexels-polina-tankilevitch-3735782-150x150.jpg",150,150,true],"cvmm-medium":["https:\/\/grupomontevideo.org\/site\/wp-content\/uploads\/2024\/04\/pexels-polina-tankilevitch-3735782-300x300.jpg",300,300,true],"cvmm-medium-plus":["https:\/\/grupomontevideo.org\/site\/wp-content\/uploads\/2024\/04\/pexels-polina-tankilevitch-3735782-305x207.jpg",305,207,true],"cvmm-portrait":["https:\/\/grupomontevideo.org\/site\/wp-content\/uploads\/2024\/04\/pexels-polina-tankilevitch-3735782-400x600.jpg",400,600,true],"cvmm-medium-square":["https:\/\/grupomontevideo.org\/site\/wp-content\/uploads\/2024\/04\/pexels-polina-tankilevitch-3735782-600x600.jpg",600,600,true],"cvmm-large":["https:\/\/grupomontevideo.org\/site\/wp-content\/uploads\/2024\/04\/pexels-polina-tankilevitch-3735782-1024x1024.jpg",1024,1024,true],"cvmm-small":["https:\/\/grupomontevideo.org\/site\/wp-content\/uploads\/2024\/04\/pexels-polina-tankilevitch-3735782-130x95.jpg",130,95,true],"full":["https:\/\/grupomontevideo.org\/site\/wp-content\/uploads\/2024\/04\/pexels-polina-tankilevitch-3735782-scaled.jpg",2560,1706,false]},"categories_names":{"48":{"name":"Archivo de noticias","link":"https:\/\/grupomontevideo.org\/site\/category\/archivo-de-noticias\/"},"1":{"name":"Noticias universitarias","link":"https:\/\/grupomontevideo.org\/site\/category\/noticias\/"}},"tags_names":[],"comments_number":"0","_links":{"self":[{"href":"https:\/\/grupomontevideo.org\/site\/wp-json\/wp\/v2\/posts\/19538","targetHints":{"allow":["GET"]}}],"collection":[{"href":"https:\/\/grupomontevideo.org\/site\/wp-json\/wp\/v2\/posts"}],"about":[{"href":"https:\/\/grupomontevideo.org\/site\/wp-json\/wp\/v2\/types\/post"}],"author":[{"embeddable":true,"href":"https:\/\/grupomontevideo.org\/site\/wp-json\/wp\/v2\/users\/3"}],"replies":[{"embeddable":true,"href":"https:\/\/grupomontevideo.org\/site\/wp-json\/wp\/v2\/comments?post=19538"}],"version-history":[{"count":1,"href":"https:\/\/grupomontevideo.org\/site\/wp-json\/wp\/v2\/posts\/19538\/revisions"}],"predecessor-version":[{"id":19541,"href":"https:\/\/grupomontevideo.org\/site\/wp-json\/wp\/v2\/posts\/19538\/revisions\/19541"}],"wp:featuredmedia":[{"embeddable":true,"href":"https:\/\/grupomontevideo.org\/site\/wp-json\/wp\/v2\/media\/19540"}],"wp:attachment":[{"href":"https:\/\/grupomontevideo.org\/site\/wp-json\/wp\/v2\/media?parent=19538"}],"wp:term":[{"taxonomy":"category","embeddable":true,"href":"https:\/\/grupomontevideo.org\/site\/wp-json\/wp\/v2\/categories?post=19538"},{"taxonomy":"post_tag","embeddable":true,"href":"https:\/\/grupomontevideo.org\/site\/wp-json\/wp\/v2\/tags?post=19538"}],"curies":[{"name":"wp","href":"https:\/\/api.w.org\/{rel}","templated":true}]}}