{"id":19521,"date":"2024-04-24T21:42:09","date_gmt":"2024-04-25T00:42:09","guid":{"rendered":"http:\/\/grupomontevideo.org\/site\/?p=19521"},"modified":"2024-05-17T09:48:14","modified_gmt":"2024-05-17T12:48:14","slug":"consulta-publica-internacional-para-crear-instituto-binacional-entre-brasil-y-paraguay","status":"publish","type":"post","link":"https:\/\/grupomontevideo.org\/site\/consulta-publica-internacional-para-crear-instituto-binacional-entre-brasil-y-paraguay\/","title":{"rendered":"Consulta p\u00fablica internacional para crear instituto binacional entre Brasil y Paraguay"},"content":{"rendered":"\n<p><\/p>\n\n\n\n<p><strong>La Universidad Federal de Integraci\u00f3n Latinoamericana (UNILA) y la Universidad Nacional del Este (UNE) tienen la posibilidad de crear, con el apoyo de los Ministerios de Educaci\u00f3n y de las Canciller\u00edas de sus pa\u00edses, un Instituto Binacional en la frontera entre Brasil y Paraguay, en las ciudades de Foz do Igua\u00e7u y Ciudad del Este.<\/strong><\/p>\n\n\n\n<p>Debido a la necesidad de ampliar la participaci\u00f3n de la comunidad interna y externa en el proceso de estudio de la viabilidad de crear este Instituto, el grupo de trabajo encargado de conducir el proceso abri\u00f3 una consulta p\u00fablica internacional para enviar sugerencias y propuestas para impulsar el trabajo.<\/p>\n\n\n\n<p>El objetivo del grupo es fortalecer la Internacionalizaci\u00f3n de la UNILA, y su composici\u00f3n se bas\u00f3 en las Ordenanzas n\u00ba 43\/2023 y n\u00ba 44\/2023 del MEC, e incluye representantes de los Ministerios de Educaci\u00f3n de Brasil y Paraguay, de la UNILA y UNE, as\u00ed como investigadores de CAPES y CONACYT, adem\u00e1s de diplom\u00e1ticos de ambos pa\u00edses. Desde febrero de 2024, el grupo viene realizando una serie de actividades, como seminarios y foros de discusi\u00f3n. \u00ab<em>Es siguiendo ese mismo esp\u00edritu de colaboraci\u00f3n y construcci\u00f3n colectiva que este formulario pretende ser un espacio de acogida de ideas, cr\u00edticas y sugerencias. Y para continuar el trabajo del GT, es muy importante la colaboraci\u00f3n de todos<\/em>\u00ab, destaca Diana Araujo Pereira, rectora de la UNILA .<\/p>\n\n\n\n<p>Diana tambi\u00e9n destaca que la UNILA vive actualmente un nuevo per\u00edodo de consolidaci\u00f3n, fortalecimiento y ampliaci\u00f3n de su misi\u00f3n institucional, que es \u201c<em>formar recursos humanos capaces de contribuir a la integraci\u00f3n latinoamericana, al desarrollo regional y al intercambio cultural, cient\u00edfico y educativo de Am\u00e9rica Latina. especialmente en el Mercado Com\u00fan del Sur (Mercosur)<\/em>\u201d, alineado con la pol\u00edtica exterior estatal y con la Constituci\u00f3n Federal en su art\u00edculo 4, P\u00e1rrafo \u00danico: \u201c<em>La Rep\u00fablica Federativa del Brasil buscar\u00e1 la integraci\u00f3n econ\u00f3mica, pol\u00edtica, social y cultural de los pueblos de Am\u00e9rica Latina, encaminada a la formaci\u00f3n de una comunidad latinoamericana de naciones<\/em>\u201d.<\/p>\n\n\n\n<p><strong>Consulta p\u00fablica<\/strong><\/p>\n\n\n\n<p>El formulario \u201c<em>consulta internacional: aportes para la concepci\u00f3n de una propuesta pol\u00edtico-pedag\u00f3gica para el Instituto Binacional Brasil-Paraguay<\/em>\u201d estar\u00e1 abierto a la participaci\u00f3n hasta el 22 de mayo, y se puede acceder a trav\u00e9s del <a href=\"https:\/\/docs.google.com\/forms\/d\/13VwoJM7eLlw2v0PFgvmsWGH38WzKeRI8o0LylrdA1cc\/viewform?edit_requested=true\">siguiente enlace<\/a>. Otros contenidos y documentos relacionados con el GT se pueden encontrar en la p\u00e1gina del Instituto Binacional, en el portal PROINT &#8211; prorrectorado de relaciones institucionales e internacionales.<\/p>\n\n\n\n<p><strong>Seminario de Internacionalizaci\u00f3n<\/strong><\/p>\n\n\n\n<p>Tambi\u00e9n el 22 de mayo se realizar\u00e1 otro seminario GT en la UNILA, que contar\u00e1 con la presencia de la investigadora argentina Dra. Daniela Perrota, especialista en internacionalizaci\u00f3n de la educaci\u00f3n superior. Su charla se centrar\u00e1 en la importancia de la educaci\u00f3n para la integraci\u00f3n regional, con el objetivo de calificar a\u00fan m\u00e1s todo el proceso de dise\u00f1o del Instituto Binacional entre Brasil y Paraguay. El evento tendr\u00e1 lugar en el miniauditorio del campus JU (sala C203), de 18.00 a 21.00 horas.<\/p>\n","protected":false},"excerpt":{"rendered":"<p>Hasta el 22 de mayo. <\/p>\n","protected":false},"author":3,"featured_media":19522,"comment_status":"closed","ping_status":"closed","sticky":false,"template":"","format":"standard","meta":{"footnotes":""},"categories":[48,1],"tags":[],"class_list":["post-19521","post","type-post","status-publish","format-standard","has-post-thumbnail","hentry","category-archivo-de-noticias","category-noticias"],"wpmagazine_modules_lite_featured_media_urls":{"thumbnail":["https:\/\/grupomontevideo.org\/site\/wp-content\/uploads\/2024\/04\/Imagen-de-WhatsApp-2024-04-24-a-las-15.02.32_2684054e-150x150.jpg",150,150,true],"cvmm-medium":["https:\/\/grupomontevideo.org\/site\/wp-content\/uploads\/2024\/04\/Imagen-de-WhatsApp-2024-04-24-a-las-15.02.32_2684054e-300x300.jpg",300,300,true],"cvmm-medium-plus":["https:\/\/grupomontevideo.org\/site\/wp-content\/uploads\/2024\/04\/Imagen-de-WhatsApp-2024-04-24-a-las-15.02.32_2684054e-305x207.jpg",305,207,true],"cvmm-portrait":["https:\/\/grupomontevideo.org\/site\/wp-content\/uploads\/2024\/04\/Imagen-de-WhatsApp-2024-04-24-a-las-15.02.32_2684054e-400x600.jpg",400,600,true],"cvmm-medium-square":["https:\/\/grupomontevideo.org\/site\/wp-content\/uploads\/2024\/04\/Imagen-de-WhatsApp-2024-04-24-a-las-15.02.32_2684054e-600x600.jpg",600,600,true],"cvmm-large":["https:\/\/grupomontevideo.org\/site\/wp-content\/uploads\/2024\/04\/Imagen-de-WhatsApp-2024-04-24-a-las-15.02.32_2684054e-1024x1024.jpg",1024,1024,true],"cvmm-small":["https:\/\/grupomontevideo.org\/site\/wp-content\/uploads\/2024\/04\/Imagen-de-WhatsApp-2024-04-24-a-las-15.02.32_2684054e-130x95.jpg",130,95,true],"full":["https:\/\/grupomontevideo.org\/site\/wp-content\/uploads\/2024\/04\/Imagen-de-WhatsApp-2024-04-24-a-las-15.02.32_2684054e.jpg",1081,1080,false]},"categories_names":{"48":{"name":"Archivo de noticias","link":"https:\/\/grupomontevideo.org\/site\/category\/archivo-de-noticias\/"},"1":{"name":"Noticias universitarias","link":"https:\/\/grupomontevideo.org\/site\/category\/noticias\/"}},"tags_names":[],"comments_number":"0","_links":{"self":[{"href":"https:\/\/grupomontevideo.org\/site\/wp-json\/wp\/v2\/posts\/19521","targetHints":{"allow":["GET"]}}],"collection":[{"href":"https:\/\/grupomontevideo.org\/site\/wp-json\/wp\/v2\/posts"}],"about":[{"href":"https:\/\/grupomontevideo.org\/site\/wp-json\/wp\/v2\/types\/post"}],"author":[{"embeddable":true,"href":"https:\/\/grupomontevideo.org\/site\/wp-json\/wp\/v2\/users\/3"}],"replies":[{"embeddable":true,"href":"https:\/\/grupomontevideo.org\/site\/wp-json\/wp\/v2\/comments?post=19521"}],"version-history":[{"count":3,"href":"https:\/\/grupomontevideo.org\/site\/wp-json\/wp\/v2\/posts\/19521\/revisions"}],"predecessor-version":[{"id":19539,"href":"https:\/\/grupomontevideo.org\/site\/wp-json\/wp\/v2\/posts\/19521\/revisions\/19539"}],"wp:featuredmedia":[{"embeddable":true,"href":"https:\/\/grupomontevideo.org\/site\/wp-json\/wp\/v2\/media\/19522"}],"wp:attachment":[{"href":"https:\/\/grupomontevideo.org\/site\/wp-json\/wp\/v2\/media?parent=19521"}],"wp:term":[{"taxonomy":"category","embeddable":true,"href":"https:\/\/grupomontevideo.org\/site\/wp-json\/wp\/v2\/categories?post=19521"},{"taxonomy":"post_tag","embeddable":true,"href":"https:\/\/grupomontevideo.org\/site\/wp-json\/wp\/v2\/tags?post=19521"}],"curies":[{"name":"wp","href":"https:\/\/api.w.org\/{rel}","templated":true}]}}