{"id":19510,"date":"2024-04-18T08:57:19","date_gmt":"2024-04-18T11:57:19","guid":{"rendered":"http:\/\/grupomontevideo.org\/site\/?p=19510"},"modified":"2024-05-06T09:37:11","modified_gmt":"2024-05-06T12:37:11","slug":"udualc-cumple-75-anos-al-servicio-de-los-intereses-de-la-educacion-superior-y-el-desarrollo-del-conocimiento-en-la-region","status":"publish","type":"post","link":"https:\/\/grupomontevideo.org\/site\/udualc-cumple-75-anos-al-servicio-de-los-intereses-de-la-educacion-superior-y-el-desarrollo-del-conocimiento-en-la-region\/","title":{"rendered":"UDUALC cumple 75 a\u00f1os al servicio de los intereses de la educaci\u00f3n superior y el desarrollo del conocimiento en la regi\u00f3n"},"content":{"rendered":"\n<p>La<strong> Uni\u00f3n de Universidades de Am\u00e9rica Latina y el Caribe (UDUALC) cumple 75 a\u00f1os en este 2024 y la Asociaci\u00f3n de Universidades Grupo Montevideo (AUGM) env\u00eda sus felicitaciones por este tiempo \u201c<em>al servicio de los intereses de la educaci\u00f3n superior y el desarrollo del conocimiento en la regi\u00f3n<\/em><\/strong><em>, acompa\u00f1ando en primera fila los procesos de lucha por la autonom\u00eda universitaria, las justas demandas de docentes, estudiantes y funcionarios, en defensa de la democracia y en contra de los autoritarismos en nuestro continente<\/em>\u201d.<\/p>\n\n\n\n<p>En una carta emitida este jueves 17 de abril, el secretario Ejecutivo de AUGM, Alvaro Rico, en nombre de la AUGM, celebra la fundaci\u00f3n de UDUALC el 22 de setiembre de 1949, inscripta en ese entonces en una \u201c<em>encrucijada de acontecimientos internacionales que marcaron una nueva \u00e9poca hist\u00f3rica signada por el fin de la segunda guerra mundial, la derrota del nazi-fascismo y el inicio de la llamada Guerra Fr\u00eda<\/em>\u201d.<\/p>\n\n\n\n<p>\u201c<em><strong>Compartiendo principios y objetivos comunes, en primer lugar, la educaci\u00f3n como un derecho humano universal y bien p\u00fablico social<\/strong>, la Asociaci\u00f3n de Universidades Grupo Montevideo y la Uni\u00f3n de Universidades de Am\u00e9rica Latina y el Caribe, han tenido un largo recorrido juntos en el continente, que reconocemos y auguramos continuar por muchos a\u00f1os m\u00e1s. \u00a1Felicitaciones UDUALC por el 75 Aniversario!<\/em>\u201d, expresa.\u00a0<\/p>\n\n\n\n<p>UDUALC es hoy un organismo regional no gubernamental, sin fines de lucro, reconocido por la UNESCO. Aquellas 24 universidades fundadoras del primer Congreso de universidades latinoamericanas se multiplicaron hasta llegar actualmente a 230 universidades y 23 asociaciones y redes universitarias miembros de UDUALC, representativas de veintid\u00f3s pa\u00edses de la regi\u00f3n.<\/p>\n\n\n\n<div class=\"wp-block-buttons is-layout-flex wp-block-buttons-is-layout-flex\">\n<div class=\"wp-block-button has-custom-width wp-block-button__width-100\"><a class=\"wp-block-button__link wp-element-button\" href=\"https:\/\/grupomontevideo.org\/site\/wp-content\/uploads\/2024\/04\/Saludo-a-UDUALC-75-Anos.pdf\" style=\"border-radius:0px\">Leer carta completa<\/a><\/div>\n<\/div>\n","protected":false},"excerpt":{"rendered":"<p>La Uni\u00f3n de Universidades de Am\u00e9rica Latina y el Caribe (UDUALC) cumple 75 a\u00f1os en este 2024 y la Asociaci\u00f3n de Universidades Grupo Montevideo (AUGM) env\u00eda sus felicitaciones por este tiempo \u201cal servicio de los intereses de la educaci\u00f3n superior y el desarrollo del conocimiento en la regi\u00f3n, acompa\u00f1ando en primera fila los procesos de [&hellip;]<\/p>\n","protected":false},"author":3,"featured_media":19515,"comment_status":"closed","ping_status":"closed","sticky":false,"template":"","format":"standard","meta":{"footnotes":""},"categories":[48,1],"tags":[],"class_list":["post-19510","post","type-post","status-publish","format-standard","has-post-thumbnail","hentry","category-archivo-de-noticias","category-noticias"],"wpmagazine_modules_lite_featured_media_urls":{"thumbnail":["https:\/\/grupomontevideo.org\/site\/wp-content\/uploads\/2024\/04\/Diseno-sin-titulo-3-150x150.png",150,150,true],"cvmm-medium":["https:\/\/grupomontevideo.org\/site\/wp-content\/uploads\/2024\/04\/Diseno-sin-titulo-3-300x300.png",300,300,true],"cvmm-medium-plus":["https:\/\/grupomontevideo.org\/site\/wp-content\/uploads\/2024\/04\/Diseno-sin-titulo-3-305x207.png",305,207,true],"cvmm-portrait":["https:\/\/grupomontevideo.org\/site\/wp-content\/uploads\/2024\/04\/Diseno-sin-titulo-3-400x600.png",400,600,true],"cvmm-medium-square":["https:\/\/grupomontevideo.org\/site\/wp-content\/uploads\/2024\/04\/Diseno-sin-titulo-3-600x600.png",600,600,true],"cvmm-large":["https:\/\/grupomontevideo.org\/site\/wp-content\/uploads\/2024\/04\/Diseno-sin-titulo-3-1024x1024.png",1024,1024,true],"cvmm-small":["https:\/\/grupomontevideo.org\/site\/wp-content\/uploads\/2024\/04\/Diseno-sin-titulo-3-130x95.png",130,95,true],"full":["https:\/\/grupomontevideo.org\/site\/wp-content\/uploads\/2024\/04\/Diseno-sin-titulo-3.png",1920,1080,false]},"categories_names":{"48":{"name":"Archivo de noticias","link":"https:\/\/grupomontevideo.org\/site\/category\/archivo-de-noticias\/"},"1":{"name":"Noticias universitarias","link":"https:\/\/grupomontevideo.org\/site\/category\/noticias\/"}},"tags_names":[],"comments_number":"0","_links":{"self":[{"href":"https:\/\/grupomontevideo.org\/site\/wp-json\/wp\/v2\/posts\/19510","targetHints":{"allow":["GET"]}}],"collection":[{"href":"https:\/\/grupomontevideo.org\/site\/wp-json\/wp\/v2\/posts"}],"about":[{"href":"https:\/\/grupomontevideo.org\/site\/wp-json\/wp\/v2\/types\/post"}],"author":[{"embeddable":true,"href":"https:\/\/grupomontevideo.org\/site\/wp-json\/wp\/v2\/users\/3"}],"replies":[{"embeddable":true,"href":"https:\/\/grupomontevideo.org\/site\/wp-json\/wp\/v2\/comments?post=19510"}],"version-history":[{"count":1,"href":"https:\/\/grupomontevideo.org\/site\/wp-json\/wp\/v2\/posts\/19510\/revisions"}],"predecessor-version":[{"id":19513,"href":"https:\/\/grupomontevideo.org\/site\/wp-json\/wp\/v2\/posts\/19510\/revisions\/19513"}],"wp:featuredmedia":[{"embeddable":true,"href":"https:\/\/grupomontevideo.org\/site\/wp-json\/wp\/v2\/media\/19515"}],"wp:attachment":[{"href":"https:\/\/grupomontevideo.org\/site\/wp-json\/wp\/v2\/media?parent=19510"}],"wp:term":[{"taxonomy":"category","embeddable":true,"href":"https:\/\/grupomontevideo.org\/site\/wp-json\/wp\/v2\/categories?post=19510"},{"taxonomy":"post_tag","embeddable":true,"href":"https:\/\/grupomontevideo.org\/site\/wp-json\/wp\/v2\/tags?post=19510"}],"curies":[{"name":"wp","href":"https:\/\/api.w.org\/{rel}","templated":true}]}}