{"id":19475,"date":"2024-04-11T09:15:49","date_gmt":"2024-04-11T12:15:49","guid":{"rendered":"http:\/\/grupomontevideo.org\/site\/?p=19475"},"modified":"2024-05-03T11:37:53","modified_gmt":"2024-05-03T14:37:53","slug":"instituciones-de-latinoamerica-y-union-europera-trabajaron-en-la-promocion-conjunta-de-investigacion-e-innovacion","status":"publish","type":"post","link":"https:\/\/grupomontevideo.org\/site\/instituciones-de-latinoamerica-y-union-europera-trabajaron-en-la-promocion-conjunta-de-investigacion-e-innovacion\/","title":{"rendered":"Instituciones de Latinoam\u00e9rica y Uni\u00f3n Europera trabajaron en la promoci\u00f3n conjunta de investigaci\u00f3n e innovaci\u00f3n"},"content":{"rendered":"\n<p>Este 8 y 9 de abril se llev\u00f3 adelante el \u201c<strong><em>Taller para articular el trabajo de actores que promueven la \u2018Iniciativa Conjunta de Investigaci\u00f3n e innovaci\u00f3n\u2019 y el \u2018Espacio Com\u00fan de Educaci\u00f3n Superior Uni\u00f3n Europa (UE) y la Comunidad de Estados Latinoamericanos y Caribe\u00f1os (CELAC)`<\/em><\/strong>\u00ab, que tuvo lugar en el Instituto Cervantes de Hamburgo, Alemania.\u00a0<\/p>\n\n\n\n<p>Este espacio, organizado por la Fundaci\u00f3n EU-LAC, <strong>se propuso volver visible el rol de la educaci\u00f3n superior y del sector universitario en la generaci\u00f3n de competencias y conocimiento requerido para ofrecer soluciones a las m\u00faltiples crisis de nuestros tiempos<\/strong> y los procesos de transici\u00f3n social, econ\u00f3mica y ambiental, es decir, a los temas centrales de la agenda birregional;<\/p>\n\n\n\n<p>Adem\u00e1s busc\u00f3 <strong>propiciar un espacio para el di\u00e1logo entre actores que promueven la cooperaci\u00f3n entre Am\u00e9rica Latina y el Caribe y la Uni\u00f3n Europea<\/strong> en materia de la Educaci\u00f3n Superior, la Ciencia, Tecnolog\u00eda e Innovaci\u00f3n, para identificar prioridades compartidas, abordar los \u201cpuntos ciegos\u201d y lagunas que deber\u00edan superarse para vincular procesos e iniciativas en marcha, explorar posibilidades de cooperaci\u00f3n y crear sinergias que potencien el impacto de los esfuerzos generados.\u00a0<\/p>\n\n\n\n<p>Por la Asociaci\u00f3n de Universidades Grupo Montevideo particip\u00f3<strong> Juan Sotelo, coordinador de Programas y Proyectos<\/strong>, quien remarc\u00f3 el \u201c<em>convencimiento de que la pol\u00edtica de\u00a0inserci\u00f3n internacional es parte sustantiva de la existencia e inter\u00e9s\u201d <\/em>no solo de AUGM, sino<em> \u201cde quienes la componen y de la obtenci\u00f3n\u00a0 de los recursos necesarios para un desarrollo integral, como objetivo estrat\u00e9gico para la integraci\u00f3n regional, y en este caso regional<\/em>\u201d.\u00a0\u00a0<\/p>\n\n\n<div class=\"wp-block-image\">\n<figure class=\"alignleft size-large is-resized\"><img fetchpriority=\"high\" decoding=\"async\" width=\"1024\" height=\"768\" src=\"https:\/\/grupomontevideo.org\/site\/wp-content\/uploads\/2024\/04\/DSC03688-1024x768.jpeg\" alt=\"\" class=\"wp-image-19477\" style=\"width:509px;height:auto\" srcset=\"https:\/\/grupomontevideo.org\/site\/wp-content\/uploads\/2024\/04\/DSC03688-1024x768.jpeg 1024w, https:\/\/grupomontevideo.org\/site\/wp-content\/uploads\/2024\/04\/DSC03688-300x225.jpeg 300w, https:\/\/grupomontevideo.org\/site\/wp-content\/uploads\/2024\/04\/DSC03688-768x576.jpeg 768w, https:\/\/grupomontevideo.org\/site\/wp-content\/uploads\/2024\/04\/DSC03688-1536x1152.jpeg 1536w, https:\/\/grupomontevideo.org\/site\/wp-content\/uploads\/2024\/04\/DSC03688-2048x1536.jpeg 2048w, https:\/\/grupomontevideo.org\/site\/wp-content\/uploads\/2024\/04\/DSC03688-136x102.jpeg 136w\" sizes=\"(max-width: 1024px) 100vw, 1024px\" \/><\/figure>\n<\/div>\n\n\n<p>Durante su presentaci\u00f3n, Sotelo describi\u00f3 la misi\u00f3n y objetivos de AUGM, as\u00ed como sus diferentes programas y acciones estrat\u00e9gicas para profundizar la cooperaci\u00f3n acad\u00e9mica a nivel de la regi\u00f3n. Destacan en este punto los acuerdos con consejos y asociaciones nacionales de universidades p\u00fablicas (CIN, ANDIFES, CUECH, AUPP), y los acuerdos para el fortalecimiento de la investigaci\u00f3n a nivel de posgrado con&nbsp; CNPq y CAPES.<\/p>\n\n\n\n<p>\u201c<em><strong>Consideramos necesario construir agendas pertinentes y\u00a0 realizables en la b\u00fasqueda del fortalecimiento de bienes p\u00fablicos\u00a0birregionales y di\u00e1logos pol\u00edticos sustantivos.<\/strong> Si esto ocurre en\u00a0 forma coordinada ser\u00e1 m\u00e1s conveniente para los objetivos comunes, <strong>en\u00a0el reconocimiento siempre de las responsabilidades diferenciadas y\u00a0 asimetr\u00edas presentes entre las partes<\/strong>\u201d, <\/em>resumi\u00f3 Sotelo.\u00a0<\/p>\n\n\n\n<p>Del taller participaron una veintena de representantes de redes, asociaciones y consejos de Europa y Am\u00e9rica Latina y el Caribe.\u00a0<\/p>\n\n\n\n<div class=\"wp-block-buttons is-layout-flex wp-block-buttons-is-layout-flex\">\n<div class=\"wp-block-button has-custom-width wp-block-button__width-100\"><a class=\"wp-block-button__link wp-element-button\" href=\"https:\/\/grupomontevideo.org\/site\/wp-content\/uploads\/2024\/04\/List_Participants_Workshop_8.-9.4.2024_EN.pdf\" style=\"border-radius:0px\">Ver lista de participantes<\/a><\/div>\n\n\n\n<div class=\"wp-block-button has-custom-width wp-block-button__width-100\"><a class=\"wp-block-button__link wp-element-button\" href=\"https:\/\/grupomontevideo.org\/site\/wp-content\/uploads\/2024\/04\/NotaConceptualAgenda_ES-2.pdf\" style=\"border-radius:0px\">Ver nota conceptual\u00a0<\/a><\/div>\n<\/div>\n\n\n\n<figure class=\"wp-block-image size-large\"><img decoding=\"async\" width=\"1024\" height=\"659\" src=\"https:\/\/grupomontevideo.org\/site\/wp-content\/uploads\/2024\/04\/Editada-1024x659.jpg\" alt=\"\" class=\"wp-image-19476\" srcset=\"https:\/\/grupomontevideo.org\/site\/wp-content\/uploads\/2024\/04\/Editada-1024x659.jpg 1024w, https:\/\/grupomontevideo.org\/site\/wp-content\/uploads\/2024\/04\/Editada-300x193.jpg 300w, https:\/\/grupomontevideo.org\/site\/wp-content\/uploads\/2024\/04\/Editada-768x494.jpg 768w, https:\/\/grupomontevideo.org\/site\/wp-content\/uploads\/2024\/04\/Editada-1536x988.jpg 1536w, https:\/\/grupomontevideo.org\/site\/wp-content\/uploads\/2024\/04\/Editada-2048x1318.jpg 2048w\" sizes=\"(max-width: 1024px) 100vw, 1024px\" \/><\/figure>\n\n\n\n<p><em>Fotos: EU &#8211; LAC Fundation<\/em><\/p>\n\n\n\n<figure class=\"wp-block-gallery has-nested-images columns-default is-cropped wp-block-gallery-1 is-layout-flex wp-block-gallery-is-layout-flex\">\n<figure class=\"wp-block-image size-large\"><img decoding=\"async\" width=\"1024\" height=\"576\" data-id=\"19482\" src=\"https:\/\/grupomontevideo.org\/site\/wp-content\/uploads\/2024\/04\/DSC03734-1024x576.jpeg\" alt=\"\" class=\"wp-image-19482\" srcset=\"https:\/\/grupomontevideo.org\/site\/wp-content\/uploads\/2024\/04\/DSC03734-1024x576.jpeg 1024w, https:\/\/grupomontevideo.org\/site\/wp-content\/uploads\/2024\/04\/DSC03734-300x169.jpeg 300w, https:\/\/grupomontevideo.org\/site\/wp-content\/uploads\/2024\/04\/DSC03734-768x432.jpeg 768w, https:\/\/grupomontevideo.org\/site\/wp-content\/uploads\/2024\/04\/DSC03734-1536x864.jpeg 1536w, https:\/\/grupomontevideo.org\/site\/wp-content\/uploads\/2024\/04\/DSC03734-2048x1152.jpeg 2048w\" sizes=\"(max-width: 1024px) 100vw, 1024px\" \/><\/figure>\n\n\n\n<figure class=\"wp-block-image size-large\"><img loading=\"lazy\" decoding=\"async\" width=\"1024\" height=\"576\" data-id=\"19484\" src=\"https:\/\/grupomontevideo.org\/site\/wp-content\/uploads\/2024\/04\/DSC03725-1024x576.jpeg\" alt=\"\" class=\"wp-image-19484\" srcset=\"https:\/\/grupomontevideo.org\/site\/wp-content\/uploads\/2024\/04\/DSC03725-1024x576.jpeg 1024w, https:\/\/grupomontevideo.org\/site\/wp-content\/uploads\/2024\/04\/DSC03725-300x169.jpeg 300w, https:\/\/grupomontevideo.org\/site\/wp-content\/uploads\/2024\/04\/DSC03725-768x432.jpeg 768w, https:\/\/grupomontevideo.org\/site\/wp-content\/uploads\/2024\/04\/DSC03725-1536x864.jpeg 1536w, https:\/\/grupomontevideo.org\/site\/wp-content\/uploads\/2024\/04\/DSC03725-2048x1152.jpeg 2048w\" sizes=\"(max-width: 1024px) 100vw, 1024px\" \/><\/figure>\n\n\n\n<figure class=\"wp-block-image size-large\"><img loading=\"lazy\" decoding=\"async\" width=\"1024\" height=\"576\" data-id=\"19487\" src=\"https:\/\/grupomontevideo.org\/site\/wp-content\/uploads\/2024\/04\/DSC03691-1024x576.jpeg\" alt=\"\" class=\"wp-image-19487\" srcset=\"https:\/\/grupomontevideo.org\/site\/wp-content\/uploads\/2024\/04\/DSC03691-1024x576.jpeg 1024w, https:\/\/grupomontevideo.org\/site\/wp-content\/uploads\/2024\/04\/DSC03691-300x169.jpeg 300w, https:\/\/grupomontevideo.org\/site\/wp-content\/uploads\/2024\/04\/DSC03691-768x432.jpeg 768w, https:\/\/grupomontevideo.org\/site\/wp-content\/uploads\/2024\/04\/DSC03691-1536x864.jpeg 1536w, https:\/\/grupomontevideo.org\/site\/wp-content\/uploads\/2024\/04\/DSC03691-2048x1152.jpeg 2048w\" sizes=\"(max-width: 1024px) 100vw, 1024px\" \/><\/figure>\n\n\n\n<figure class=\"wp-block-image size-large\"><img loading=\"lazy\" decoding=\"async\" width=\"1024\" height=\"768\" data-id=\"19483\" src=\"https:\/\/grupomontevideo.org\/site\/wp-content\/uploads\/2024\/04\/DSC03688-1-1024x768.jpeg\" alt=\"\" class=\"wp-image-19483\" srcset=\"https:\/\/grupomontevideo.org\/site\/wp-content\/uploads\/2024\/04\/DSC03688-1-1024x768.jpeg 1024w, https:\/\/grupomontevideo.org\/site\/wp-content\/uploads\/2024\/04\/DSC03688-1-300x225.jpeg 300w, https:\/\/grupomontevideo.org\/site\/wp-content\/uploads\/2024\/04\/DSC03688-1-768x576.jpeg 768w, https:\/\/grupomontevideo.org\/site\/wp-content\/uploads\/2024\/04\/DSC03688-1-1536x1152.jpeg 1536w, https:\/\/grupomontevideo.org\/site\/wp-content\/uploads\/2024\/04\/DSC03688-1-2048x1536.jpeg 2048w, https:\/\/grupomontevideo.org\/site\/wp-content\/uploads\/2024\/04\/DSC03688-1-136x102.jpeg 136w\" sizes=\"(max-width: 1024px) 100vw, 1024px\" \/><\/figure>\n\n\n\n<figure class=\"wp-block-image size-large\"><img loading=\"lazy\" decoding=\"async\" width=\"1024\" height=\"768\" data-id=\"19485\" src=\"https:\/\/grupomontevideo.org\/site\/wp-content\/uploads\/2024\/04\/DSC03676-1024x768.jpeg\" alt=\"\" class=\"wp-image-19485\" srcset=\"https:\/\/grupomontevideo.org\/site\/wp-content\/uploads\/2024\/04\/DSC03676-1024x768.jpeg 1024w, https:\/\/grupomontevideo.org\/site\/wp-content\/uploads\/2024\/04\/DSC03676-300x225.jpeg 300w, https:\/\/grupomontevideo.org\/site\/wp-content\/uploads\/2024\/04\/DSC03676-768x576.jpeg 768w, https:\/\/grupomontevideo.org\/site\/wp-content\/uploads\/2024\/04\/DSC03676-1536x1152.jpeg 1536w, https:\/\/grupomontevideo.org\/site\/wp-content\/uploads\/2024\/04\/DSC03676-2048x1536.jpeg 2048w, https:\/\/grupomontevideo.org\/site\/wp-content\/uploads\/2024\/04\/DSC03676-136x102.jpeg 136w\" sizes=\"(max-width: 1024px) 100vw, 1024px\" \/><\/figure>\n\n\n\n<figure class=\"wp-block-image size-large\"><img loading=\"lazy\" decoding=\"async\" width=\"1024\" height=\"576\" data-id=\"19486\" src=\"https:\/\/grupomontevideo.org\/site\/wp-content\/uploads\/2024\/04\/DSC03652-1024x576.jpeg\" alt=\"\" class=\"wp-image-19486\" srcset=\"https:\/\/grupomontevideo.org\/site\/wp-content\/uploads\/2024\/04\/DSC03652-1024x576.jpeg 1024w, https:\/\/grupomontevideo.org\/site\/wp-content\/uploads\/2024\/04\/DSC03652-300x169.jpeg 300w, https:\/\/grupomontevideo.org\/site\/wp-content\/uploads\/2024\/04\/DSC03652-768x432.jpeg 768w, https:\/\/grupomontevideo.org\/site\/wp-content\/uploads\/2024\/04\/DSC03652-1536x864.jpeg 1536w, https:\/\/grupomontevideo.org\/site\/wp-content\/uploads\/2024\/04\/DSC03652-2048x1152.jpeg 2048w\" sizes=\"(max-width: 1024px) 100vw, 1024px\" \/><\/figure>\n\n\n\n<figure class=\"wp-block-image size-large\"><img loading=\"lazy\" decoding=\"async\" width=\"1024\" height=\"576\" data-id=\"19488\" src=\"https:\/\/grupomontevideo.org\/site\/wp-content\/uploads\/2024\/04\/DSC03650-1-1024x576.jpeg\" alt=\"\" class=\"wp-image-19488\" srcset=\"https:\/\/grupomontevideo.org\/site\/wp-content\/uploads\/2024\/04\/DSC03650-1-1024x576.jpeg 1024w, https:\/\/grupomontevideo.org\/site\/wp-content\/uploads\/2024\/04\/DSC03650-1-300x169.jpeg 300w, https:\/\/grupomontevideo.org\/site\/wp-content\/uploads\/2024\/04\/DSC03650-1-768x432.jpeg 768w, https:\/\/grupomontevideo.org\/site\/wp-content\/uploads\/2024\/04\/DSC03650-1-1536x864.jpeg 1536w, https:\/\/grupomontevideo.org\/site\/wp-content\/uploads\/2024\/04\/DSC03650-1-2048x1152.jpeg 2048w\" sizes=\"(max-width: 1024px) 100vw, 1024px\" \/><\/figure>\n<\/figure>\n","protected":false},"excerpt":{"rendered":"<p>Este 8 y 9 en Alemania. Taller organizado por EU &#8211; LAC Fundation. <\/p>\n","protected":false},"author":3,"featured_media":19481,"comment_status":"closed","ping_status":"closed","sticky":false,"template":"","format":"standard","meta":{"footnotes":""},"categories":[48,1],"tags":[],"class_list":["post-19475","post","type-post","status-publish","format-standard","has-post-thumbnail","hentry","category-archivo-de-noticias","category-noticias"],"wpmagazine_modules_lite_featured_media_urls":{"thumbnail":["https:\/\/grupomontevideo.org\/site\/wp-content\/uploads\/2024\/04\/DSC03650-150x150.jpeg",150,150,true],"cvmm-medium":["https:\/\/grupomontevideo.org\/site\/wp-content\/uploads\/2024\/04\/DSC03650-300x300.jpeg",300,300,true],"cvmm-medium-plus":["https:\/\/grupomontevideo.org\/site\/wp-content\/uploads\/2024\/04\/DSC03650-305x207.jpeg",305,207,true],"cvmm-portrait":["https:\/\/grupomontevideo.org\/site\/wp-content\/uploads\/2024\/04\/DSC03650-400x600.jpeg",400,600,true],"cvmm-medium-square":["https:\/\/grupomontevideo.org\/site\/wp-content\/uploads\/2024\/04\/DSC03650-600x600.jpeg",600,600,true],"cvmm-large":["https:\/\/grupomontevideo.org\/site\/wp-content\/uploads\/2024\/04\/DSC03650-1024x1024.jpeg",1024,1024,true],"cvmm-small":["https:\/\/grupomontevideo.org\/site\/wp-content\/uploads\/2024\/04\/DSC03650-130x95.jpeg",130,95,true],"full":["https:\/\/grupomontevideo.org\/site\/wp-content\/uploads\/2024\/04\/DSC03650-scaled.jpeg",2560,1440,false]},"categories_names":{"48":{"name":"Archivo de noticias","link":"https:\/\/grupomontevideo.org\/site\/category\/archivo-de-noticias\/"},"1":{"name":"Noticias universitarias","link":"https:\/\/grupomontevideo.org\/site\/category\/noticias\/"}},"tags_names":[],"comments_number":"0","_links":{"self":[{"href":"https:\/\/grupomontevideo.org\/site\/wp-json\/wp\/v2\/posts\/19475","targetHints":{"allow":["GET"]}}],"collection":[{"href":"https:\/\/grupomontevideo.org\/site\/wp-json\/wp\/v2\/posts"}],"about":[{"href":"https:\/\/grupomontevideo.org\/site\/wp-json\/wp\/v2\/types\/post"}],"author":[{"embeddable":true,"href":"https:\/\/grupomontevideo.org\/site\/wp-json\/wp\/v2\/users\/3"}],"replies":[{"embeddable":true,"href":"https:\/\/grupomontevideo.org\/site\/wp-json\/wp\/v2\/comments?post=19475"}],"version-history":[{"count":3,"href":"https:\/\/grupomontevideo.org\/site\/wp-json\/wp\/v2\/posts\/19475\/revisions"}],"predecessor-version":[{"id":19490,"href":"https:\/\/grupomontevideo.org\/site\/wp-json\/wp\/v2\/posts\/19475\/revisions\/19490"}],"wp:featuredmedia":[{"embeddable":true,"href":"https:\/\/grupomontevideo.org\/site\/wp-json\/wp\/v2\/media\/19481"}],"wp:attachment":[{"href":"https:\/\/grupomontevideo.org\/site\/wp-json\/wp\/v2\/media?parent=19475"}],"wp:term":[{"taxonomy":"category","embeddable":true,"href":"https:\/\/grupomontevideo.org\/site\/wp-json\/wp\/v2\/categories?post=19475"},{"taxonomy":"post_tag","embeddable":true,"href":"https:\/\/grupomontevideo.org\/site\/wp-json\/wp\/v2\/tags?post=19475"}],"curies":[{"name":"wp","href":"https:\/\/api.w.org\/{rel}","templated":true}]}}