{"id":19469,"date":"2024-04-10T12:49:45","date_gmt":"2024-04-10T15:49:45","guid":{"rendered":"http:\/\/grupomontevideo.org\/site\/?p=19469"},"modified":"2024-04-29T12:32:48","modified_gmt":"2024-04-29T15:32:48","slug":"rectores-y-rectoras-de-argentina-convocan-a-defender-la-educacion-y-del-sistema-universitario-publico","status":"publish","type":"post","link":"https:\/\/grupomontevideo.org\/site\/rectores-y-rectoras-de-argentina-convocan-a-defender-la-educacion-y-del-sistema-universitario-publico\/","title":{"rendered":"Rectores y rectoras de Argentina convocan a defender la educaci\u00f3n y el sistema universitario p\u00fablico"},"content":{"rendered":"\n<p>El <strong>Consejo Interuniversitario de Argentina (CIN)<\/strong>, reunido en plenario de rectores y rectoras, <strong>emiti\u00f3 una declaraci\u00f3n<\/strong> para manifestar la situaci\u00f3n financiera <strong>\u201cgrave\u201d del sistema universitario argentino<\/strong> y expresa que <strong>\u201c<em>es necesario que la sociedad en general y la comunidad universitaria en particular nos acompa\u00f1en en nuestro reclamo<\/em>\u201d<\/strong>.&nbsp;<\/p>\n\n\n\n<p>En el documento emitido este 9 de abril, el CIN explica que  han dialogado con distintos representantes de Poder Ejecutivo en sus primeros cien d\u00edas de gobierno para plantear la situaci\u00f3n en detalle, pero entienden que se <strong>\u201c<em>necesita urgente respuesta por partes de los poderes del Estado nacional<\/em>\u201d<\/strong>.\u00a0<\/p>\n\n\n\n<p>\u201c<em>Hemos aprobado una declaraci\u00f3n en febrero en la que expres\u00e1bamos nuestra preocupaci\u00f3n por la falta de acuerdos paritarias en desmedro del poder adquisitivo de nuestros trabajadores, por el deterioro del sistema cient\u00edfico, tecnol\u00f3gico y de innovaci\u00f3n; las suspensi\u00f3n total de obras de infraestructura cient\u00edfica y universitaria en ejecuci\u00f3n; la abrumadora falta de actualizaci\u00f3n de los gastos de funcionamiento y la no renovaci\u00f3n del los sistemas nacionales de becas. Con solo nombrar esas dificultades que afrontamos podemos sintetizar la profundidad de la crisis. A ello sumamos nuestra preocupaci\u00f3n por la eliminaci\u00f3n del Fondo Nacional de Incentivo Docente (FONID)\u201d, <\/em>describen.&nbsp;<\/p>\n\n\n\n<p><strong>El documento tambi\u00e9n explica que la universidad p\u00fablica en Argentina tiene una \u201calta valoraci\u00f3n\u201d en la sociedad<\/strong>, producto de sus funcione de ense\u00f1anza, investigaci\u00f3n, extensi\u00f3n y transferencia al mundo de la producci\u00f3n y del trabajo, as\u00ed como de \u201c<em>solidaridad con los sectores m\u00e1s postergados<\/em>\u201d.<\/p>\n\n\n\n<p>\u201c<em><strong>Defendemos el derecho de las y los j\u00f3venes de acceder, seg\u00fan su deseo y vocaci\u00f3n, a la educaci\u00f3n p\u00fablica superior de excelencia, no arancelada y con ingreso libre<\/strong>. Un sistema abierto que promueve la movilidad social y las transformaciones de nuestras comunidades, del que nuestras y nuestros graduados son su mejor expresi\u00f3n\u201d, agrega.<\/em><\/p>\n\n\n\n<p>En sinton\u00eda el CIN convoca a una gran demostraci\u00f3n nacional el pr\u00f3ximo 23 de abril, a realizarse en la Ciudad de Buenos Aires, en defensa de la educaci\u00f3n y del sistema universitario p\u00fablico argentino.<\/p>\n\n\n\n<div class=\"wp-block-buttons is-layout-flex wp-block-buttons-is-layout-flex\">\n<div class=\"wp-block-button has-custom-width wp-block-button__width-100\"><a class=\"wp-block-button__link wp-element-button\" href=\"https:\/\/www.cin.edu.ar\/convocamos-a-defender-la-educacion-publica-la-ciencia-y-el-sistema-universitario-nacional\/\" style=\"border-radius:0px\">Leer declaraci\u00f3n completa<\/a><\/div>\n<\/div>\n","protected":false},"excerpt":{"rendered":"<p>El Consejo Interuniversitario de Argentina (CIN), reunido en plenario de rectores y rectoras, emiti\u00f3 una declaraci\u00f3n para manifestar la situaci\u00f3n financiera \u201cgrave\u201d del sistema universitario argentino y expresa que \u201ces necesario que la sociedad en general y la comunidad universitaria en particular nos acompa\u00f1en en nuestro reclamo\u201d.&nbsp; En el documento emitido este 9 de abril, [&hellip;]<\/p>\n","protected":false},"author":3,"featured_media":19472,"comment_status":"closed","ping_status":"closed","sticky":false,"template":"","format":"standard","meta":{"footnotes":""},"categories":[48,1],"tags":[],"class_list":["post-19469","post","type-post","status-publish","format-standard","has-post-thumbnail","hentry","category-archivo-de-noticias","category-noticias"],"wpmagazine_modules_lite_featured_media_urls":{"thumbnail":["https:\/\/grupomontevideo.org\/site\/wp-content\/uploads\/2024\/04\/2024-04-09-PLENARIO-UNSAM-0131-150x150.jpg",150,150,true],"cvmm-medium":["https:\/\/grupomontevideo.org\/site\/wp-content\/uploads\/2024\/04\/2024-04-09-PLENARIO-UNSAM-0131-300x300.jpg",300,300,true],"cvmm-medium-plus":["https:\/\/grupomontevideo.org\/site\/wp-content\/uploads\/2024\/04\/2024-04-09-PLENARIO-UNSAM-0131-305x207.jpg",305,207,true],"cvmm-portrait":["https:\/\/grupomontevideo.org\/site\/wp-content\/uploads\/2024\/04\/2024-04-09-PLENARIO-UNSAM-0131-400x600.jpg",400,600,true],"cvmm-medium-square":["https:\/\/grupomontevideo.org\/site\/wp-content\/uploads\/2024\/04\/2024-04-09-PLENARIO-UNSAM-0131-600x600.jpg",600,600,true],"cvmm-large":["https:\/\/grupomontevideo.org\/site\/wp-content\/uploads\/2024\/04\/2024-04-09-PLENARIO-UNSAM-0131-1024x994.jpg",1024,994,true],"cvmm-small":["https:\/\/grupomontevideo.org\/site\/wp-content\/uploads\/2024\/04\/2024-04-09-PLENARIO-UNSAM-0131-130x95.jpg",130,95,true],"full":["https:\/\/grupomontevideo.org\/site\/wp-content\/uploads\/2024\/04\/2024-04-09-PLENARIO-UNSAM-0131.jpg",1500,994,false]},"categories_names":{"48":{"name":"Archivo de noticias","link":"https:\/\/grupomontevideo.org\/site\/category\/archivo-de-noticias\/"},"1":{"name":"Noticias universitarias","link":"https:\/\/grupomontevideo.org\/site\/category\/noticias\/"}},"tags_names":[],"comments_number":"0","_links":{"self":[{"href":"https:\/\/grupomontevideo.org\/site\/wp-json\/wp\/v2\/posts\/19469","targetHints":{"allow":["GET"]}}],"collection":[{"href":"https:\/\/grupomontevideo.org\/site\/wp-json\/wp\/v2\/posts"}],"about":[{"href":"https:\/\/grupomontevideo.org\/site\/wp-json\/wp\/v2\/types\/post"}],"author":[{"embeddable":true,"href":"https:\/\/grupomontevideo.org\/site\/wp-json\/wp\/v2\/users\/3"}],"replies":[{"embeddable":true,"href":"https:\/\/grupomontevideo.org\/site\/wp-json\/wp\/v2\/comments?post=19469"}],"version-history":[{"count":3,"href":"https:\/\/grupomontevideo.org\/site\/wp-json\/wp\/v2\/posts\/19469\/revisions"}],"predecessor-version":[{"id":19474,"href":"https:\/\/grupomontevideo.org\/site\/wp-json\/wp\/v2\/posts\/19469\/revisions\/19474"}],"wp:featuredmedia":[{"embeddable":true,"href":"https:\/\/grupomontevideo.org\/site\/wp-json\/wp\/v2\/media\/19472"}],"wp:attachment":[{"href":"https:\/\/grupomontevideo.org\/site\/wp-json\/wp\/v2\/media?parent=19469"}],"wp:term":[{"taxonomy":"category","embeddable":true,"href":"https:\/\/grupomontevideo.org\/site\/wp-json\/wp\/v2\/categories?post=19469"},{"taxonomy":"post_tag","embeddable":true,"href":"https:\/\/grupomontevideo.org\/site\/wp-json\/wp\/v2\/tags?post=19469"}],"curies":[{"name":"wp","href":"https:\/\/api.w.org\/{rel}","templated":true}]}}