{"id":19241,"date":"2024-02-15T10:08:22","date_gmt":"2024-02-15T13:08:22","guid":{"rendered":"http:\/\/grupomontevideo.org\/site\/?p=19241"},"modified":"2024-03-15T11:36:01","modified_gmt":"2024-03-15T14:36:01","slug":"cuba-recibio-la-ultima-reunion-preparatoria-rumbo-a-la-cres-5","status":"publish","type":"post","link":"https:\/\/grupomontevideo.org\/site\/cuba-recibio-la-ultima-reunion-preparatoria-rumbo-a-la-cres-5\/","title":{"rendered":"Cuba recibi\u00f3 la \u00faltima reuni\u00f3n preparatoria rumbo a la CRES + 5"},"content":{"rendered":"\n<p>E<strong>ste 7 y 8 de febrero, durante el Congreso Universidad 2024 en La Habana, Cuba, se llev\u00f3 a cabo la \u00faltima reuni\u00f3n preparatoria para la Conferencia Regional de Educaci\u00f3n Superior (CRES +5)<\/strong>. Se trat\u00f3 de una instancia de trabaj\u00f3 que reuni\u00f3 a m\u00e1s e 160 persona entorno los <a href=\"https:\/\/www.iesalc.unesco.org\/2024\/01\/26\/disponibles-los-borradores-de-los-documentos-base-cres5\/\">12 ejes tem\u00e1ticos establecidos<\/a> a fin de posibilitar una declaraci\u00f3n final rumbo a la Conferencia del 13 al 15 de marzo en Brasilia.\u00a0<\/p>\n\n\n\n<p>\u201c<em><strong>El encuentro de La Habana sirvi\u00f3 para profundizar en los hallazgos de los diferentes equipos de trabajo, que previamente hicieron una exhaustiva revisi\u00f3n bibliogr\u00e1fica, recolectaron y analizaron datos y dirigieron consultas p\u00fablicas en l\u00ednea<\/strong>, todo ello para garantizar la diversidad y representatividad de las voces involucradas en la definici\u00f3n colectiva de la educaci\u00f3n superior en Am\u00e9rica Latina y el Caribe\u201d, <\/em>describe el Instituto de Educaci\u00f3n Superior de la UNESCO (Iesalc &#8211; UNESCO).&nbsp;<\/p>\n\n\n\n<p>La metodolog\u00eda de trabajo fue, primero, el intercambio a trav\u00e9s de talleres en torno a cada eje tem\u00e1tico, para luego trabajar en plenaria para una visi\u00f3n en conjunto y avanzar as\u00ed en los documentos. Seg\u00fan inform\u00f3 Alvaro Rico, secretario ejecutivo de la Asociaci\u00f3n de Universidades Grupo Montevideo, que participa de uno de los ejes junto a un grupo de Rectores y Rectoras de la red, <strong>se acord\u00f3 como&nbsp;plazo el 6 de marzo para enviar la versi\u00f3n definitiva del documento de cada eje<\/strong>, donde queden incorporadas las sugerencias de cada instancia preparatoria.&nbsp;<\/p>\n\n\n\n<p><strong>Rico tambi\u00e9n explic\u00f3 que tambi\u00e9n se avanz\u00f3 en la redacci\u00f3n de una declaraci\u00f3n final de la CRES + 5 en base al trabajo de la Comisi\u00f3n de Redacci\u00f3n, que centr\u00f3 los grandes temas que deb\u00eda tener ese documento<\/strong>. A partir de esa reuni\u00f3n y los aportes surgidos, se acord\u00f3 constituir una comisi\u00f3n mas peque\u00f1a, de corte operativa, para la redacci\u00f3n del documento final. Esta tarea se encomend\u00f3 a Rui Opperman, director de Relaciones Internacionales del CAPES (Brasil), y Francesc Pedr\u00f3, director del Iesalc &#8211; UNESCO.&nbsp;<\/p>\n\n\n\n<p>\u201c<em><strong>Como reuni\u00f3n fue importante por la cantidad de delegados presentes y organizaciones representativas. Tambi\u00e9n por los avances que se procesaron, tanto en los talleres como en la plenaria de los 12 ejes tem\u00e1ticos<\/strong><\/em>\u201d, expres\u00f3 a Comunicaci\u00f3n AUGM Alvaro Rico, secretario ejecutivo de la Asociaci\u00f3n de Universidades Grupo Montevideo (AUGM), que participa de uno de los ejes junto a un grupo de Rectores y Rectoras de la red. En este sentido explic\u00f3 que los temas m\u00e1s presentes fueron el contexto pol\u00edtico y el debilitamiento de los sistemas democr\u00e1ticos en la regi\u00f3n, y su directa vinculaci\u00f3n con el deterioro de la Educaci\u00f3n P\u00fablica, donde se insisti\u00f3 en el papel de los Estados en el financiamiento de la educaci\u00f3n p\u00fablica.&nbsp;<\/p>\n\n\n\n<p>\u201c<em>Tambi\u00e9n se trabaj\u00f3 mucho sobre las funciones sociales que cumplen las universidades en el continente m\u00e1s desigual del mundo y se insisti\u00f3 en la concepci\u00f3n de la Educaci\u00f3n Superior&nbsp; como derecho humano fundamental y bien p\u00fablico &#8211; social. Otro tema fueron los procesos de integraci\u00f3n regional vistos desde la contribuci\u00f3n que realizan las universidades a trav\u00e9s de su programa de movilidad y de investigaci\u00f3n, y las transformaciones acad\u00e9micas e institucionales propias de la Educaci\u00f3n Superior, originadas con fuerza a partir de la pandemia, y continuadas en el presente a trav\u00e9s de nuevos desaf\u00edos planteados por las transformaciones cient\u00edfico tecnol\u00f3gicas y sociales en el mundo contempor\u00e1neo<\/em>\u201d, agreg\u00f3.&nbsp;<\/p>\n\n\n\n<figure class=\"wp-block-image size-large\"><img fetchpriority=\"high\" decoding=\"async\" width=\"1024\" height=\"766\" src=\"https:\/\/grupomontevideo.org\/site\/wp-content\/uploads\/2024\/02\/cuba-1-1024x766.jpeg\" alt=\"\" class=\"wp-image-19254\" srcset=\"https:\/\/grupomontevideo.org\/site\/wp-content\/uploads\/2024\/02\/cuba-1-1024x766.jpeg 1024w, https:\/\/grupomontevideo.org\/site\/wp-content\/uploads\/2024\/02\/cuba-1-300x224.jpeg 300w, https:\/\/grupomontevideo.org\/site\/wp-content\/uploads\/2024\/02\/cuba-1-768x575.jpeg 768w, https:\/\/grupomontevideo.org\/site\/wp-content\/uploads\/2024\/02\/cuba-1-1536x1149.jpeg 1536w, https:\/\/grupomontevideo.org\/site\/wp-content\/uploads\/2024\/02\/cuba-1-2048x1532.jpeg 2048w, https:\/\/grupomontevideo.org\/site\/wp-content\/uploads\/2024\/02\/cuba-1-136x102.jpeg 136w\" sizes=\"(max-width: 1024px) 100vw, 1024px\" \/><\/figure>\n\n\n\n<p><strong>Apertura <\/strong><\/p>\n\n\n\n<p>El evento, que cont\u00f3 con una amplia representaci\u00f3n de Am\u00e9rica Latina y el Caribe, fue inaugurado ante un nutrido grupo de actores de la educaci\u00f3n superior regionales. Miriam Alp\u00edzar, maestra de ceremonias de este acto, dio la bienvenida en representaci\u00f3n de la mujer de la educaci\u00f3n superior de Cuba, en calidad de presidenta del Comit\u00e9 de G\u00e9nero del Ministerio de Educaci\u00f3n Superior y su red de instituciones, y en nombre de las mujeres que han formado parte del Consejo de Gobierno del Instituto Internacional de la UNESCO para la Educaci\u00f3n Superior en America Latina y el Caribe, del cual es vicepresidenta. \u201c<em>Hago fiel y respetuoso homenaje a todas las mujeres, l\u00edderes, directivas, profesoras, investigadoras, trabajadoras, y estudiantes de educaci\u00f3n superior cubana. As\u00ed mismo, reconozco y enaltezco a la mujer latinoamericana y caribe\u00f1a y de otras latitudes que engrandecen la obra de la educaci\u00f3n superior en la regi\u00f3n y que han sido protagonistas de su desarrollo, proyectando y aportando a un futuro mejor, con una universidad a la altura de estos tiempos y del futuro<\/em>\u00ab, dijo. <\/p>\n\n\n\n<p>El panel inaugural abri\u00f3 con palabras del Viceministro de Educaci\u00f3n Superior de Cuba, Reynaldo Vel\u00e1squez Zald\u00edvar, quien calific\u00f3 estas dos jornadas de trabajo de trascendentales para Am\u00e9rica Latina y el Caribe, ya que se encuentran ac\u00e1 en La Habana, en el marco de la Conferencia Universidad 2024, todos los decisores de pol\u00edticas p\u00fablicas de la regi\u00f3n, quienes se encuentran trabajando con la finalidad de orientar a la educaci\u00f3n superior hacia el futuro. \u201c<em>De la discusi\u00f3n en torno a los doce ejes tem\u00e1ticos de la CRES+5 saldr\u00e1 la educaci\u00f3n superior que se merece la regi\u00f3n. Nos honra que estas sesiones de trabajo se realicen en el marco de Universidad 2024<\/em>\u201d, dijo.<\/p>\n\n\n\n<p>En representaci\u00f3n del Gobierno de Brasil, el Director de Relaciones Internacionales de&nbsp;<a href=\"https:\/\/www.gov.br\/capes\/pt-br\" target=\"_blank\" rel=\"noreferrer noopener\">CAPES<\/a>, Rui Oppermann, manifest\u00f3 que este cuarto encuentro constituye el punto m\u00e1s importante, luego del trabajo que durante m\u00e1s de un a\u00f1o se lleva adelante junto a Iesalc UNESCO y con otros actores regionales hacia la construcci\u00f3n de la CRES+5 de Brasilia. \u201c<em>La construcci\u00f3n de las pol\u00edticas p\u00fablicas sale tambi\u00e9n de los congresos y tenemos la responsabilidad de transformar los ecos que nos llegan en una mirada hacia el futuro, honrando la CRES 2018 en C\u00f3rdoba y sin olvidar que tenemos grandes desaf\u00edos, como el del Covid que desafi\u00f3 a nuestras sociedades. Este encuentro es el \u00fanico espacio que tenemos como oportunidad para reflexionar sobre c\u00f3mo llegamos ac\u00e1 y qu\u00e9 tenemos que aportar hacia el futuro, para salir con un consenso sobre los doce ejes y con una minuta de declaraci\u00f3n final a debatir y aclamar en Brasilia para Am\u00e9rica Latina y el mundo<\/em>\u201d.<\/p>\n\n\n\n<p>Miguel Angel Machado Rojas, presidente de la Organizaci\u00f3n Continental Latinoamericana y Caribe\u00f1a de Estudiantes (OCLAE), habl\u00f3 en representaci\u00f3n de la juventud latinoamericana y caribe\u00f1a, a la necesidad de incluir sus voces en el debate sobre las nuevas formas de ense\u00f1anza, el alcance de la tecnolog\u00eda, el acceso y el futuro de la educaci\u00f3n superior si no est\u00e1n los estudiantes.<\/p>\n\n\n\n<p>Inform\u00f3 que la OCLAE ha trabajado en los ejes tem\u00e1ticos y en las consultas p\u00fablicas y propuso p\u00fablicamente la creaci\u00f3n de un Observatorio Estudiantil regional para pensar en la universidad latinoamericana y caribe\u00f1a que se requiere. \u201c<em>Y sumarnos a la construcci\u00f3n de los ejes y a la declaraci\u00f3n hacia la reuni\u00f3n de Brasilia. Este es un llamado a la acci\u00f3n: a crear movilidad estudiantil, a promover la internacionalizaci\u00f3n de la educaci\u00f3n superior y aportar as\u00ed al desarrollo regional desde Am\u00e9rica Latina: el futuro tiene que tener a la ciencia y al desarrollo social en el panorama hacia el futuro de la educaci\u00f3n superior en nuestra regi\u00f3n<\/em>\u201d.<\/p>\n\n\n\n<p>El panel inaugural cerr\u00f3 con palabras de Francesc Pedr\u00f3, director del Iesalc UNESCO, quien reafirm\u00f3 el papel de la UNESCO para fungir de plataforma de di\u00e1logo de rectores, rectoras, representantes estudiantiles, acad\u00e9micos, decisores de pol\u00edticas, representantes de instituciones de educaci\u00f3n superior, a favor de una visi\u00f3n m\u00e1s participativa de la educaci\u00f3n superior en la regi\u00f3n.<\/p>\n\n\n\n<p>\u201c<em>En nombre de la UNESCO quisiera hacer un reconocimiento especial a todos ustedes presentes ac\u00e1 por el esfuerzo que han hecho por movilizarse a aportar y apoyar la orientaci\u00f3n de nuestros trabajos para trazar caminos futuros viables de ac\u00e1 a cinco a\u00f1os. Necesitamos hacer un esfuerzo para saber qu\u00e9 mensajes enviar sobre las prioridades que tenemos con contextos pol\u00edticos que no son f\u00e1ciles, pero con una gran oportunidad en una reuni\u00f3n \u00fanica en sus consensos: ay\u00fadennos a que este consenso se proyecte al futuro<\/em>.\u201d dijo Pedr\u00f3.<\/p>\n\n\n\n<p><em>Con iformaci\u00f3n de Iesalc UNESCO<\/em><\/p>\n\n\n\n<figure class=\"wp-block-embed is-type-video is-provider-youtube wp-block-embed-youtube wp-embed-aspect-16-9 wp-has-aspect-ratio\"><div class=\"wp-block-embed__wrapper\">\n<iframe title=\"D\u00eda 8 - Sala 4 XII Taller Internacional de Internacionalizaci\u00f3n de la Educaci\u00f3n Superior\" width=\"640\" height=\"360\" src=\"https:\/\/www.youtube.com\/embed\/Wvw2JEOKh0o?feature=oembed\" frameborder=\"0\" allow=\"accelerometer; autoplay; clipboard-write; encrypted-media; gyroscope; picture-in-picture; web-share\" referrerpolicy=\"strict-origin-when-cross-origin\" allowfullscreen><\/iframe>\n<\/div><\/figure>\n","protected":false},"excerpt":{"rendered":"<p>Este 7 y 8 de febrero, durante el Congreso Universidad 2024 en La Habana, Cuba, se llev\u00f3 a cabo la \u00faltima reuni\u00f3n preparatoria para la Conferencia Regional de Educaci\u00f3n Superior (CRES +5). Se trat\u00f3 de una instancia de trabaj\u00f3 que reuni\u00f3 a m\u00e1s e 160 persona entorno los 12 ejes tem\u00e1ticos establecidos a fin de [&hellip;]<\/p>\n","protected":false},"author":3,"featured_media":19242,"comment_status":"closed","ping_status":"closed","sticky":false,"template":"","format":"standard","meta":{"footnotes":""},"categories":[48,1],"tags":[],"class_list":["post-19241","post","type-post","status-publish","format-standard","has-post-thumbnail","hentry","category-archivo-de-noticias","category-noticias"],"wpmagazine_modules_lite_featured_media_urls":{"thumbnail":["https:\/\/grupomontevideo.org\/site\/wp-content\/uploads\/2024\/02\/IESALC-150x150.jpg",150,150,true],"cvmm-medium":["https:\/\/grupomontevideo.org\/site\/wp-content\/uploads\/2024\/02\/IESALC-300x300.jpg",300,300,true],"cvmm-medium-plus":["https:\/\/grupomontevideo.org\/site\/wp-content\/uploads\/2024\/02\/IESALC-305x207.jpg",305,207,true],"cvmm-portrait":["https:\/\/grupomontevideo.org\/site\/wp-content\/uploads\/2024\/02\/IESALC-400x400.jpg",400,400,true],"cvmm-medium-square":["https:\/\/grupomontevideo.org\/site\/wp-content\/uploads\/2024\/02\/IESALC-600x400.jpg",600,400,true],"cvmm-large":["https:\/\/grupomontevideo.org\/site\/wp-content\/uploads\/2024\/02\/IESALC.jpg",660,400,false],"cvmm-small":["https:\/\/grupomontevideo.org\/site\/wp-content\/uploads\/2024\/02\/IESALC-130x95.jpg",130,95,true],"full":["https:\/\/grupomontevideo.org\/site\/wp-content\/uploads\/2024\/02\/IESALC.jpg",660,400,false]},"categories_names":{"48":{"name":"Archivo de noticias","link":"https:\/\/grupomontevideo.org\/site\/category\/archivo-de-noticias\/"},"1":{"name":"Noticias universitarias","link":"https:\/\/grupomontevideo.org\/site\/category\/noticias\/"}},"tags_names":[],"comments_number":"0","_links":{"self":[{"href":"https:\/\/grupomontevideo.org\/site\/wp-json\/wp\/v2\/posts\/19241","targetHints":{"allow":["GET"]}}],"collection":[{"href":"https:\/\/grupomontevideo.org\/site\/wp-json\/wp\/v2\/posts"}],"about":[{"href":"https:\/\/grupomontevideo.org\/site\/wp-json\/wp\/v2\/types\/post"}],"author":[{"embeddable":true,"href":"https:\/\/grupomontevideo.org\/site\/wp-json\/wp\/v2\/users\/3"}],"replies":[{"embeddable":true,"href":"https:\/\/grupomontevideo.org\/site\/wp-json\/wp\/v2\/comments?post=19241"}],"version-history":[{"count":6,"href":"https:\/\/grupomontevideo.org\/site\/wp-json\/wp\/v2\/posts\/19241\/revisions"}],"predecessor-version":[{"id":19256,"href":"https:\/\/grupomontevideo.org\/site\/wp-json\/wp\/v2\/posts\/19241\/revisions\/19256"}],"wp:featuredmedia":[{"embeddable":true,"href":"https:\/\/grupomontevideo.org\/site\/wp-json\/wp\/v2\/media\/19242"}],"wp:attachment":[{"href":"https:\/\/grupomontevideo.org\/site\/wp-json\/wp\/v2\/media?parent=19241"}],"wp:term":[{"taxonomy":"category","embeddable":true,"href":"https:\/\/grupomontevideo.org\/site\/wp-json\/wp\/v2\/categories?post=19241"},{"taxonomy":"post_tag","embeddable":true,"href":"https:\/\/grupomontevideo.org\/site\/wp-json\/wp\/v2\/tags?post=19241"}],"curies":[{"name":"wp","href":"https:\/\/api.w.org\/{rel}","templated":true}]}}