{"id":19210,"date":"2024-02-08T11:05:59","date_gmt":"2024-02-08T14:05:59","guid":{"rendered":"http:\/\/grupomontevideo.org\/site\/?p=19210"},"modified":"2024-02-29T14:53:29","modified_gmt":"2024-02-29T17:53:29","slug":"escuela-de-verano-debate-dos-temas-en-agenda-territorialidad-y-alimentacion","status":"publish","type":"post","link":"https:\/\/grupomontevideo.org\/site\/escuela-de-verano-debate-dos-temas-en-agenda-territorialidad-y-alimentacion\/","title":{"rendered":"Escuela de Verano debate dos temas en agenda: territorialidad y alimentaci\u00f3n"},"content":{"rendered":"\n<p><em>\u00bfC\u00f3mo fortalecer la comunidad en un mundo marcado por la fragmentaci\u00f3n de los v\u00ednculos sociales?<\/em> La reflexi\u00f3n fue el lema de la clase \u00abTerritorialidad y el fortalecimiento de los Derechos Humanos\u00bb, que se llev\u00f3 a cabo la ma\u00f1ana de este mi\u00e9rcoles 7 de febrer, en la<strong> Escuela de Verano Educaci\u00f3n en Derechos Humanos de la Asociaci\u00f3n de Universidades Grupo Montevideo<\/strong>. <\/p>\n\n\n\n<p>El <strong>profesor de la Universidad Nacional de Mar del Plata (UNMDP, Argentina), Facundo \u00c1lvarez, <\/strong>disert\u00f3 sobre las transformaciones sociales a partir del fortalecimiento de la identidad comunitaria.<\/p>\n\n\n\n<p>En esta concepci\u00f3n, las personas en sus territorios son protagonistas de derechos colectivos e individuales a trav\u00e9s de la participaci\u00f3n plena y la acci\u00f3n conjunta y solidaria, en la que la comunidad comparte objetivos y expectativas y enfrenta sus necesidades y problemas. \u201c<em>La territorialidad y los derechos humanos se construir\u00edan en las luchas y contextos de la vida cotidiana<\/em>\u201d, explic\u00f3 el ponente.<\/p>\n\n\n\n<p>El papel de la universidad en esa construcci\u00f3n tambi\u00e9n estuvo presente en la presentaci\u00f3n del profesor. Dijo que estas instituciones son agentes externos importantes en el proceso de fortalecimiento comunitario y deben \u201cconocer los territorios y dialogar con sus problem\u00e1ticas, ser facilitadores y catalizadores de la transformaci\u00f3n\u201d.<\/p>\n\n\n\n<p>El profesor, quien tambi\u00e9n es coordinador de Centros de Extensi\u00f3n Universitaria (CEU) de la UNMDP, tambi\u00e9n destac\u00f3 la experiencia de implementar unidades territoriales en Mar del Plata como acciones relevantes de extensi\u00f3n universitaria para fortalecer los derechos humanos.<\/p>\n\n\n\n<p><strong>Comida y medio ambiente<\/strong><\/p>\n\n\n\n<p>El mi\u00e9rcoles por la tarde, la Escuela de Verano &#8211; Educaci\u00f3n en Derechos Humanos debati\u00f3 sobre el derecho humano a la alimentaci\u00f3n y su relaci\u00f3n con el respeto al medio ambiente.<\/p>\n\n\n\n<p>La clase de la <strong>profesora de la Universidad de Brasilia (UnB) Mariana Wiecko de Castilho<\/strong> tuvo como tema \u00abderecho a la alimentaci\u00f3n: lo humano y la naturaleza en la utop\u00eda del buen vivir\u00bb.<\/p>\n\n\n\n<figure class=\"wp-block-image size-full is-resized\"><img fetchpriority=\"high\" decoding=\"async\" width=\"768\" height=\"558\" src=\"https:\/\/grupomontevideo.org\/site\/wp-content\/uploads\/2024\/02\/Cursista-Luciana-Queiroz-refletiu-sobre-a-importancia-da-alimentacao-adequada-nas-escolas-BH-768x558-1.jpg\" alt=\"\" class=\"wp-image-19213\" style=\"width:568px;height:auto\" srcset=\"https:\/\/grupomontevideo.org\/site\/wp-content\/uploads\/2024\/02\/Cursista-Luciana-Queiroz-refletiu-sobre-a-importancia-da-alimentacao-adequada-nas-escolas-BH-768x558-1.jpg 768w, https:\/\/grupomontevideo.org\/site\/wp-content\/uploads\/2024\/02\/Cursista-Luciana-Queiroz-refletiu-sobre-a-importancia-da-alimentacao-adequada-nas-escolas-BH-768x558-1-300x218.jpg 300w, https:\/\/grupomontevideo.org\/site\/wp-content\/uploads\/2024\/02\/Cursista-Luciana-Queiroz-refletiu-sobre-a-importancia-da-alimentacao-adequada-nas-escolas-BH-768x558-1-130x95.jpg 130w\" sizes=\"(max-width: 768px) 100vw, 768px\" \/><\/figure>\n\n\n\n<p>Adem\u00e1s de una amplia experiencia acad\u00e9mica en el \u00e1rea, el expositor ha trabajado con pueblos ind\u00edgenas y quilombolas, comunidades tradicionales y con pol\u00edticas p\u00fablicas de seguridad alimentaria.<\/p>\n\n\n\n<p>El concepto de derecho a la alimentaci\u00f3n, seg\u00fan Mariana, se ha ido ampliando con el tiempo hasta convertirse en el Derecho Humano a la Alimentaci\u00f3n y Nutrici\u00f3n Adecuadas (DHANA), que va m\u00e1s all\u00e1 de los aspectos nutricionales e incorpora, por ejemplo, componentes culturales y comunitarios y espirituales. derechos y refleja la indivisibilidad de los derechos humanos.<\/p>\n\n\n\n<p>\u201c<em>El derecho a la alimentaci\u00f3n y otros derechos humanos est\u00e1n entrelazados; Tenemos que entender que la comida nutre el cuerpo y el esp\u00edritu<\/em>\u201d, destac\u00f3 la docente.<\/p>\n\n\n\n<p>El docente tambi\u00e9n destac\u00f3 que \u201c<em>la alimentaci\u00f3n depende cada vez m\u00e1s de la l\u00f3gica capitalista global de producci\u00f3n y comercializaci\u00f3n de alimentos, que se caracteriza, entre otras cosas, por la destrucci\u00f3n de los ecosistemas<\/em>\u201d. El orador propuso la pr\u00e1ctica de la soberan\u00eda alimentaria, que \u201c<em>puede comenzar dentro de nuestros espacios vitales<\/em>\u201d.<\/p>\n\n\n\n<p>La educadora ambiental Luciana Queiroz, presente en la conferencia, reflexion\u00f3 que \u201c<em>comprender la seguridad alimentaria es un acto pol\u00edtico; La comida es parte de nuestra identidad. La clase mostr\u00f3 la importancia de fortalecer la escuela como un espacio privilegiado para practicar una alimentaci\u00f3n adecuada<\/em>\u201d, afirm\u00f3 el estudiante.<\/p>\n\n\n\n<p><strong>Texto: Proex &#8211; UFMG<\/strong><\/p>\n","protected":false},"excerpt":{"rendered":"<p>\u00bfC\u00f3mo fortalecer la comunidad en un mundo marcado por la fragmentaci\u00f3n de los v\u00ednculos sociales?<\/p>\n","protected":false},"author":3,"featured_media":19211,"comment_status":"closed","ping_status":"closed","sticky":false,"template":"","format":"standard","meta":{"footnotes":""},"categories":[48,1],"tags":[],"class_list":["post-19210","post","type-post","status-publish","format-standard","has-post-thumbnail","hentry","category-archivo-de-noticias","category-noticias"],"wpmagazine_modules_lite_featured_media_urls":{"thumbnail":["https:\/\/grupomontevideo.org\/site\/wp-content\/uploads\/2024\/02\/Escola-de-Verao-Direitos-Humanos-UFMG_-768x512-1-150x150.jpg",150,150,true],"cvmm-medium":["https:\/\/grupomontevideo.org\/site\/wp-content\/uploads\/2024\/02\/Escola-de-Verao-Direitos-Humanos-UFMG_-768x512-1-300x300.jpg",300,300,true],"cvmm-medium-plus":["https:\/\/grupomontevideo.org\/site\/wp-content\/uploads\/2024\/02\/Escola-de-Verao-Direitos-Humanos-UFMG_-768x512-1-305x207.jpg",305,207,true],"cvmm-portrait":["https:\/\/grupomontevideo.org\/site\/wp-content\/uploads\/2024\/02\/Escola-de-Verao-Direitos-Humanos-UFMG_-768x512-1-400x512.jpg",400,512,true],"cvmm-medium-square":["https:\/\/grupomontevideo.org\/site\/wp-content\/uploads\/2024\/02\/Escola-de-Verao-Direitos-Humanos-UFMG_-768x512-1-600x512.jpg",600,512,true],"cvmm-large":["https:\/\/grupomontevideo.org\/site\/wp-content\/uploads\/2024\/02\/Escola-de-Verao-Direitos-Humanos-UFMG_-768x512-1.jpg",768,512,false],"cvmm-small":["https:\/\/grupomontevideo.org\/site\/wp-content\/uploads\/2024\/02\/Escola-de-Verao-Direitos-Humanos-UFMG_-768x512-1-130x95.jpg",130,95,true],"full":["https:\/\/grupomontevideo.org\/site\/wp-content\/uploads\/2024\/02\/Escola-de-Verao-Direitos-Humanos-UFMG_-768x512-1.jpg",768,512,false]},"categories_names":{"48":{"name":"Archivo de noticias","link":"https:\/\/grupomontevideo.org\/site\/category\/archivo-de-noticias\/"},"1":{"name":"Noticias universitarias","link":"https:\/\/grupomontevideo.org\/site\/category\/noticias\/"}},"tags_names":[],"comments_number":"0","_links":{"self":[{"href":"https:\/\/grupomontevideo.org\/site\/wp-json\/wp\/v2\/posts\/19210","targetHints":{"allow":["GET"]}}],"collection":[{"href":"https:\/\/grupomontevideo.org\/site\/wp-json\/wp\/v2\/posts"}],"about":[{"href":"https:\/\/grupomontevideo.org\/site\/wp-json\/wp\/v2\/types\/post"}],"author":[{"embeddable":true,"href":"https:\/\/grupomontevideo.org\/site\/wp-json\/wp\/v2\/users\/3"}],"replies":[{"embeddable":true,"href":"https:\/\/grupomontevideo.org\/site\/wp-json\/wp\/v2\/comments?post=19210"}],"version-history":[{"count":3,"href":"https:\/\/grupomontevideo.org\/site\/wp-json\/wp\/v2\/posts\/19210\/revisions"}],"predecessor-version":[{"id":19275,"href":"https:\/\/grupomontevideo.org\/site\/wp-json\/wp\/v2\/posts\/19210\/revisions\/19275"}],"wp:featuredmedia":[{"embeddable":true,"href":"https:\/\/grupomontevideo.org\/site\/wp-json\/wp\/v2\/media\/19211"}],"wp:attachment":[{"href":"https:\/\/grupomontevideo.org\/site\/wp-json\/wp\/v2\/media?parent=19210"}],"wp:term":[{"taxonomy":"category","embeddable":true,"href":"https:\/\/grupomontevideo.org\/site\/wp-json\/wp\/v2\/categories?post=19210"},{"taxonomy":"post_tag","embeddable":true,"href":"https:\/\/grupomontevideo.org\/site\/wp-json\/wp\/v2\/tags?post=19210"}],"curies":[{"name":"wp","href":"https:\/\/api.w.org\/{rel}","templated":true}]}}