{"id":19206,"date":"2024-02-08T10:58:21","date_gmt":"2024-02-08T13:58:21","guid":{"rendered":"http:\/\/grupomontevideo.org\/site\/?p=19206"},"modified":"2024-02-29T14:53:20","modified_gmt":"2024-02-29T17:53:20","slug":"el-neoconservadurismo-se-esta-extendiendo-por-el-mundo-sostiene-docente-de-la-ufsc","status":"publish","type":"post","link":"https:\/\/grupomontevideo.org\/site\/el-neoconservadurismo-se-esta-extendiendo-por-el-mundo-sostiene-docente-de-la-ufsc\/","title":{"rendered":"\u201cEl neoconservadurismo se est\u00e1 extendiendo por el mundo\u201d, sostiene docente de la UFSC"},"content":{"rendered":"\n<p>En la tarde del lunes 5 de febrero, la<strong> IV Escuela de Verano &#8211; Educaci\u00f3n en Derechos Humanos<\/strong> de la Asociaci\u00f3n de Universidades Grupo Montevideo (AUGM), que ese lleva a cabo en  la Universidade Federal de Minas Gerais (UFMG), debati\u00f3 el tema de <strong>Derechos Humanos y G\u00e9nero: neoconservadurismo, derechos sexuales y reproductivos, prevenci\u00f3n del acoso moral y sexual<\/strong>.<\/p>\n\n\n\n<p>La clase fue impartida por la <strong>profesora de Derecho de la Universidad Federal de Santa Catarina (UFSC) Luana Renostro Heinen,<\/strong> quien explic\u00f3 que el<strong> neoconservadurismo es un movimiento neoliberal que se est\u00e1 extendiendo en Am\u00e9rica Latina y en el mundo<\/strong>, articul\u00e1ndose como reacci\u00f3n a la conquista de derechos sociales. para las mujeres y los movimientos feminista y LGBTQIA+.<\/p>\n\n\n\n<p>\u201c<em>Se articula dentro de varios espacios institucionales. Discutir derechos reproductivos y sexuales es, por tanto, hablar de autonom\u00eda de las mujeres; es reflexionar sobre las condiciones para que puedan ejercer su maternidad libres de cualquier discriminaci\u00f3n, coerci\u00f3n o violencia<\/em>\u201d, defendi\u00f3 la ponente, miembro del Instituto de Memoria y Derechos Humanos (IMDH) de la UFSC.<\/p>\n\n\n\n<p>La profesora tambi\u00e9n destac\u00f3 algunos hitos normativos hist\u00f3ricos que fueron importantes para el reconocimiento de los derechos reproductivos y sexuales, como la Convenci\u00f3n Internacional sobre la Eliminaci\u00f3n de todas las Formas de Discriminaci\u00f3n contra la Mujer (1979), la Conferencia Internacional sobre la Poblaci\u00f3n y el Desarrollo (CIPD) de El Cairo (1994), la IV Conferencia Mundial sobre la Mujer de Beijing (1995), la Convenci\u00f3n Interamericana para Prevenir, Sancionar y Erradicar la Violencia contra la Mujer (Convenci\u00f3n de Bel\u00e9m do Par\u00e1 de 1994) y los principios de Yogyakarta, Indonesia, 2006.<\/p>\n\n\n\n<p>La conferencia se llev\u00f3 a cabo el primer d\u00eda de la Escuela de Verano &#8211; Educaci\u00f3n en Derechos Humanos. El evento contin\u00faa hasta el viernes 9, en la UFMG (campus Pampulha, CAD2, Auditorio A2).<\/p>\n\n\n\n<p>La ma\u00f1ana de este lunes la Escuela de Verano fue inaugurada por dirigentes universitarios y la clase Los 75 a\u00f1os de la Declaraci\u00f3n Universal de los Derechos Humanos: \u00bfderechos humanos para qui\u00e9n?, a cargo de la profesora Mar\u00eda Guiomar Frota, directora de la Universidad de Derechos Humanos (UDH\/Proex) .<\/p>\n\n\n\n<p><strong>Texto: Proex &#8211; UFMG<\/strong><\/p>\n","protected":false},"excerpt":{"rendered":"<p>Durante la  IV Escuela de Verano &#8211; Educaci\u00f3n en Derechos Humanos.<\/p>\n","protected":false},"author":3,"featured_media":19207,"comment_status":"closed","ping_status":"closed","sticky":false,"template":"","format":"standard","meta":{"footnotes":""},"categories":[48,1],"tags":[],"class_list":["post-19206","post","type-post","status-publish","format-standard","has-post-thumbnail","hentry","category-archivo-de-noticias","category-noticias"],"wpmagazine_modules_lite_featured_media_urls":{"thumbnail":["https:\/\/grupomontevideo.org\/site\/wp-content\/uploads\/2024\/02\/Direitos-Humanos-e-Genero-neoconservadorismo-direitos-sexuais-e-reprodutivos-prevencao-ao-assedio-moral-e-sexual-Eduardo-Maia-Proex-UFMG-Escola-de-Verao-Direitos-Humanos-2024-768x512-1-150x150.jpg",150,150,true],"cvmm-medium":["https:\/\/grupomontevideo.org\/site\/wp-content\/uploads\/2024\/02\/Direitos-Humanos-e-Genero-neoconservadorismo-direitos-sexuais-e-reprodutivos-prevencao-ao-assedio-moral-e-sexual-Eduardo-Maia-Proex-UFMG-Escola-de-Verao-Direitos-Humanos-2024-768x512-1-300x300.jpg",300,300,true],"cvmm-medium-plus":["https:\/\/grupomontevideo.org\/site\/wp-content\/uploads\/2024\/02\/Direitos-Humanos-e-Genero-neoconservadorismo-direitos-sexuais-e-reprodutivos-prevencao-ao-assedio-moral-e-sexual-Eduardo-Maia-Proex-UFMG-Escola-de-Verao-Direitos-Humanos-2024-768x512-1-305x207.jpg",305,207,true],"cvmm-portrait":["https:\/\/grupomontevideo.org\/site\/wp-content\/uploads\/2024\/02\/Direitos-Humanos-e-Genero-neoconservadorismo-direitos-sexuais-e-reprodutivos-prevencao-ao-assedio-moral-e-sexual-Eduardo-Maia-Proex-UFMG-Escola-de-Verao-Direitos-Humanos-2024-768x512-1-400x512.jpg",400,512,true],"cvmm-medium-square":["https:\/\/grupomontevideo.org\/site\/wp-content\/uploads\/2024\/02\/Direitos-Humanos-e-Genero-neoconservadorismo-direitos-sexuais-e-reprodutivos-prevencao-ao-assedio-moral-e-sexual-Eduardo-Maia-Proex-UFMG-Escola-de-Verao-Direitos-Humanos-2024-768x512-1-600x512.jpg",600,512,true],"cvmm-large":["https:\/\/grupomontevideo.org\/site\/wp-content\/uploads\/2024\/02\/Direitos-Humanos-e-Genero-neoconservadorismo-direitos-sexuais-e-reprodutivos-prevencao-ao-assedio-moral-e-sexual-Eduardo-Maia-Proex-UFMG-Escola-de-Verao-Direitos-Humanos-2024-768x512-1.jpg",768,512,false],"cvmm-small":["https:\/\/grupomontevideo.org\/site\/wp-content\/uploads\/2024\/02\/Direitos-Humanos-e-Genero-neoconservadorismo-direitos-sexuais-e-reprodutivos-prevencao-ao-assedio-moral-e-sexual-Eduardo-Maia-Proex-UFMG-Escola-de-Verao-Direitos-Humanos-2024-768x512-1-130x95.jpg",130,95,true],"full":["https:\/\/grupomontevideo.org\/site\/wp-content\/uploads\/2024\/02\/Direitos-Humanos-e-Genero-neoconservadorismo-direitos-sexuais-e-reprodutivos-prevencao-ao-assedio-moral-e-sexual-Eduardo-Maia-Proex-UFMG-Escola-de-Verao-Direitos-Humanos-2024-768x512-1.jpg",768,512,false]},"categories_names":{"48":{"name":"Archivo de noticias","link":"https:\/\/grupomontevideo.org\/site\/category\/archivo-de-noticias\/"},"1":{"name":"Noticias universitarias","link":"https:\/\/grupomontevideo.org\/site\/category\/noticias\/"}},"tags_names":[],"comments_number":"0","_links":{"self":[{"href":"https:\/\/grupomontevideo.org\/site\/wp-json\/wp\/v2\/posts\/19206","targetHints":{"allow":["GET"]}}],"collection":[{"href":"https:\/\/grupomontevideo.org\/site\/wp-json\/wp\/v2\/posts"}],"about":[{"href":"https:\/\/grupomontevideo.org\/site\/wp-json\/wp\/v2\/types\/post"}],"author":[{"embeddable":true,"href":"https:\/\/grupomontevideo.org\/site\/wp-json\/wp\/v2\/users\/3"}],"replies":[{"embeddable":true,"href":"https:\/\/grupomontevideo.org\/site\/wp-json\/wp\/v2\/comments?post=19206"}],"version-history":[{"count":1,"href":"https:\/\/grupomontevideo.org\/site\/wp-json\/wp\/v2\/posts\/19206\/revisions"}],"predecessor-version":[{"id":19208,"href":"https:\/\/grupomontevideo.org\/site\/wp-json\/wp\/v2\/posts\/19206\/revisions\/19208"}],"wp:featuredmedia":[{"embeddable":true,"href":"https:\/\/grupomontevideo.org\/site\/wp-json\/wp\/v2\/media\/19207"}],"wp:attachment":[{"href":"https:\/\/grupomontevideo.org\/site\/wp-json\/wp\/v2\/media?parent=19206"}],"wp:term":[{"taxonomy":"category","embeddable":true,"href":"https:\/\/grupomontevideo.org\/site\/wp-json\/wp\/v2\/categories?post=19206"},{"taxonomy":"post_tag","embeddable":true,"href":"https:\/\/grupomontevideo.org\/site\/wp-json\/wp\/v2\/tags?post=19206"}],"curies":[{"name":"wp","href":"https:\/\/api.w.org\/{rel}","templated":true}]}}