{"id":19053,"date":"2023-11-03T11:40:45","date_gmt":"2023-11-03T14:40:45","guid":{"rendered":"http:\/\/grupomontevideo.org\/site\/?p=19053"},"modified":"2023-11-14T09:38:53","modified_gmt":"2023-11-14T12:38:53","slug":"augm-y-brasil-concretan-en-montevideo-la-primera-reunion-para-avanzar-en-un-programa-de-movilidad-a-nivel-de-posgrado","status":"publish","type":"post","link":"https:\/\/grupomontevideo.org\/site\/augm-y-brasil-concretan-en-montevideo-la-primera-reunion-para-avanzar-en-un-programa-de-movilidad-a-nivel-de-posgrado\/","title":{"rendered":"AUGM y Brasil concretan en Montevideo la primera reuni\u00f3n para avanzar en un programa de movilidad a nivel de posgrado"},"content":{"rendered":"\n<p>Este<strong> 7 y 8 de noviembre<\/strong>, luego de firmado el acuerdo marco, Montevideo ser\u00e1 sede de la primera reuni\u00f3n de trabajo para la creaci\u00f3n de un programa de movilidad a nivel de posgrado, asociado a la Investigaci\u00f3n y consolidaci\u00f3n de equipos, con el objetivo de promover la integraci\u00f3n acad\u00e9mica y el conocimiento cient\u00edfico entre las universidades brasile\u00f1as y las Universidades Miembro de la Asociaci\u00f3n de Universidades Grupo Montevideo.<\/p>\n\n\n\n<p>Se trata de una iniciativa que la AUGM lleva adelante junto al Ministerio de Ciencia Tecnolog\u00eda e Innovaci\u00f3n de Brasil, el Consejo Nacional de Desarrollo Cient\u00edfico y Tecnol\u00f3gico (CNPq) de ese pa\u00eds, y la Coordinaci\u00f3n de la Formaci\u00f3n de Personal de Nivel Superior (CAPES).&nbsp;<\/p>\n\n\n\n<p>La reuni\u00f3n se enfocar\u00e1 en los acuerdos espec\u00edficos y financiamientos propuestos por instituciones estatales de Brasil (CAPES y CNPq) y las universidades que integran la AUGM en calidad de contrapartes.<\/p>\n\n\n\n<p>Para abonar los intercambios de esta reuni\u00f3n, el martes 7, desde las 14.00 horas, se llevar\u00e1 a cabo el conversatorio \u201c<strong><em>Pensando juntos la investigaci\u00f3n, la movilidad de posgrado y el papel de la cooperaci\u00f3n entre nuestras universidades para construir un futuro soberano y com\u00fan en la regi\u00f3n<\/em>\u201d.<\/strong><\/p>\n\n\n\n<p>El mismo tendr\u00e1 lugar en la sala Maggiolo de la Universidad de la Rep\u00fablica (Edificio Central. Avenida 18 de julio 1824, Montevideo) con el objetivo de considerar los desaf\u00edos en la cooperaci\u00f3n acad\u00e9mica entre pa\u00edses de la regi\u00f3n y nuestras universidades p\u00fablicas, as\u00ed como los posibles temas y problemas del desarrollo estrat\u00e9gico, los enfoques regionales y multidisciplinarios, la promoci\u00f3n del v\u00ednculo entre los estudios universitarios y las pol\u00edticas p\u00fablicas, la participaci\u00f3n de los trabajadores y la sociedad civil en la generaci\u00f3n de conocimientos y b\u00fasqueda de soluciones para el bienestar de la poblaci\u00f3n, los financiamientos p\u00fablicos necesarios, y otros asuntos de inter\u00e9s com\u00fan.<\/p>\n\n\n\n<p>Para ambas instancias, se contar\u00e1 con la presencia de Helena Albuquerque, coordinadora General de Programas Internacionales de CAPES, y Dalila Andrade Oliveira, directora de Cooperaci\u00f3n Institucional, Internacional e Innovaci\u00f3n de la CNPq.&nbsp;<\/p>\n\n\n\n<p>Por parte de AUGM, estar\u00e1 presente el vicepresidente de AUGM y rector de la universidad anfitriona, Rodrigo Arim; el secretario ejecutivo del Grupo, Alvaro Rico, y una amplia delegaci\u00f3n de representantes de varias universidades miembro de AUGM.&nbsp;&nbsp;<\/p>\n\n\n\n<p>Entre las personas invitadas a participar del conversatorio, destaca la presencia del ex presidente de Uruguay Jos\u00e9 Mujica, y los intendentes de Montevideo, Canelones y San Jos\u00e9, respectivamente, Carolina Cosse, Yamand\u00fa Orsi, y Ana Mar\u00eda Bentaberri. Tambi\u00e9n estar\u00e1 presente  Marcelo Abdala, presidente de la central obrera de Uruguay, PIT CNT.<\/p>\n\n\n\n<div class=\"wp-block-buttons is-layout-flex wp-block-buttons-is-layout-flex\">\n<div class=\"wp-block-button has-custom-width wp-block-button__width-100\"><a class=\"wp-block-button__link has-cyan-bluish-gray-background-color has-background wp-element-button\" href=\"https:\/\/grupomontevideo.org\/site\/wp-content\/uploads\/2023\/11\/CONVERSATORIO-AUGM-\u2013-CAPES-MCTI-\u2013-CNPQ.docx-1.pdf\" style=\"border-radius:0px\"><strong>Ver programa del conversatorio<\/strong><\/a><\/div>\n<\/div>\n\n\n\n<p><\/p>\n\n\n\n<p><a href=\"https:\/\/grupomontevideo.org\/site\/se-firma-en-brasil-protocolo-de-intencion-para-la-creacion-de-un-programa-continental-de-movilidad\/\">AUGM firm\u00f3 el protocolo de intenci\u00f3n<\/a> para la creaci\u00f3n de este programa de movilidad a nivel de posgrado en julio de este a\u00f1o, junto al MCTI y CNPq, con el objetivo de considerar el inter\u00e9s com\u00fan de los participantes en promover la movilidad de investigadores y estudiantes de posgrado, con el fin de impulsar y fortalecer los procesos de integraci\u00f3n de los pa\u00edses latinoamericanos, priorizando la cooperaci\u00f3n Sur-Sur.&nbsp;<\/p>\n\n\n\n<p>Anteriormente, <a href=\"https:\/\/grupomontevideo.org\/site\/augm-y-capes-de-brasil-firmaron-acuerdo-para-intercambio-de-investigadores-y-estudiantes-de-posgrado\/\">AUGM y CAPES ya hab\u00edan firmado un acuerdo de intercambio <\/a>para establecer programas conjuntos que apunten a consolidar el intercambio de investigadores y estudiantes de posgrado entre instituciones de educaci\u00f3n superior brasileras y de Am\u00e9rica del sur<\/p>\n\n\n\n<figure class=\"wp-block-gallery has-nested-images columns-default is-cropped wp-block-gallery-1 is-layout-flex wp-block-gallery-is-layout-flex\">\n<figure class=\"wp-block-image size-large\"><img fetchpriority=\"high\" decoding=\"async\" width=\"1024\" height=\"1024\" data-id=\"19054\" src=\"https:\/\/grupomontevideo.org\/site\/wp-content\/uploads\/2023\/11\/Conversatorio-POR_Mesa-de-trabajo-1-02-1024x1024.png\" alt=\"\" class=\"wp-image-19054\" srcset=\"https:\/\/grupomontevideo.org\/site\/wp-content\/uploads\/2023\/11\/Conversatorio-POR_Mesa-de-trabajo-1-02-1024x1024.png 1024w, https:\/\/grupomontevideo.org\/site\/wp-content\/uploads\/2023\/11\/Conversatorio-POR_Mesa-de-trabajo-1-02-300x300.png 300w, https:\/\/grupomontevideo.org\/site\/wp-content\/uploads\/2023\/11\/Conversatorio-POR_Mesa-de-trabajo-1-02-150x150.png 150w, https:\/\/grupomontevideo.org\/site\/wp-content\/uploads\/2023\/11\/Conversatorio-POR_Mesa-de-trabajo-1-02-768x768.png 768w, https:\/\/grupomontevideo.org\/site\/wp-content\/uploads\/2023\/11\/Conversatorio-POR_Mesa-de-trabajo-1-02-1536x1536.png 1536w, https:\/\/grupomontevideo.org\/site\/wp-content\/uploads\/2023\/11\/Conversatorio-POR_Mesa-de-trabajo-1-02-2048x2048.png 2048w, https:\/\/grupomontevideo.org\/site\/wp-content\/uploads\/2023\/11\/Conversatorio-POR_Mesa-de-trabajo-1-02-600x600.png 600w\" sizes=\"(max-width: 1024px) 100vw, 1024px\" \/><\/figure>\n\n\n\n<figure class=\"wp-block-image size-large\"><img decoding=\"async\" width=\"1024\" height=\"1024\" data-id=\"19055\" src=\"https:\/\/grupomontevideo.org\/site\/wp-content\/uploads\/2023\/11\/Conversatorio-02_Mesa-de-trabajo-1-1024x1024.png\" alt=\"\" class=\"wp-image-19055\" srcset=\"https:\/\/grupomontevideo.org\/site\/wp-content\/uploads\/2023\/11\/Conversatorio-02_Mesa-de-trabajo-1-1024x1024.png 1024w, https:\/\/grupomontevideo.org\/site\/wp-content\/uploads\/2023\/11\/Conversatorio-02_Mesa-de-trabajo-1-300x300.png 300w, https:\/\/grupomontevideo.org\/site\/wp-content\/uploads\/2023\/11\/Conversatorio-02_Mesa-de-trabajo-1-150x150.png 150w, https:\/\/grupomontevideo.org\/site\/wp-content\/uploads\/2023\/11\/Conversatorio-02_Mesa-de-trabajo-1-768x768.png 768w, https:\/\/grupomontevideo.org\/site\/wp-content\/uploads\/2023\/11\/Conversatorio-02_Mesa-de-trabajo-1-1536x1536.png 1536w, https:\/\/grupomontevideo.org\/site\/wp-content\/uploads\/2023\/11\/Conversatorio-02_Mesa-de-trabajo-1-2048x2048.png 2048w, https:\/\/grupomontevideo.org\/site\/wp-content\/uploads\/2023\/11\/Conversatorio-02_Mesa-de-trabajo-1-600x600.png 600w\" sizes=\"(max-width: 1024px) 100vw, 1024px\" \/><\/figure>\n<\/figure>\n","protected":false},"excerpt":{"rendered":"<p>Este 7 y 8 de noviembre, luego de firmado el acuerdo marco, Montevideo ser\u00e1 sede de la primera reuni\u00f3n de trabajo para la creaci\u00f3n de un programa de movilidad a nivel de posgrado, asociado a la Investigaci\u00f3n y consolidaci\u00f3n de equipos, con el objetivo de promover la integraci\u00f3n acad\u00e9mica y el conocimiento cient\u00edfico entre las [&hellip;]<\/p>\n","protected":false},"author":7,"featured_media":19058,"comment_status":"closed","ping_status":"closed","sticky":false,"template":"","format":"standard","meta":{"footnotes":""},"categories":[48,1],"tags":[],"class_list":["post-19053","post","type-post","status-publish","format-standard","has-post-thumbnail","hentry","category-archivo-de-noticias","category-noticias"],"wpmagazine_modules_lite_featured_media_urls":{"thumbnail":["https:\/\/grupomontevideo.org\/site\/wp-content\/uploads\/2023\/11\/udelar-1-150x150.jpg",150,150,true],"cvmm-medium":["https:\/\/grupomontevideo.org\/site\/wp-content\/uploads\/2023\/11\/udelar-1-300x300.jpg",300,300,true],"cvmm-medium-plus":["https:\/\/grupomontevideo.org\/site\/wp-content\/uploads\/2023\/11\/udelar-1-305x207.jpg",305,207,true],"cvmm-portrait":["https:\/\/grupomontevideo.org\/site\/wp-content\/uploads\/2023\/11\/udelar-1-400x503.jpg",400,503,true],"cvmm-medium-square":["https:\/\/grupomontevideo.org\/site\/wp-content\/uploads\/2023\/11\/udelar-1-600x503.jpg",600,503,true],"cvmm-large":["https:\/\/grupomontevideo.org\/site\/wp-content\/uploads\/2023\/11\/udelar-1.jpg",700,503,false],"cvmm-small":["https:\/\/grupomontevideo.org\/site\/wp-content\/uploads\/2023\/11\/udelar-1-130x95.jpg",130,95,true],"full":["https:\/\/grupomontevideo.org\/site\/wp-content\/uploads\/2023\/11\/udelar-1.jpg",700,503,false]},"categories_names":{"48":{"name":"Archivo de noticias","link":"https:\/\/grupomontevideo.org\/site\/category\/archivo-de-noticias\/"},"1":{"name":"Noticias universitarias","link":"https:\/\/grupomontevideo.org\/site\/category\/noticias\/"}},"tags_names":[],"comments_number":"0","_links":{"self":[{"href":"https:\/\/grupomontevideo.org\/site\/wp-json\/wp\/v2\/posts\/19053","targetHints":{"allow":["GET"]}}],"collection":[{"href":"https:\/\/grupomontevideo.org\/site\/wp-json\/wp\/v2\/posts"}],"about":[{"href":"https:\/\/grupomontevideo.org\/site\/wp-json\/wp\/v2\/types\/post"}],"author":[{"embeddable":true,"href":"https:\/\/grupomontevideo.org\/site\/wp-json\/wp\/v2\/users\/7"}],"replies":[{"embeddable":true,"href":"https:\/\/grupomontevideo.org\/site\/wp-json\/wp\/v2\/comments?post=19053"}],"version-history":[{"count":10,"href":"https:\/\/grupomontevideo.org\/site\/wp-json\/wp\/v2\/posts\/19053\/revisions"}],"predecessor-version":[{"id":19106,"href":"https:\/\/grupomontevideo.org\/site\/wp-json\/wp\/v2\/posts\/19053\/revisions\/19106"}],"wp:featuredmedia":[{"embeddable":true,"href":"https:\/\/grupomontevideo.org\/site\/wp-json\/wp\/v2\/media\/19058"}],"wp:attachment":[{"href":"https:\/\/grupomontevideo.org\/site\/wp-json\/wp\/v2\/media?parent=19053"}],"wp:term":[{"taxonomy":"category","embeddable":true,"href":"https:\/\/grupomontevideo.org\/site\/wp-json\/wp\/v2\/categories?post=19053"},{"taxonomy":"post_tag","embeddable":true,"href":"https:\/\/grupomontevideo.org\/site\/wp-json\/wp\/v2\/tags?post=19053"}],"curies":[{"name":"wp","href":"https:\/\/api.w.org\/{rel}","templated":true}]}}