{"id":19035,"date":"2023-10-27T10:57:02","date_gmt":"2023-10-27T13:57:02","guid":{"rendered":"http:\/\/grupomontevideo.org\/site\/?p=19035"},"modified":"2023-11-14T09:37:53","modified_gmt":"2023-11-14T12:37:53","slug":"jornadas-nacionales-e-internacionales-de-la-red-interuniversitaria-de-discapacidad","status":"publish","type":"post","link":"https:\/\/grupomontevideo.org\/site\/jornadas-nacionales-e-internacionales-de-la-red-interuniversitaria-de-discapacidad\/","title":{"rendered":"Jornadas Nacionales e Internacionales de la Red Interuniversitaria de Discapacidad (RID)"},"content":{"rendered":"\n<p>Las<strong> Jornadas son un espacio de encuentro, docencia, extensi\u00f3n e investigaci\u00f3n<\/strong>, que este a\u00f1o se realiza el 2 y 3 de noviembre en la Universidad Nacional del Litoral (UNL), Santa Fe, Argentina. <\/p>\n\n\n\n<p><strong>Re\u00fane tres eventos<\/strong>, las  XII Jornadas Nacionales (RID CIN), III Jornadas Internacionales (RID CIN) \u201cUniversidad y Discapacidad\u201d, y las II Jornadas Internacionales (UNL) \u201cDesde una perspectiva inclusiva:<br>consolidando los principios de accesibilidad.<\/p>\n\n\n\n<div class=\"wp-block-buttons is-layout-flex wp-block-buttons-is-layout-flex\">\n<div class=\"wp-block-button has-custom-width wp-block-button__width-100\"><a class=\"wp-block-button__link has-vivid-cyan-blue-background-color has-background wp-element-button\" href=\"https:\/\/www.unl.edu.ar\/jornadainclusion\/\" style=\"border-radius:0px\"><strong>Sitio del evento<\/strong><\/a><\/div>\n\n\n\n<div class=\"wp-block-button has-custom-width wp-block-button__width-100\"><a class=\"wp-block-button__link has-vivid-cyan-blue-background-color has-background wp-element-button\" href=\"https:\/\/servicios.unl.edu.ar\/formularios\/#\/r\/8e060e626407069ea95f145abac3621d88a12367fdddf140275dd4a96b0dc2c3\" style=\"border-radius:0px\"><strong>Inscripciones aqu\u00ed &#8211; hasta 30\/10<\/strong><\/a><\/div>\n<\/div>\n\n\n\n<p>En esta ocasi\u00f3n, abordan los principios de accesibilidad desde la perspectiva de discapacidad, en un contexto regional, nacional e internacional. Est\u00e1n destinadas a la comunidad en general.<\/p>\n\n\n\n<p>La iniciativa se enmarca en las acciones de la&nbsp;<strong>Red Interuniversitaria de Discapacidad (RID-CIN)<\/strong>&nbsp;y cuenta con el apoyo del&nbsp;<strong><a href=\"http:\/\/grupomontevideo.org\/ndca\/caaccesibilidad\/\" data-type=\"link\" data-id=\"http:\/\/grupomontevideo.org\/ndca\/caaccesibilidad\/\">Comit\u00e9 Acad\u00e9mico de Accesibilidad y Discapacidad de AUGM (CAAyD-AUGM)<\/a><\/strong>.<\/p>\n\n\n\n<figure class=\"wp-block-embed is-type-video is-provider-youtube wp-block-embed-youtube wp-embed-aspect-16-9 wp-has-aspect-ratio\"><div class=\"wp-block-embed__wrapper\">\n<iframe title=\"Presentaci\u00f3n Jornadas \u201cUniversidad y Discapacidad\u201d\" width=\"640\" height=\"360\" src=\"https:\/\/www.youtube.com\/embed\/YnzpbDSEb5Y?feature=oembed\" frameborder=\"0\" allow=\"accelerometer; autoplay; clipboard-write; encrypted-media; gyroscope; picture-in-picture; web-share\" referrerpolicy=\"strict-origin-when-cross-origin\" allowfullscreen><\/iframe>\n<\/div><\/figure>\n\n\n\n<figure class=\"wp-block-gallery has-nested-images columns-default is-cropped wp-block-gallery-1 is-layout-flex wp-block-gallery-is-layout-flex\">\n<figure class=\"wp-block-image size-large\"><img fetchpriority=\"high\" decoding=\"async\" width=\"1024\" height=\"1024\" data-id=\"19036\" src=\"https:\/\/grupomontevideo.org\/site\/wp-content\/uploads\/2023\/10\/FLAYER-JORNADAS-1024x1024.png\" alt=\"\" class=\"wp-image-19036\" srcset=\"https:\/\/grupomontevideo.org\/site\/wp-content\/uploads\/2023\/10\/FLAYER-JORNADAS-1024x1024.png 1024w, https:\/\/grupomontevideo.org\/site\/wp-content\/uploads\/2023\/10\/FLAYER-JORNADAS-300x300.png 300w, https:\/\/grupomontevideo.org\/site\/wp-content\/uploads\/2023\/10\/FLAYER-JORNADAS-150x150.png 150w, https:\/\/grupomontevideo.org\/site\/wp-content\/uploads\/2023\/10\/FLAYER-JORNADAS-768x768.png 768w, https:\/\/grupomontevideo.org\/site\/wp-content\/uploads\/2023\/10\/FLAYER-JORNADAS-1536x1536.png 1536w, https:\/\/grupomontevideo.org\/site\/wp-content\/uploads\/2023\/10\/FLAYER-JORNADAS-2048x2048.png 2048w, https:\/\/grupomontevideo.org\/site\/wp-content\/uploads\/2023\/10\/FLAYER-JORNADAS-600x600.png 600w\" sizes=\"(max-width: 1024px) 100vw, 1024px\" \/><\/figure>\n\n\n\n<figure class=\"wp-block-image size-large\"><img decoding=\"async\" width=\"1024\" height=\"1024\" data-id=\"19037\" src=\"https:\/\/grupomontevideo.org\/site\/wp-content\/uploads\/2023\/10\/WhatsApp-Image-2023-10-24-at-15.30.37-1024x1024.jpeg\" alt=\"\" class=\"wp-image-19037\" srcset=\"https:\/\/grupomontevideo.org\/site\/wp-content\/uploads\/2023\/10\/WhatsApp-Image-2023-10-24-at-15.30.37-1024x1024.jpeg 1024w, https:\/\/grupomontevideo.org\/site\/wp-content\/uploads\/2023\/10\/WhatsApp-Image-2023-10-24-at-15.30.37-300x300.jpeg 300w, https:\/\/grupomontevideo.org\/site\/wp-content\/uploads\/2023\/10\/WhatsApp-Image-2023-10-24-at-15.30.37-150x150.jpeg 150w, https:\/\/grupomontevideo.org\/site\/wp-content\/uploads\/2023\/10\/WhatsApp-Image-2023-10-24-at-15.30.37-768x768.jpeg 768w, https:\/\/grupomontevideo.org\/site\/wp-content\/uploads\/2023\/10\/WhatsApp-Image-2023-10-24-at-15.30.37-1536x1536.jpeg 1536w, https:\/\/grupomontevideo.org\/site\/wp-content\/uploads\/2023\/10\/WhatsApp-Image-2023-10-24-at-15.30.37-600x600.jpeg 600w, https:\/\/grupomontevideo.org\/site\/wp-content\/uploads\/2023\/10\/WhatsApp-Image-2023-10-24-at-15.30.37.jpeg 1600w\" sizes=\"(max-width: 1024px) 100vw, 1024px\" \/><\/figure>\n<\/figure>\n","protected":false},"excerpt":{"rendered":"<p>Las Jornadas son un espacio de encuentro, docencia, extensi\u00f3n e investigaci\u00f3n, que este a\u00f1o se realiza el 2 y 3 de noviembre en la Universidad Nacional del Litoral (UNL), Santa Fe, Argentina. Re\u00fane tres eventos, las XII Jornadas Nacionales (RID CIN), III Jornadas Internacionales (RID CIN) \u201cUniversidad y Discapacidad\u201d, y las II Jornadas Internacionales (UNL) [&hellip;]<\/p>\n","protected":false},"author":7,"featured_media":19038,"comment_status":"closed","ping_status":"closed","sticky":false,"template":"","format":"standard","meta":{"footnotes":""},"categories":[48,1],"tags":[],"class_list":["post-19035","post","type-post","status-publish","format-standard","has-post-thumbnail","hentry","category-archivo-de-noticias","category-noticias"],"wpmagazine_modules_lite_featured_media_urls":{"thumbnail":["https:\/\/grupomontevideo.org\/site\/wp-content\/uploads\/2023\/10\/6MDRD0pNv_1300x655__1-150x150.webp",150,150,true],"cvmm-medium":["https:\/\/grupomontevideo.org\/site\/wp-content\/uploads\/2023\/10\/6MDRD0pNv_1300x655__1-300x300.webp",300,300,true],"cvmm-medium-plus":["https:\/\/grupomontevideo.org\/site\/wp-content\/uploads\/2023\/10\/6MDRD0pNv_1300x655__1-305x207.webp",305,207,true],"cvmm-portrait":["https:\/\/grupomontevideo.org\/site\/wp-content\/uploads\/2023\/10\/6MDRD0pNv_1300x655__1-400x600.webp",400,600,true],"cvmm-medium-square":["https:\/\/grupomontevideo.org\/site\/wp-content\/uploads\/2023\/10\/6MDRD0pNv_1300x655__1-600x600.webp",600,600,true],"cvmm-large":["https:\/\/grupomontevideo.org\/site\/wp-content\/uploads\/2023\/10\/6MDRD0pNv_1300x655__1-1024x655.webp",1024,655,true],"cvmm-small":["https:\/\/grupomontevideo.org\/site\/wp-content\/uploads\/2023\/10\/6MDRD0pNv_1300x655__1-130x95.webp",130,95,true],"full":["https:\/\/grupomontevideo.org\/site\/wp-content\/uploads\/2023\/10\/6MDRD0pNv_1300x655__1.webp",1300,655,false]},"categories_names":{"48":{"name":"Archivo de noticias","link":"https:\/\/grupomontevideo.org\/site\/category\/archivo-de-noticias\/"},"1":{"name":"Noticias universitarias","link":"https:\/\/grupomontevideo.org\/site\/category\/noticias\/"}},"tags_names":[],"comments_number":"0","_links":{"self":[{"href":"https:\/\/grupomontevideo.org\/site\/wp-json\/wp\/v2\/posts\/19035","targetHints":{"allow":["GET"]}}],"collection":[{"href":"https:\/\/grupomontevideo.org\/site\/wp-json\/wp\/v2\/posts"}],"about":[{"href":"https:\/\/grupomontevideo.org\/site\/wp-json\/wp\/v2\/types\/post"}],"author":[{"embeddable":true,"href":"https:\/\/grupomontevideo.org\/site\/wp-json\/wp\/v2\/users\/7"}],"replies":[{"embeddable":true,"href":"https:\/\/grupomontevideo.org\/site\/wp-json\/wp\/v2\/comments?post=19035"}],"version-history":[{"count":3,"href":"https:\/\/grupomontevideo.org\/site\/wp-json\/wp\/v2\/posts\/19035\/revisions"}],"predecessor-version":[{"id":19122,"href":"https:\/\/grupomontevideo.org\/site\/wp-json\/wp\/v2\/posts\/19035\/revisions\/19122"}],"wp:featuredmedia":[{"embeddable":true,"href":"https:\/\/grupomontevideo.org\/site\/wp-json\/wp\/v2\/media\/19038"}],"wp:attachment":[{"href":"https:\/\/grupomontevideo.org\/site\/wp-json\/wp\/v2\/media?parent=19035"}],"wp:term":[{"taxonomy":"category","embeddable":true,"href":"https:\/\/grupomontevideo.org\/site\/wp-json\/wp\/v2\/categories?post=19035"},{"taxonomy":"post_tag","embeddable":true,"href":"https:\/\/grupomontevideo.org\/site\/wp-json\/wp\/v2\/tags?post=19035"}],"curies":[{"name":"wp","href":"https:\/\/api.w.org\/{rel}","templated":true}]}}