{"id":18998,"date":"2023-10-19T12:00:22","date_gmt":"2023-10-19T15:00:22","guid":{"rendered":"http:\/\/grupomontevideo.org\/site\/?p=18998"},"modified":"2023-11-27T10:23:49","modified_gmt":"2023-11-27T13:23:49","slug":"escuela-de-verano-autogestion-en-el-trabajo-y-en-la-vida","status":"publish","type":"post","link":"https:\/\/grupomontevideo.org\/site\/escuela-de-verano-autogestion-en-el-trabajo-y-en-la-vida\/","title":{"rendered":"Seleccionados para la Escuela de Verano \u201cAutogesti\u00f3n en el trabajo y en la vida\u201d"},"content":{"rendered":"\n<p>El <strong>Comit\u00e9 Acad\u00e9mico Procesos Cooperativos y Asociativos (PROCOAS) de la Asociaci\u00f3n de Universidades Grupo Montevideo (AUGM) convoca a su Escuela de Verano \u201c<em>Autogesti\u00f3n en el trabajo y en la vida<\/em>\u201d<\/strong>, que se llevar\u00e1 a cabo del 19 al 23 de febrero del 2024 en Guararema, S\u00e3o Paulo, Brasil.<\/p>\n\n\n\n<p>La Escuela se propone crear un espacio de formaci\u00f3n cualificado para estudiantes, agentes sociales y representantes de movimientos sociales y populares, desde el&nbsp; intercambio&nbsp; de experiencias y di\u00e1logos de saberes transdisciplinarios y contradisciplinarios. Est\u00e1 orientado a estudiantes de grado y posgrado, as\u00ed como miembros de instituciones, movimientos sociales u organizaciones que trabajen o tengan experiencia con el tema.<\/p>\n\n\n\n<p>Se llevar\u00e1 a cabo en la <strong>Escuela Nacional Florestan Fernandes (ENFF), un espacio de formaci\u00f3n del Movimiento de los Trabajadores Sin Tierra (MST)<\/strong>, que se encuentra cerca de la ciudad de S\u00e3o Paulo.&nbsp;<\/p>\n\n\n\n<p>Las <strong>tem\u00e1ticas del encuentro contemplan<\/strong> asociativismo, cooperativismo y autogesti\u00f3n; historia de la autogesti\u00f3n y las luchas feministas; principios de la Econom\u00eda Feminista: trabajo productivo, reproductivo, cuidado y sostenibilidad de la vida; y colonialidad, descolonilidad, contracolonialidad del poder.<\/p>\n\n\n\n<p>Esta formaci\u00f3n tiene como principios la Educaci\u00f3n Popular, la autogesti\u00f3n y las Pedagog\u00edas Feministas. Desde esta perspectiva, se fundamenta en la conexi\u00f3n entre teor\u00eda y pr\u00e1ctica y entre diferentes formas de conocer y aprehender la realidad. As\u00ed, la formaci\u00f3n prev\u00e9 una metodolog\u00eda que combina espacios de reflexi\u00f3n te\u00f3rica, combinados con visitas de campo, momentos de trabajo grupal, din\u00e1micas de trabajo con el cuerpo y procesos autogestionados de cuidado de las personas y del espacio.<\/p>\n\n\n\n<p><\/p>\n\n\n\n<p><strong>El equipo docente est\u00e1 compuesto por:&nbsp;<\/strong><\/p>\n\n\n\n<p>\u25cf Cl\u00e1udio Nascimento (Brasil)<\/p>\n\n\n\n<p>\u25cf Vanessa Sigolo (Universidade Federal de S\u00e3o Paulo, Brasil)<\/p>\n\n\n\n<p>\u25cf Lorena Rodriguez (Universidade da Rep\u00fablica, Uruguay)<\/p>\n\n\n\n<p>\u25cf Gabriela Iglesias (Universidade da Rep\u00fablica, Uruguay)<\/p>\n\n\n\n<p>\u25cf Bruna Mendes (Universidade Federal do ABC, Brasil)<\/p>\n\n\n\n<p>\u25cf Lais Fraga (Universidade Estadual de Campinas, Brasil)<\/p>\n\n\n\n<p>\u25cf Fernanda Araujo (Universidade Federal do Rio de Janeiro, Brasil)<\/p>\n\n\n\n<p><\/p>\n\n\n\n<p>Por las caracter\u00edsticas de la propuesta y la estrategia pedag\u00f3gica se espera que participen hasta 25 personas. Las plazas vacantes se adjudicar\u00e1n tras un proceso de evaluaci\u00f3n de los perfiles registrados por el equipo organizador. <\/p>\n\n\n\n<div class=\"wp-block-buttons is-layout-flex wp-block-buttons-is-layout-flex\">\n<div class=\"wp-block-button has-custom-width wp-block-button__width-100\"><a class=\"wp-block-button__link wp-element-button\" href=\"https:\/\/grupomontevideo.org\/site\/wp-content\/uploads\/2023\/11\/RESULTADO_SELECAO_PROCOAS_EVI_2024_espanhol-1-1.pdf\" style=\"border-radius:0px\">Lista de seleccionados (Espa\u00f1ol)<\/a><\/div>\n\n\n\n<div class=\"wp-block-button has-custom-width wp-block-button__width-100\"><a class=\"wp-block-button__link wp-element-button\" href=\"https:\/\/grupomontevideo.org\/site\/wp-content\/uploads\/2023\/11\/RESULTADO_SELECAO_PROCOAS_EVI_2024_portgues-1.pdf\" style=\"border-radius:0px\">Lista de seleccionados (Portugu\u00e9s)<\/a><\/div>\n\n\n\n<div class=\"wp-block-button has-custom-width wp-block-button__width-100\"><a class=\"wp-block-button__link wp-element-button\" href=\"https:\/\/grupomontevideo.org\/site\/wp-content\/uploads\/2023\/10\/Convocatorio_PROCOAS_EVI_2024_Espanol.pdf\" style=\"border-radius:0px\">M\u00e1s informaci\u00f3n (Espa\u00f1ol)<\/a><\/div>\n\n\n\n<div class=\"wp-block-button has-custom-width wp-block-button__width-100\"><a class=\"wp-block-button__link wp-element-button\" href=\"https:\/\/grupomontevideo.org\/site\/wp-content\/uploads\/2023\/10\/Convocatorio_PROCOAS_EVI_2024_Portugues-2.pdf\" style=\"border-radius:0px\">M\u00e1s Informaci\u00f3n (Portugu\u00e9s)<\/a><\/div>\n<\/div>\n","protected":false},"excerpt":{"rendered":"<p>Ser\u00e1 en la Escuela Nacional Florestan Fernandes (ENFF), Brasil. <\/p>\n","protected":false},"author":7,"featured_media":19003,"comment_status":"closed","ping_status":"closed","sticky":false,"template":"","format":"standard","meta":{"footnotes":""},"categories":[48,1],"tags":[],"class_list":["post-18998","post","type-post","status-publish","format-standard","has-post-thumbnail","hentry","category-archivo-de-noticias","category-noticias"],"wpmagazine_modules_lite_featured_media_urls":{"thumbnail":["https:\/\/grupomontevideo.org\/site\/wp-content\/uploads\/2023\/10\/enff_1-150x150.jpg",150,150,true],"cvmm-medium":["https:\/\/grupomontevideo.org\/site\/wp-content\/uploads\/2023\/10\/enff_1-300x300.jpg",300,300,true],"cvmm-medium-plus":["https:\/\/grupomontevideo.org\/site\/wp-content\/uploads\/2023\/10\/enff_1-305x207.jpg",305,207,true],"cvmm-portrait":["https:\/\/grupomontevideo.org\/site\/wp-content\/uploads\/2023\/10\/enff_1-400x363.jpg",400,363,true],"cvmm-medium-square":["https:\/\/grupomontevideo.org\/site\/wp-content\/uploads\/2023\/10\/enff_1.jpg",485,363,false],"cvmm-large":["https:\/\/grupomontevideo.org\/site\/wp-content\/uploads\/2023\/10\/enff_1.jpg",485,363,false],"cvmm-small":["https:\/\/grupomontevideo.org\/site\/wp-content\/uploads\/2023\/10\/enff_1-130x95.jpg",130,95,true],"full":["https:\/\/grupomontevideo.org\/site\/wp-content\/uploads\/2023\/10\/enff_1.jpg",485,363,false]},"categories_names":{"48":{"name":"Archivo de noticias","link":"https:\/\/grupomontevideo.org\/site\/category\/archivo-de-noticias\/"},"1":{"name":"Noticias universitarias","link":"https:\/\/grupomontevideo.org\/site\/category\/noticias\/"}},"tags_names":[],"comments_number":"0","_links":{"self":[{"href":"https:\/\/grupomontevideo.org\/site\/wp-json\/wp\/v2\/posts\/18998","targetHints":{"allow":["GET"]}}],"collection":[{"href":"https:\/\/grupomontevideo.org\/site\/wp-json\/wp\/v2\/posts"}],"about":[{"href":"https:\/\/grupomontevideo.org\/site\/wp-json\/wp\/v2\/types\/post"}],"author":[{"embeddable":true,"href":"https:\/\/grupomontevideo.org\/site\/wp-json\/wp\/v2\/users\/7"}],"replies":[{"embeddable":true,"href":"https:\/\/grupomontevideo.org\/site\/wp-json\/wp\/v2\/comments?post=18998"}],"version-history":[{"count":11,"href":"https:\/\/grupomontevideo.org\/site\/wp-json\/wp\/v2\/posts\/18998\/revisions"}],"predecessor-version":[{"id":19164,"href":"https:\/\/grupomontevideo.org\/site\/wp-json\/wp\/v2\/posts\/18998\/revisions\/19164"}],"wp:featuredmedia":[{"embeddable":true,"href":"https:\/\/grupomontevideo.org\/site\/wp-json\/wp\/v2\/media\/19003"}],"wp:attachment":[{"href":"https:\/\/grupomontevideo.org\/site\/wp-json\/wp\/v2\/media?parent=18998"}],"wp:term":[{"taxonomy":"category","embeddable":true,"href":"https:\/\/grupomontevideo.org\/site\/wp-json\/wp\/v2\/categories?post=18998"},{"taxonomy":"post_tag","embeddable":true,"href":"https:\/\/grupomontevideo.org\/site\/wp-json\/wp\/v2\/tags?post=18998"}],"curies":[{"name":"wp","href":"https:\/\/api.w.org\/{rel}","templated":true}]}}