{"id":18991,"date":"2023-10-19T11:09:50","date_gmt":"2023-10-19T14:09:50","guid":{"rendered":"http:\/\/grupomontevideo.org\/site\/?p=18991"},"modified":"2023-11-14T09:38:31","modified_gmt":"2023-11-14T12:38:31","slug":"presidente-de-unlp-augm-es-un-bloque-regional-muy-fuerte-muy-activo-y-fundamentalmente-muy-comprometido-con-la-universidad-publica","status":"publish","type":"post","link":"https:\/\/grupomontevideo.org\/site\/presidente-de-unlp-augm-es-un-bloque-regional-muy-fuerte-muy-activo-y-fundamentalmente-muy-comprometido-con-la-universidad-publica\/","title":{"rendered":"Presidente de UNLP: AUGM es un bloque regional \u00abmuy fuerte, muy activo y fundamentalmente muy comprometido con la universidad p\u00fablica\u00bb"},"content":{"rendered":"\n<p><strong>El presidente de la Universidad Nacional de La Plata (UNLP), Mart\u00edn L\u00f3pez Armengol, visit\u00f3 Montevideo (Uruguay) el pasado martes 17 de octubre<\/strong>, instancia que aprovecho para reunirse con Rodrigo Arim, vicepresidente de AUGM y rector de la Universidad de la Rep\u00fablica (Udelar), y el equipo de la la Secretar\u00eda Ejecutiva de la red, representado por Alvaro Rico, secretario ejecutivo, y Fernando Sosa y Juan Manuel Sotelo, de programas y proyectos.&nbsp;<\/p>\n\n\n\n<p>La agenda de Amengol comenz\u00f3 con su participaci\u00f3n del seminario \u201c<em>Emprender sin fronteras<\/em>\u201d, que su universidad lleva adelante junto a la Udelar, para luego participar en la Asamblea General del Consorcio Iberoamericano para Educaci\u00f3n en Ciencia y Tecnolog\u00eda (ISTEC), que tambi\u00e9n se llev\u00f3 a cabo en Montevideo en esa fecha.&nbsp;<\/p>\n\n\n\n<p>En la tarde, el Presidente de UNLP se reuni\u00f3 con el rector Arim y la Secretar\u00eda Ejecutiva de AUGM. \u201c<em>A<strong>UGM es un bloque de universidades que se ha consolidado much\u00edsimo en la regi\u00f3n<\/strong>. Para nosotros AUGM es un espacio que nos ha venido muy bien, no solo desde lo regional, sino tambi\u00e9n para articular con alguna o algunas de las universidades que componen este fuerte bloque<\/em>\u201d, dijo Armengol a Comunicaci\u00f3n AUGM.&nbsp;<\/p>\n\n\n\n<p>\u201c<em><strong>Hoy Argentina est\u00e1 atravesando&nbsp; un proceso eleccionario y es importante tener una posici\u00f3n de nuestras universidades p\u00fablicas de Argentinas. Sabemos, por otro lado, que esa posici\u00f3n est\u00e1 tambi\u00e9n comprometida a trav\u00e9s de todas las universidades que forman parte de AUGM, as\u00ed que para nosotros es muy importante formar parte de esta red<\/strong>, lo entendemos como un bloque regional de universidades p\u00fablicas muy fuerte, muy activo y fundamentalmente muy comprometido con la universidad p\u00fablica<\/em>\u201d, agreg\u00f3.&nbsp;<\/p>\n\n\n\n<p>En su paso, Armengol tambi\u00e9n se refiri\u00f3 al convenio firmado entre AUGM, el Consejo Nacional de Desarrollo Cient\u00edfico y Tecnol\u00f3gicos (CNPQ) y la Coordinaci\u00f3n de la Formaci\u00f3n de Personal de Nivel Superior (CAPES), con quien AUGM tendr\u00e1 una reuni\u00f3n de trabajo el 7 y 8 de noviembre en Montevideo.&nbsp;<\/p>\n\n\n\n<p><em>\u201cPara nosotros es muy importante todo el aporte que pueda hacer Brasil en posgrado o incluso tambi\u00e9n en el desarrollo cient\u00edfico-tecnol\u00f3gico. Hoy es una potencia mundial, y es una potencia en Am\u00e9rica Latina. Para AUGM, y particularmente cada una de las universidades que componen la red, es muy importante tener a Brasil interesado en el desarrollo de posgrados y&nbsp; en financiar proyectos y pol\u00edticas de ciencia y t\u00e9cnica, que son comunes o que pueden ser comunes o articulados entre las universidades que forman parte de la regi\u00f3n<\/em>\u201d, dijo.&nbsp;<\/p>\n\n\n\n<figure class=\"wp-block-gallery has-nested-images columns-default is-cropped wp-block-gallery-1 is-layout-flex wp-block-gallery-is-layout-flex\">\n<figure class=\"wp-block-image size-large\"><img fetchpriority=\"high\" decoding=\"async\" width=\"933\" height=\"761\" data-id=\"18995\" src=\"https:\/\/grupomontevideo.org\/site\/wp-content\/uploads\/2023\/10\/WhatsApp-Image-2023-10-17-at-19.02.27.jpeg\" alt=\"\" class=\"wp-image-18995\" srcset=\"https:\/\/grupomontevideo.org\/site\/wp-content\/uploads\/2023\/10\/WhatsApp-Image-2023-10-17-at-19.02.27.jpeg 933w, https:\/\/grupomontevideo.org\/site\/wp-content\/uploads\/2023\/10\/WhatsApp-Image-2023-10-17-at-19.02.27-300x245.jpeg 300w, https:\/\/grupomontevideo.org\/site\/wp-content\/uploads\/2023\/10\/WhatsApp-Image-2023-10-17-at-19.02.27-768x626.jpeg 768w\" sizes=\"(max-width: 933px) 100vw, 933px\" \/><\/figure>\n\n\n\n<figure class=\"wp-block-image size-large\"><img decoding=\"async\" width=\"1024\" height=\"768\" data-id=\"18996\" src=\"https:\/\/grupomontevideo.org\/site\/wp-content\/uploads\/2023\/10\/Imagen-de-WhatsApp-2023-10-17-a-las-17.05.03_5bf5bb90-1-1024x768.jpg\" alt=\"\" class=\"wp-image-18996\" srcset=\"https:\/\/grupomontevideo.org\/site\/wp-content\/uploads\/2023\/10\/Imagen-de-WhatsApp-2023-10-17-a-las-17.05.03_5bf5bb90-1-1024x768.jpg 1024w, https:\/\/grupomontevideo.org\/site\/wp-content\/uploads\/2023\/10\/Imagen-de-WhatsApp-2023-10-17-a-las-17.05.03_5bf5bb90-1-300x225.jpg 300w, https:\/\/grupomontevideo.org\/site\/wp-content\/uploads\/2023\/10\/Imagen-de-WhatsApp-2023-10-17-a-las-17.05.03_5bf5bb90-1-768x576.jpg 768w, https:\/\/grupomontevideo.org\/site\/wp-content\/uploads\/2023\/10\/Imagen-de-WhatsApp-2023-10-17-a-las-17.05.03_5bf5bb90-1-1536x1152.jpg 1536w, https:\/\/grupomontevideo.org\/site\/wp-content\/uploads\/2023\/10\/Imagen-de-WhatsApp-2023-10-17-a-las-17.05.03_5bf5bb90-1-136x102.jpg 136w, https:\/\/grupomontevideo.org\/site\/wp-content\/uploads\/2023\/10\/Imagen-de-WhatsApp-2023-10-17-a-las-17.05.03_5bf5bb90-1.jpg 1600w\" sizes=\"(max-width: 1024px) 100vw, 1024px\" \/><\/figure>\n<\/figure>\n","protected":false},"excerpt":{"rendered":"<p>El presidente de la Universidad Nacional de La Plata (UNLP), Mart\u00edn L\u00f3pez Armengol, visit\u00f3 Montevideo (Uruguay) el pasado martes 17 de octubre, instancia que aprovecho para reunirse con Rodrigo Arim, vicepresidente de AUGM y rector de la Universidad de la Rep\u00fablica (Udelar), y el equipo de la la Secretar\u00eda Ejecutiva de la red, representado por [&hellip;]<\/p>\n","protected":false},"author":7,"featured_media":18992,"comment_status":"closed","ping_status":"closed","sticky":false,"template":"","format":"standard","meta":{"footnotes":""},"categories":[48,1],"tags":[],"class_list":["post-18991","post","type-post","status-publish","format-standard","has-post-thumbnail","hentry","category-archivo-de-noticias","category-noticias"],"wpmagazine_modules_lite_featured_media_urls":{"thumbnail":["https:\/\/grupomontevideo.org\/site\/wp-content\/uploads\/2023\/10\/udelar-150x150.jpg",150,150,true],"cvmm-medium":["https:\/\/grupomontevideo.org\/site\/wp-content\/uploads\/2023\/10\/udelar-300x300.jpg",300,300,true],"cvmm-medium-plus":["https:\/\/grupomontevideo.org\/site\/wp-content\/uploads\/2023\/10\/udelar-305x207.jpg",305,207,true],"cvmm-portrait":["https:\/\/grupomontevideo.org\/site\/wp-content\/uploads\/2023\/10\/udelar-400x579.jpg",400,579,true],"cvmm-medium-square":["https:\/\/grupomontevideo.org\/site\/wp-content\/uploads\/2023\/10\/udelar-600x579.jpg",600,579,true],"cvmm-large":["https:\/\/grupomontevideo.org\/site\/wp-content\/uploads\/2023\/10\/udelar.jpg",800,579,false],"cvmm-small":["https:\/\/grupomontevideo.org\/site\/wp-content\/uploads\/2023\/10\/udelar-130x95.jpg",130,95,true],"full":["https:\/\/grupomontevideo.org\/site\/wp-content\/uploads\/2023\/10\/udelar.jpg",800,579,false]},"categories_names":{"48":{"name":"Archivo de noticias","link":"https:\/\/grupomontevideo.org\/site\/category\/archivo-de-noticias\/"},"1":{"name":"Noticias universitarias","link":"https:\/\/grupomontevideo.org\/site\/category\/noticias\/"}},"tags_names":[],"comments_number":"0","_links":{"self":[{"href":"https:\/\/grupomontevideo.org\/site\/wp-json\/wp\/v2\/posts\/18991","targetHints":{"allow":["GET"]}}],"collection":[{"href":"https:\/\/grupomontevideo.org\/site\/wp-json\/wp\/v2\/posts"}],"about":[{"href":"https:\/\/grupomontevideo.org\/site\/wp-json\/wp\/v2\/types\/post"}],"author":[{"embeddable":true,"href":"https:\/\/grupomontevideo.org\/site\/wp-json\/wp\/v2\/users\/7"}],"replies":[{"embeddable":true,"href":"https:\/\/grupomontevideo.org\/site\/wp-json\/wp\/v2\/comments?post=18991"}],"version-history":[{"count":2,"href":"https:\/\/grupomontevideo.org\/site\/wp-json\/wp\/v2\/posts\/18991\/revisions"}],"predecessor-version":[{"id":19123,"href":"https:\/\/grupomontevideo.org\/site\/wp-json\/wp\/v2\/posts\/18991\/revisions\/19123"}],"wp:featuredmedia":[{"embeddable":true,"href":"https:\/\/grupomontevideo.org\/site\/wp-json\/wp\/v2\/media\/18992"}],"wp:attachment":[{"href":"https:\/\/grupomontevideo.org\/site\/wp-json\/wp\/v2\/media?parent=18991"}],"wp:term":[{"taxonomy":"category","embeddable":true,"href":"https:\/\/grupomontevideo.org\/site\/wp-json\/wp\/v2\/categories?post=18991"},{"taxonomy":"post_tag","embeddable":true,"href":"https:\/\/grupomontevideo.org\/site\/wp-json\/wp\/v2\/tags?post=18991"}],"curies":[{"name":"wp","href":"https:\/\/api.w.org\/{rel}","templated":true}]}}