{"id":18981,"date":"2023-10-18T12:04:15","date_gmt":"2023-10-18T15:04:15","guid":{"rendered":"http:\/\/grupomontevideo.org\/site\/?p=18981"},"modified":"2023-10-30T09:13:09","modified_gmt":"2023-10-30T12:13:09","slug":"gestores-y-gestoras-de-augm-intercambiaron-sobre-buenas-practicas-y-comunicacion-estrategica","status":"publish","type":"post","link":"https:\/\/grupomontevideo.org\/site\/gestores-y-gestoras-de-augm-intercambiaron-sobre-buenas-practicas-y-comunicacion-estrategica\/","title":{"rendered":"Gestores y gestoras de AUGM intercambiaron sobre buenas pr\u00e1cticas y comunicaci\u00f3n estrat\u00e9gica"},"content":{"rendered":"\n<p>Durante las <a href=\"https:\/\/grupomontevideo.org\/site\/18949-2\/\" data-type=\"link\" data-id=\"https:\/\/grupomontevideo.org\/site\/18949-2\/\"><strong>Jornadas de J\u00f3venes Investigadores<\/strong><\/a>, que se llev\u00f3 a cabo en el Campus San Lorenzo de la Universidad Nacional de Asunci\u00f3n, <strong>gestores y gestoras de la Asociaci\u00f3n de Universidades Grupo Montevideo (AUGM) llevaron a cabo un taller<\/strong> para compartir buenas pr\u00e1cticas y abordar diferentes demandas y necesidades en asuntos vinculados a la gesti\u00f3n y la comunicaci\u00f3n de los programas de la red.<\/p>\n\n\n\n<p>Se trat\u00f3 de una instancia de intercambio que reuni\u00f3 a representantes de <strong>23 Universidades Miembro, provenientes de Argentina, Brasil, Bolivia, Chile, Paraguay y Uruguay<\/strong>.&nbsp;<\/p>\n\n\n\n<p>Durante el encuentro present\u00f3 <strong>Macarena P\u00e9rez,<\/strong> por la Universidad de Santiago de Chile, cuya exposici\u00f3n se centr\u00f3 en la gesti\u00f3n de los programas ESCALA, y <strong>Brenda Schauvinhold<\/strong>, quien expuso sobre el plan de ordenamiento de N\u00facleos Disciplinarios y Comit\u00e9s Acad\u00e9micos de AUGM en la Universidad Nacional de C\u00f3rdoba.&nbsp;<\/p>\n\n\n\n<p>Por parte de la <strong>Secretar\u00eda Ejecutiva de AUGM<\/strong>, participaron Juan Manuel Sotelo, coordinador de programas y proyectos, y Edward Braida, de Comunicaci\u00f3n AUGM. Ambos coordinaron el intercambio sobre los asuntos vinculados a la comunicaci\u00f3n como factor estrat\u00e9gico a la hora de gestionar los programas de la red.&nbsp;<\/p>\n\n\n\n<p>Durante la reuni\u00f3n, <strong>los presentes recibieron la visita de la rectora anfitriona, Zully Vera<\/strong>, quien fue acompa\u00f1ada por el <strong>vicerrector de esa instituci\u00f3n, Miguel Wenceslao Torres \u00d1umbay<\/strong>; el <strong>director General de Investigaci\u00f3n Cient\u00edfica y Tecnol\u00f3gica, Javier Barua<\/strong>; y el <strong>director de Relaciones Internacionales, Edgar S\u00e1nchez<\/strong>.&nbsp;<\/p>\n\n\n\n<p><\/p>\n\n\n\n<figure class=\"wp-block-gallery has-nested-images columns-default is-cropped wp-block-gallery-1 is-layout-flex wp-block-gallery-is-layout-flex\">\n<figure class=\"wp-block-image size-large\"><img fetchpriority=\"high\" decoding=\"async\" width=\"1024\" height=\"683\" data-id=\"18984\" src=\"https:\/\/grupomontevideo.org\/site\/wp-content\/uploads\/2023\/10\/WhatsApp-Image-2023-10-18-at-11.56.56-1024x683.jpeg\" alt=\"\" class=\"wp-image-18984\" srcset=\"https:\/\/grupomontevideo.org\/site\/wp-content\/uploads\/2023\/10\/WhatsApp-Image-2023-10-18-at-11.56.56-1024x683.jpeg 1024w, https:\/\/grupomontevideo.org\/site\/wp-content\/uploads\/2023\/10\/WhatsApp-Image-2023-10-18-at-11.56.56-300x200.jpeg 300w, https:\/\/grupomontevideo.org\/site\/wp-content\/uploads\/2023\/10\/WhatsApp-Image-2023-10-18-at-11.56.56-768x512.jpeg 768w, https:\/\/grupomontevideo.org\/site\/wp-content\/uploads\/2023\/10\/WhatsApp-Image-2023-10-18-at-11.56.56-1536x1024.jpeg 1536w, https:\/\/grupomontevideo.org\/site\/wp-content\/uploads\/2023\/10\/WhatsApp-Image-2023-10-18-at-11.56.56.jpeg 1620w\" sizes=\"(max-width: 1024px) 100vw, 1024px\" \/><\/figure>\n\n\n\n<figure class=\"wp-block-image size-large\"><img decoding=\"async\" width=\"1024\" height=\"683\" data-id=\"18985\" src=\"https:\/\/grupomontevideo.org\/site\/wp-content\/uploads\/2023\/10\/WhatsApp-Image-2023-10-18-at-11.56.55-1-1024x683.jpeg\" alt=\"\" class=\"wp-image-18985\" srcset=\"https:\/\/grupomontevideo.org\/site\/wp-content\/uploads\/2023\/10\/WhatsApp-Image-2023-10-18-at-11.56.55-1-1024x683.jpeg 1024w, https:\/\/grupomontevideo.org\/site\/wp-content\/uploads\/2023\/10\/WhatsApp-Image-2023-10-18-at-11.56.55-1-300x200.jpeg 300w, https:\/\/grupomontevideo.org\/site\/wp-content\/uploads\/2023\/10\/WhatsApp-Image-2023-10-18-at-11.56.55-1-768x512.jpeg 768w, https:\/\/grupomontevideo.org\/site\/wp-content\/uploads\/2023\/10\/WhatsApp-Image-2023-10-18-at-11.56.55-1-1536x1024.jpeg 1536w, https:\/\/grupomontevideo.org\/site\/wp-content\/uploads\/2023\/10\/WhatsApp-Image-2023-10-18-at-11.56.55-1.jpeg 1620w\" sizes=\"(max-width: 1024px) 100vw, 1024px\" \/><\/figure>\n<\/figure>\n","protected":false},"excerpt":{"rendered":"<p>Durante las Jornadas de J\u00f3venes Investigadores, que se llev\u00f3 a cabo en el Campus San Lorenzo de la Universidad Nacional de Asunci\u00f3n, gestores y gestoras de la Asociaci\u00f3n de Universidades Grupo Montevideo (AUGM) llevaron a cabo un taller para compartir buenas pr\u00e1cticas y abordar diferentes demandas y necesidades en asuntos vinculados a la gesti\u00f3n y [&hellip;]<\/p>\n","protected":false},"author":7,"featured_media":18982,"comment_status":"closed","ping_status":"closed","sticky":false,"template":"","format":"standard","meta":{"footnotes":""},"categories":[48,1],"tags":[],"class_list":["post-18981","post","type-post","status-publish","format-standard","has-post-thumbnail","hentry","category-archivo-de-noticias","category-noticias"],"wpmagazine_modules_lite_featured_media_urls":{"thumbnail":["https:\/\/grupomontevideo.org\/site\/wp-content\/uploads\/2023\/10\/Imagen-de-WhatsApp-2023-10-18-a-las-11.55.06_9f740d29-150x150.jpg",150,150,true],"cvmm-medium":["https:\/\/grupomontevideo.org\/site\/wp-content\/uploads\/2023\/10\/Imagen-de-WhatsApp-2023-10-18-a-las-11.55.06_9f740d29-300x300.jpg",300,300,true],"cvmm-medium-plus":["https:\/\/grupomontevideo.org\/site\/wp-content\/uploads\/2023\/10\/Imagen-de-WhatsApp-2023-10-18-a-las-11.55.06_9f740d29-305x207.jpg",305,207,true],"cvmm-portrait":["https:\/\/grupomontevideo.org\/site\/wp-content\/uploads\/2023\/10\/Imagen-de-WhatsApp-2023-10-18-a-las-11.55.06_9f740d29-400x600.jpg",400,600,true],"cvmm-medium-square":["https:\/\/grupomontevideo.org\/site\/wp-content\/uploads\/2023\/10\/Imagen-de-WhatsApp-2023-10-18-a-las-11.55.06_9f740d29-600x600.jpg",600,600,true],"cvmm-large":["https:\/\/grupomontevideo.org\/site\/wp-content\/uploads\/2023\/10\/Imagen-de-WhatsApp-2023-10-18-a-las-11.55.06_9f740d29-1024x751.jpg",1024,751,true],"cvmm-small":["https:\/\/grupomontevideo.org\/site\/wp-content\/uploads\/2023\/10\/Imagen-de-WhatsApp-2023-10-18-a-las-11.55.06_9f740d29-130x95.jpg",130,95,true],"full":["https:\/\/grupomontevideo.org\/site\/wp-content\/uploads\/2023\/10\/Imagen-de-WhatsApp-2023-10-18-a-las-11.55.06_9f740d29.jpg",1168,751,false]},"categories_names":{"48":{"name":"Archivo de noticias","link":"https:\/\/grupomontevideo.org\/site\/category\/archivo-de-noticias\/"},"1":{"name":"Noticias universitarias","link":"https:\/\/grupomontevideo.org\/site\/category\/noticias\/"}},"tags_names":[],"comments_number":"0","_links":{"self":[{"href":"https:\/\/grupomontevideo.org\/site\/wp-json\/wp\/v2\/posts\/18981","targetHints":{"allow":["GET"]}}],"collection":[{"href":"https:\/\/grupomontevideo.org\/site\/wp-json\/wp\/v2\/posts"}],"about":[{"href":"https:\/\/grupomontevideo.org\/site\/wp-json\/wp\/v2\/types\/post"}],"author":[{"embeddable":true,"href":"https:\/\/grupomontevideo.org\/site\/wp-json\/wp\/v2\/users\/7"}],"replies":[{"embeddable":true,"href":"https:\/\/grupomontevideo.org\/site\/wp-json\/wp\/v2\/comments?post=18981"}],"version-history":[{"count":3,"href":"https:\/\/grupomontevideo.org\/site\/wp-json\/wp\/v2\/posts\/18981\/revisions"}],"predecessor-version":[{"id":19005,"href":"https:\/\/grupomontevideo.org\/site\/wp-json\/wp\/v2\/posts\/18981\/revisions\/19005"}],"wp:featuredmedia":[{"embeddable":true,"href":"https:\/\/grupomontevideo.org\/site\/wp-json\/wp\/v2\/media\/18982"}],"wp:attachment":[{"href":"https:\/\/grupomontevideo.org\/site\/wp-json\/wp\/v2\/media?parent=18981"}],"wp:term":[{"taxonomy":"category","embeddable":true,"href":"https:\/\/grupomontevideo.org\/site\/wp-json\/wp\/v2\/categories?post=18981"},{"taxonomy":"post_tag","embeddable":true,"href":"https:\/\/grupomontevideo.org\/site\/wp-json\/wp\/v2\/tags?post=18981"}],"curies":[{"name":"wp","href":"https:\/\/api.w.org\/{rel}","templated":true}]}}