{"id":18809,"date":"2023-10-02T11:36:55","date_gmt":"2023-10-02T14:36:55","guid":{"rendered":"http:\/\/grupomontevideo.org\/site\/?p=18809"},"modified":"2023-10-20T11:57:13","modified_gmt":"2023-10-20T14:57:13","slug":"1o-congreso-de-educacion-y-pedagogia-de-la-universidad-de-chile","status":"publish","type":"post","link":"https:\/\/grupomontevideo.org\/site\/1o-congreso-de-educacion-y-pedagogia-de-la-universidad-de-chile\/","title":{"rendered":"\u00a01\u00ba Congreso de Educaci\u00f3n y Pedagog\u00eda de la Universidad de Chile"},"content":{"rendered":"\n<p>El&nbsp;<strong>1\u00ba Congreso de Educaci\u00f3n y Pedagog\u00eda de la Universidad de Chile \u201c<em>Reimaginando la Educaci\u00f3n y la Escuela: Futuros Posibles<\/em>\u201d<\/strong>, que organiza el Departamento de Estudios Pedag\u00f3gicos de la Facultad de Filosof\u00eda y Humanidades, &nbsp;tiene como&nbsp;prop\u00f3sito reunir a acad\u00e9micos\/as, investigadores\/as, estudiantes de pre y posgrado en las \u00e1reas de la educaci\u00f3n y la pedagog\u00eda, as\u00ed como tambi\u00e9n a actores del sistema educativo y educadores en contextos no formales, para intercambiar conocimientos derivados de reflexi\u00f3n, el an\u00e1lisis y la investigaci\u00f3n sobre diversos \u00e1mbitos pedag\u00f3gicos y educativos, con miras hacia el futuro y los nuevos desaf\u00edos que se presentan ante la cambiante naturaleza de las sociedades actuales.<\/p>\n\n\n\n<p>El congreso se llevar\u00e1 a cabo en la Casa Central de la Universidad de Chile, en la ciudad de Santiago, los d\u00edas 11 y 12 de enero de 2024<\/p>\n\n\n\n<p>\u00ab<em>Vivimos una \u00e9poca caracterizada por el avance de pol\u00edticas educativas globales y locales que estandarizan la educaci\u00f3n presionando por resultados medibles para la competencia en la econom\u00eda global. Estas pol\u00edticas tensionan los prop\u00f3sitos socializadores, subjetivadores y democr\u00e1ticos de la educaci\u00f3n y la pedagog\u00eda cr\u00edtica<\/em>\u00ab, explica la convocatoria.  <\/p>\n\n\n\n<p>En este sentido agrega que tensiones se ven aumentadas en un momento hist\u00f3rico de pospandemia y crisis ecol\u00f3gica global, donde las preguntas sobre los prop\u00f3sitos de la educaci\u00f3n se masifican en la b\u00fasqueda de darle un sentido. \u00ab<strong><em>De all\u00ed que aparezca la idea de re-imaginar la escuela y la educaci\u00f3n, para darle sentido a este presente y para pensar el futuro<\/em><\/strong>\u00ab. <\/p>\n\n\n\n<p>El evento cuenta con el auspicio de la Asociaci\u00f3n de Universidades Grupo Montevideo. <\/p>\n\n\n\n<div class=\"wp-block-buttons is-layout-flex wp-block-buttons-is-layout-flex\">\n<div class=\"wp-block-button has-custom-width wp-block-button__width-100\"><a class=\"wp-block-button__link wp-element-button\" href=\"https:\/\/uchile.cl\/congreso-educacion-pedagogia\" style=\"border-radius:0px\">Sitio del Congreso<\/a><\/div>\n\n\n\n<div class=\"wp-block-button has-custom-width wp-block-button__width-100\"><a class=\"wp-block-button__link wp-element-button\" href=\"https:\/\/uchile.cl\/congreso-educacion-pedagogia\/envios-e-inscripciones\/formulario-de-inscripcion\" style=\"border-radius:0px\">Inscripci\u00f3n<\/a><\/div>\n<\/div>\n\n\n\n<p><\/p>\n\n\n\n<p>\u00c1reas tem\u00e1ticas del 1\u00b0 Congreso de Educaci\u00f3n y Pedagog\u00eda de la Universidad de Chile:<br>\u201cReimaginando la Educaci\u00f3n y la Escuela: Futuros Posibles\u201d<\/p>\n\n\n\n<ol class=\"wp-block-list\">\n<li>Teor\u00eda pensamiento educativo<br>a. Construcciones conceptuales del campo educativo<br>b. Aproximaciones epistemol\u00f3gicas para comprender la educaci\u00f3n, la escuela y la<br>pedagog\u00eda<\/li>\n\n\n\n<li>Estudios curriculares<br>a. Curr\u00edculum, est\u00e1ndares y diversidad<br>b. Curr\u00edculum y aprendizaje<\/li>\n\n\n\n<li>Pedagog\u00eda y pr\u00e1cticas de aula<br>a. Ense\u00f1anza y did\u00e1ctica<br>b. Evaluaci\u00f3n<\/li>\n\n\n\n<li>Formaci\u00f3n docente inicial y continua<br>a. Pol\u00edticas de formaci\u00f3n inicial docente y continua<br>b. Experiencias formativas en programas de pedagog\u00edas<br>c. Pr\u00e1cticas profesionales, mentor\u00edas y desarrollo profesional docente<\/li>\n\n\n\n<li>Pol\u00edtica p\u00fablica educativa<br>a. Historia de la educaci\u00f3n: pol\u00edtica p\u00fablica, instituci\u00f3n escolar y actores<br>b. Tensiones y desaf\u00edos de la pol\u00edtica p\u00fablica en la educaci\u00f3n<\/li>\n\n\n\n<li>Actores de la educaci\u00f3n en diversos contextos socioeducativos<br>a. Infancia<br>b. Juventud<br>c. Trabajadores, profesionales y educadores<\/li>\n\n\n\n<li>Democracia y educaci\u00f3n<br>a. Ciudadan\u00eda y escuela<br>b. Diversidad cultural e inclusi\u00f3n educativa<br>c. G\u00e9nero y educaci\u00f3n<br>d. Educaci\u00f3n ambiental<\/li>\n\n\n\n<li>Tecnolog\u00edas digitales e inteligencia artificial en educaci\u00f3n<br>a. Literacidad y ciudadan\u00eda digital en educaci\u00f3n<br>b. Desaf\u00edos de la inteligencia artificial para la pedagog\u00eda<br>c. Tecnolog\u00edas digitales en la inclusi\u00f3n educativ<\/li>\n<\/ol>\n\n\n\n<figure class=\"wp-block-image size-full\"><img fetchpriority=\"high\" decoding=\"async\" width=\"926\" height=\"256\" src=\"https:\/\/grupomontevideo.org\/site\/wp-content\/uploads\/2023\/10\/banner.jpg\" alt=\"\" class=\"wp-image-18810\" srcset=\"https:\/\/grupomontevideo.org\/site\/wp-content\/uploads\/2023\/10\/banner.jpg 926w, https:\/\/grupomontevideo.org\/site\/wp-content\/uploads\/2023\/10\/banner-300x83.jpg 300w, https:\/\/grupomontevideo.org\/site\/wp-content\/uploads\/2023\/10\/banner-768x212.jpg 768w\" sizes=\"(max-width: 926px) 100vw, 926px\" \/><\/figure>\n","protected":false},"excerpt":{"rendered":"<p>Inscribite en la publicaci\u00f3n.  Ser\u00e1 el 11 y 12 de enero del 2024. <\/p>\n","protected":false},"author":7,"featured_media":18811,"comment_status":"closed","ping_status":"closed","sticky":false,"template":"","format":"standard","meta":{"footnotes":""},"categories":[48,1],"tags":[],"class_list":["post-18809","post","type-post","status-publish","format-standard","has-post-thumbnail","hentry","category-archivo-de-noticias","category-noticias"],"wpmagazine_modules_lite_featured_media_urls":{"thumbnail":["https:\/\/grupomontevideo.org\/site\/wp-content\/uploads\/2023\/10\/Inauguracio-n-Edificio-Facultad-de-Filosofi-a-54-150x150.jpeg",150,150,true],"cvmm-medium":["https:\/\/grupomontevideo.org\/site\/wp-content\/uploads\/2023\/10\/Inauguracio-n-Edificio-Facultad-de-Filosofi-a-54-300x300.jpeg",300,300,true],"cvmm-medium-plus":["https:\/\/grupomontevideo.org\/site\/wp-content\/uploads\/2023\/10\/Inauguracio-n-Edificio-Facultad-de-Filosofi-a-54-305x207.jpeg",305,207,true],"cvmm-portrait":["https:\/\/grupomontevideo.org\/site\/wp-content\/uploads\/2023\/10\/Inauguracio-n-Edificio-Facultad-de-Filosofi-a-54-400x600.jpeg",400,600,true],"cvmm-medium-square":["https:\/\/grupomontevideo.org\/site\/wp-content\/uploads\/2023\/10\/Inauguracio-n-Edificio-Facultad-de-Filosofi-a-54-600x600.jpeg",600,600,true],"cvmm-large":["https:\/\/grupomontevideo.org\/site\/wp-content\/uploads\/2023\/10\/Inauguracio-n-Edificio-Facultad-de-Filosofi-a-54-1024x1024.jpeg",1024,1024,true],"cvmm-small":["https:\/\/grupomontevideo.org\/site\/wp-content\/uploads\/2023\/10\/Inauguracio-n-Edificio-Facultad-de-Filosofi-a-54-130x95.jpeg",130,95,true],"full":["https:\/\/grupomontevideo.org\/site\/wp-content\/uploads\/2023\/10\/Inauguracio-n-Edificio-Facultad-de-Filosofi-a-54-scaled.jpeg",2560,1920,false]},"categories_names":{"48":{"name":"Archivo de noticias","link":"https:\/\/grupomontevideo.org\/site\/category\/archivo-de-noticias\/"},"1":{"name":"Noticias universitarias","link":"https:\/\/grupomontevideo.org\/site\/category\/noticias\/"}},"tags_names":[],"comments_number":"0","_links":{"self":[{"href":"https:\/\/grupomontevideo.org\/site\/wp-json\/wp\/v2\/posts\/18809","targetHints":{"allow":["GET"]}}],"collection":[{"href":"https:\/\/grupomontevideo.org\/site\/wp-json\/wp\/v2\/posts"}],"about":[{"href":"https:\/\/grupomontevideo.org\/site\/wp-json\/wp\/v2\/types\/post"}],"author":[{"embeddable":true,"href":"https:\/\/grupomontevideo.org\/site\/wp-json\/wp\/v2\/users\/7"}],"replies":[{"embeddable":true,"href":"https:\/\/grupomontevideo.org\/site\/wp-json\/wp\/v2\/comments?post=18809"}],"version-history":[{"count":2,"href":"https:\/\/grupomontevideo.org\/site\/wp-json\/wp\/v2\/posts\/18809\/revisions"}],"predecessor-version":[{"id":18813,"href":"https:\/\/grupomontevideo.org\/site\/wp-json\/wp\/v2\/posts\/18809\/revisions\/18813"}],"wp:featuredmedia":[{"embeddable":true,"href":"https:\/\/grupomontevideo.org\/site\/wp-json\/wp\/v2\/media\/18811"}],"wp:attachment":[{"href":"https:\/\/grupomontevideo.org\/site\/wp-json\/wp\/v2\/media?parent=18809"}],"wp:term":[{"taxonomy":"category","embeddable":true,"href":"https:\/\/grupomontevideo.org\/site\/wp-json\/wp\/v2\/categories?post=18809"},{"taxonomy":"post_tag","embeddable":true,"href":"https:\/\/grupomontevideo.org\/site\/wp-json\/wp\/v2\/tags?post=18809"}],"curies":[{"name":"wp","href":"https:\/\/api.w.org\/{rel}","templated":true}]}}