{"id":18760,"date":"2023-09-25T11:08:00","date_gmt":"2023-09-25T14:08:00","guid":{"rendered":"http:\/\/grupomontevideo.org\/site\/?p=18760"},"modified":"2023-10-11T13:52:22","modified_gmt":"2023-10-11T16:52:22","slug":"xviii-seminario-procoas-un-ecosistema-regional-para-una-educacion-superior-con-compromiso-social-y-popular","status":"publish","type":"post","link":"https:\/\/grupomontevideo.org\/site\/xviii-seminario-procoas-un-ecosistema-regional-para-una-educacion-superior-con-compromiso-social-y-popular\/","title":{"rendered":"XVIII Seminario Procoas: un ecosistema regional para una educaci\u00f3n superior con compromiso social y popular"},"content":{"rendered":"\n<p>El Comit\u00e9 Acad\u00e9mico Procesos Cooperativos y Asociativos de la Asociaci\u00f3n de Universidades Grupo Montevideo (AUGM), llev\u00f3 a cabo su <a href=\"https:\/\/grupomontevideo.org\/site\/xviii-seminario-internacional-procesos-cooperativos-y-asociativos\/\" data-type=\"link\" data-id=\"https:\/\/grupomontevideo.org\/site\/xviii-seminario-internacional-procesos-cooperativos-y-asociativos\/\">seminario internacional n\u00famero 18<\/a>, esta vez en la Facultad de Ciencias Econ\u00f3mivas de la Universidad Nacional del Litoral y con el t\u00edtulo&nbsp; \u201c<strong><em>Repensando los procesos cooperativos, mutualistas e iniciativas econ\u00f3micas asociativas a 40 a\u00f1os de la recuperaci\u00f3n democr\u00e1tica en Argentina y la regi\u00f3n<\/em><\/strong>\u201d.<\/p>\n\n\n\n<p>Se trat\u00f3 de una instancia que reuni\u00f3 a m\u00e1s de<strong> 300 personas acreditadas&nbsp; y&nbsp; 147 trabajos presentados<\/strong>. Un verdadero \u201c<em>ecosistema regional<\/em>\u201d que \u201c<em>potencia un com\u00fan denominador en la direcci\u00f3n de la defensa de la educaci\u00f3n superior como bien p\u00fablico y su compromiso social y popular<\/em>\u201d.&nbsp;<\/p>\n\n\n\n<p>\u201c<em>La relevancia para Procoas de este seminario es desde dos dimensiones fundamentales. La primera al interior del Comit\u00e9, porque permite reforzar la reuni\u00f3n anual, que ya es s\u00f3lida y&nbsp; registra un crecimiento sostenido. Y la segunda dimensi\u00f3n son las buenas pr\u00e1cticas de este Comit\u00e9 que marca agenda, dando testimonio de la articulaci\u00f3n con el comit\u00e9 de G\u00e9nero y de Extensi\u00f3n\u201d, <\/em>enfatiz\u00f3<strong> Rut Azerrad, docente &#8211; investigadora de econom\u00eda social y solidaria y representante de la UNL en Procoas<\/strong>.<\/p>\n\n\n\n<p>En esa l\u00ednea aport\u00f3<strong> Diego Barrios, coordinador de Procoas y representante de la Universidad de la Rep\u00fablica de Uruguay en ese agrupamiento<\/strong>. \u201c<em>Este Seminario en particular, se inscribe dentro de un proceso de larga data del Comit\u00e9 Acad\u00e9mico, lo que ha permitido profundizar la producci\u00f3n de conocimiento sobre el campo tem\u00e1tico del cooperativismo y la econom\u00eda social solidaria. Los ejes considerados en este XVIII Seminario, permitieron un di\u00e1logo entre diversas perspectivas y enfoques de an\u00e1lisis, como la educaci\u00f3n y los procesos educativos, las experiencias urbanas y rurales en clave de territorios, las experiencias de salud mental y contextos de encierro, las pol\u00edticas p\u00fablicas, y los nuevos enfoques de las econom\u00edas transformadoras\u201d.&nbsp;<\/em><\/p>\n\n\n\n<p>Respecto a la tem\u00e1tica abordada, Azerrad dijo que \u201c<em><strong>democracia y cooperaci\u00f3n son sustantivos complementarios<\/strong><\/em>\u201d. En este sentido se refiri\u00f3 a la situaci\u00f3n de Argentina, donde percibe una incapacidad para dar respuesta al 40% de la poblaci\u00f3n que tiene trabajo informal o precarizado. \u201c<em>Se reclama al sector cooperativo respuestas que le exceden ampliamente a su alcance, y en ocasiones manipuladas por pol\u00edticas p\u00fablicas oportunistas y sectoriales, que mueven las aguas lo suficiente para hacer ruido pero que en lo profundo las debilidades no se modifican<\/em>\u201d, dijo.&nbsp;<\/p>\n\n\n\n<p>En este contexto, Barrios complement\u00f3 que,\u201c<em> sujeto a cuestionamientos a la propia base democr\u00e1tica, <strong>los procesos cooperativos y asociativos constituyen fronteras antidemocr\u00e1ticas<\/strong>, y la posibilidad de producir a partir de sus propias pr\u00e1cticas sociedades m\u00e1s justas e igualitarias<\/em>\u201d.&nbsp;<\/p>\n\n\n\n<p><strong>Organizaci\u00f3n y sede<\/strong><\/p>\n\n\n\n<p>Este seminario tambi\u00e9n tuvo una fuerte importancia para la FCE UNL, ya que se trat\u00f3 de un evento que tendi\u00f3 a ser sostenible desde la Facultad. En este sentido, Azerrad destac\u00f3 la utilizaci\u00f3n de informaci\u00f3n digital y las tecnolog\u00edas de la informaci\u00f3n y comunicaci\u00f3n en la gesti\u00f3n del seminario, y la utilizaci\u00f3n de materiales reciclables. \u201c<em>Los proveedores de alimentos son de Emprendimientos Emilianas y productos de La Verdecita. Los residuos se separaron y la fiesta de cierre es con una organizaci\u00f3n de eventos GESTA &#8211; Organizaci\u00f3n Bio Cultural &#8211; autogestionada. Lo que implica en general un aporte financiero eficiente y con respeto a la aplicaci\u00f3n de fondos p\u00fablicos transparente y respeto al concepto de bienes comunes<\/em>\u201d, dijo la representante.&nbsp;<\/p>\n\n\n\n<p>Pero este seminario tambi\u00e9n es corolario de m\u00e1s de 15 a\u00f1os de participaci\u00f3n de la UNL en distintas universidades de AUGM, donde los programas de movilidad ESCALA tiene un rol fundamental, tal como exlic\u00f3 Azerrad: \u201c<em>Desde el a\u00f1o 2008 se generaron ininterrumpidamente al menos un profesor investigador miembro del Procoas que sistem\u00e1ticamente particip\u00f3 en el programa ESCALA visitando nuestra facultad en el marco de proyectos de investigaci\u00f3n, extensi\u00f3n y en actividades docentes. Fueron m\u00e1s de 15 docentes que en clave a internacionalizaci\u00f3n de los procesos \u00abvivieron\u00bb en nuestra ciudad compartiendo saberes y experiencias. Permitiendo desde estos v\u00ednculos compartir las buenas pr\u00e1cticas y aprender de los errores compartidos para avanzar en sus desarrollos de incubadoras y sus aportes metodol\u00f3gicos, sociabilizando sus saberes y experiencias comparadas\u201d.<\/em><\/p>\n\n\n\n<figure class=\"wp-block-embed is-type-video is-provider-youtube wp-block-embed-youtube wp-embed-aspect-16-9 wp-has-aspect-ratio\"><div class=\"wp-block-embed__wrapper\">\n<iframe title=\"Las cooperativas y la crisis: \u00bfQu\u00e9 herramientas las ayudan a consolidarse?\" width=\"640\" height=\"360\" src=\"https:\/\/www.youtube.com\/embed\/mK1tbWw6GcM?feature=oembed\" frameborder=\"0\" allow=\"accelerometer; autoplay; clipboard-write; encrypted-media; gyroscope; picture-in-picture; web-share\" referrerpolicy=\"strict-origin-when-cross-origin\" allowfullscreen><\/iframe>\n<\/div><\/figure>\n","protected":false},"excerpt":{"rendered":"<p>M\u00e1s de 300 personas acreditadas\u00a0 y\u00a0 147 trabajos presentados<\/p>\n","protected":false},"author":7,"featured_media":18723,"comment_status":"closed","ping_status":"closed","sticky":false,"template":"","format":"standard","meta":{"footnotes":""},"categories":[48,1],"tags":[],"class_list":["post-18760","post","type-post","status-publish","format-standard","has-post-thumbnail","hentry","category-archivo-de-noticias","category-noticias"],"wpmagazine_modules_lite_featured_media_urls":{"thumbnail":["https:\/\/grupomontevideo.org\/site\/wp-content\/uploads\/2023\/04\/WhatsApp-Image-2023-09-08-at-11.06.44-150x150.jpeg",150,150,true],"cvmm-medium":["https:\/\/grupomontevideo.org\/site\/wp-content\/uploads\/2023\/04\/WhatsApp-Image-2023-09-08-at-11.06.44-300x300.jpeg",300,300,true],"cvmm-medium-plus":["https:\/\/grupomontevideo.org\/site\/wp-content\/uploads\/2023\/04\/WhatsApp-Image-2023-09-08-at-11.06.44-305x207.jpeg",305,207,true],"cvmm-portrait":["https:\/\/grupomontevideo.org\/site\/wp-content\/uploads\/2023\/04\/WhatsApp-Image-2023-09-08-at-11.06.44-400x600.jpeg",400,600,true],"cvmm-medium-square":["https:\/\/grupomontevideo.org\/site\/wp-content\/uploads\/2023\/04\/WhatsApp-Image-2023-09-08-at-11.06.44-600x600.jpeg",600,600,true],"cvmm-large":["https:\/\/grupomontevideo.org\/site\/wp-content\/uploads\/2023\/04\/WhatsApp-Image-2023-09-08-at-11.06.44-1024x1024.jpeg",1024,1024,true],"cvmm-small":["https:\/\/grupomontevideo.org\/site\/wp-content\/uploads\/2023\/04\/WhatsApp-Image-2023-09-08-at-11.06.44-130x95.jpeg",130,95,true],"full":["https:\/\/grupomontevideo.org\/site\/wp-content\/uploads\/2023\/04\/WhatsApp-Image-2023-09-08-at-11.06.44.jpeg",1600,1200,false]},"categories_names":{"48":{"name":"Archivo de noticias","link":"https:\/\/grupomontevideo.org\/site\/category\/archivo-de-noticias\/"},"1":{"name":"Noticias universitarias","link":"https:\/\/grupomontevideo.org\/site\/category\/noticias\/"}},"tags_names":[],"comments_number":"0","_links":{"self":[{"href":"https:\/\/grupomontevideo.org\/site\/wp-json\/wp\/v2\/posts\/18760","targetHints":{"allow":["GET"]}}],"collection":[{"href":"https:\/\/grupomontevideo.org\/site\/wp-json\/wp\/v2\/posts"}],"about":[{"href":"https:\/\/grupomontevideo.org\/site\/wp-json\/wp\/v2\/types\/post"}],"author":[{"embeddable":true,"href":"https:\/\/grupomontevideo.org\/site\/wp-json\/wp\/v2\/users\/7"}],"replies":[{"embeddable":true,"href":"https:\/\/grupomontevideo.org\/site\/wp-json\/wp\/v2\/comments?post=18760"}],"version-history":[{"count":4,"href":"https:\/\/grupomontevideo.org\/site\/wp-json\/wp\/v2\/posts\/18760\/revisions"}],"predecessor-version":[{"id":18889,"href":"https:\/\/grupomontevideo.org\/site\/wp-json\/wp\/v2\/posts\/18760\/revisions\/18889"}],"wp:featuredmedia":[{"embeddable":true,"href":"https:\/\/grupomontevideo.org\/site\/wp-json\/wp\/v2\/media\/18723"}],"wp:attachment":[{"href":"https:\/\/grupomontevideo.org\/site\/wp-json\/wp\/v2\/media?parent=18760"}],"wp:term":[{"taxonomy":"category","embeddable":true,"href":"https:\/\/grupomontevideo.org\/site\/wp-json\/wp\/v2\/categories?post=18760"},{"taxonomy":"post_tag","embeddable":true,"href":"https:\/\/grupomontevideo.org\/site\/wp-json\/wp\/v2\/tags?post=18760"}],"curies":[{"name":"wp","href":"https:\/\/api.w.org\/{rel}","templated":true}]}}