{"id":18609,"date":"2023-08-21T11:23:01","date_gmt":"2023-08-21T14:23:01","guid":{"rendered":"http:\/\/grupomontevideo.org\/site\/?p=18609"},"modified":"2023-08-29T10:15:39","modified_gmt":"2023-08-29T13:15:39","slug":"provincia-de-entre-rios-establecio-por-ley-el-28-de-julio-como-dia-del-derecho-humano-al-agua-y-el-saneamiento","status":"publish","type":"post","link":"https:\/\/grupomontevideo.org\/site\/provincia-de-entre-rios-establecio-por-ley-el-28-de-julio-como-dia-del-derecho-humano-al-agua-y-el-saneamiento\/","title":{"rendered":"Provincia de Entre R\u00edos el 28 de julio como D\u00eda del Derecho Humano al Agua y el Saneamiento"},"content":{"rendered":"\n<p>L<strong>a Provincia de Entre R\u00edos estableci\u00f3 por ley que el 28 de julio ser\u00e1 el D\u00eda de la Vida: D\u00eda del Derecho Humano al Agua y al Saneamiento<\/strong>. Se trata de una conquista desde la Direcci\u00f3n de la C\u00e1tedra del Agua y del Centro Interdisciplinario del Agua (CeIA) de la Universidad Nacional de Rosario (UNR), junto a otros actores, que se suma a lo ya hecho en las ciudades de Rosario, Gualeguaych\u00fa y San Lorenzo (Argentina).&nbsp;<\/p>\n\n\n\n<p>\u201c<em>Tiene m\u00faltiples prop\u00f3sitos haber establecido el d\u00eda mencionado en estas ciudades de Latinoam\u00e9rica y en la Provincia de Entre R\u00edos, tanto en lo sustantivo como en lo formal. Uno de los prop\u00f3sitos es el de bregar para que millones de latinoamericanos tengan agua potable segura y que millones de personas puedan acceder a un saneamiento seguro e integral. Y, en el mundo debemos recordar y trabajar para que accedan al vital elemento 2.100 millones de personas como as\u00ed tambi\u00e9n puedan tener saneamiento seguro 4.200 millones de seres humanos<\/em>\u201d, explic\u00f3 <strong>An\u00edbal Faccendini<\/strong>, representante de la UNR en el Comit\u00e9 Acad\u00e9mico Aguas de la Asociaci\u00f3n de Uniersidades Grupo Montevideo (AUGM) y director de la C\u00e1tedra Aguas de esa universidad.&nbsp;<\/p>\n\n\n<div class=\"wp-block-image\">\n<figure class=\"alignleft size-full\"><img fetchpriority=\"high\" decoding=\"async\" width=\"384\" height=\"220\" src=\"https:\/\/grupomontevideo.org\/site\/wp-content\/uploads\/2023\/08\/05-El-agua-bendita-ph-Manuel-Costa-BE9A1281-384x220-1.jpg\" alt=\"\" class=\"wp-image-18610\" srcset=\"https:\/\/grupomontevideo.org\/site\/wp-content\/uploads\/2023\/08\/05-El-agua-bendita-ph-Manuel-Costa-BE9A1281-384x220-1.jpg 384w, https:\/\/grupomontevideo.org\/site\/wp-content\/uploads\/2023\/08\/05-El-agua-bendita-ph-Manuel-Costa-BE9A1281-384x220-1-300x172.jpg 300w\" sizes=\"(max-width: 384px) 100vw, 384px\" \/><\/figure>\n<\/div>\n\n\n<p>\u201c<em>Cuando gestionamos para establecer dicha fecha junto a varias personas, busc\u00e1bamos y buscamos hacer un peque\u00f1o aporte para una nueva cultura ambiental inclusiva. Es decir, generar nuevas situaciones y visiones culturales sobre el ambiente que impliquen compromiso, esfuerzo y perseverancia para el bienestar de los seres vivos y de la Tierra en la que habitan. En tal sentido, el compromiso de la ciencia y la lucha de los pueblos han logrado avances en la concientizaci\u00f3n y democratizaci\u00f3n del agua y el saneamiento. Ninguna norma jur\u00eddica se ha producido, sino hubo hechos generados por una sociedad con intenci\u00f3n de armonizar con la naturaleza<\/em>\u201d, agreg\u00f3.&nbsp;<\/p>\n\n\n\n<p>Las localidades pioneras y la provincia de Entre R\u00edos en establecer el 28 de julio como D\u00eda del Derecho Humano al Agua y al Saneamiento, fueron influenciadas por un conjunto de antecedentes cient\u00edficos, normativos, jurisprudenciales, pol\u00edticos y sociol\u00f3gicos, continu\u00f3 Faccendini. En este sentido cit\u00f3 el Derecho al Agua establecido en la Conferencia del Agua de la ONU en Mar del Plata, en 1977; el Protocolo Adicional a la Convenci\u00f3n Americana sobre Derechos Humanos, de 1988; la Convenci\u00f3n sobre los Derechos del Ni\u00f1o, de 1989; la Observaci\u00f3n General N\u00ba 15 del Comit\u00e9 de los Derechos Econ\u00f3micos Sociales y Culturales de la ONU, de 2002; el art\u00edculo 47 de la Constituci\u00f3n de Uruguay, en 2004; la Constituci\u00f3n de Ecuador de 2008; la Constituci\u00f3n de Bolivia de 2009; el Manifiesto Rosario por el Agua, firmado en el 2010 por el Dr. Leonardo Boff y el que suscribe; el Pacto P\u00fablico del Agua cap\u00edtulo Latinoamericano de 2011, firmado por el Dr. Riccardo Petrella y el abajo firmante; la Constituci\u00f3n de Argentina en el art\u00edculo 41, al establecer el derecho humano a un ambiente sano, as\u00ed como el art\u00edculo 75 inciso 22.<\/p>\n\n\n\n<p>\u201c<em>Se necesitan derechos equitativos, consumos responsables y solidarios junto al compromiso de los Estados, para que las personas puedan acceder al elemento esencial y para evitar los conflictos del agua. Entre 1953 y 2003 hubo 1.831 conflictos producidos por la guerra del agua, que pudieron haberse evitado. Es una obligaci\u00f3n y un bienestar prevenir las guerras del vital elemento. Porque no hay vida buena, no hay paz si el acceso al agua no se transforma en un derecho humano fundamental\u201d, <\/em>finaliz\u00f3.&nbsp;<\/p>\n","protected":false},"excerpt":{"rendered":"<p>Anibal Faccendini de CA Aguas de AUGM explic\u00f3 la conquista.<\/p>\n","protected":false},"author":7,"featured_media":18612,"comment_status":"closed","ping_status":"closed","sticky":false,"template":"","format":"standard","meta":{"footnotes":""},"categories":[48,1],"tags":[],"class_list":["post-18609","post","type-post","status-publish","format-standard","has-post-thumbnail","hentry","category-archivo-de-noticias","category-noticias"],"wpmagazine_modules_lite_featured_media_urls":{"thumbnail":["https:\/\/grupomontevideo.org\/site\/wp-content\/uploads\/2023\/08\/IMG-20200325-WA0063-e1596740668624-150x150.webp",150,150,true],"cvmm-medium":["https:\/\/grupomontevideo.org\/site\/wp-content\/uploads\/2023\/08\/IMG-20200325-WA0063-e1596740668624-300x300.webp",300,300,true],"cvmm-medium-plus":["https:\/\/grupomontevideo.org\/site\/wp-content\/uploads\/2023\/08\/IMG-20200325-WA0063-e1596740668624-305x207.webp",305,207,true],"cvmm-portrait":["https:\/\/grupomontevideo.org\/site\/wp-content\/uploads\/2023\/08\/IMG-20200325-WA0063-e1596740668624-400x404.webp",400,404,true],"cvmm-medium-square":["https:\/\/grupomontevideo.org\/site\/wp-content\/uploads\/2023\/08\/IMG-20200325-WA0063-e1596740668624-600x404.webp",600,404,true],"cvmm-large":["https:\/\/grupomontevideo.org\/site\/wp-content\/uploads\/2023\/08\/IMG-20200325-WA0063-e1596740668624.webp",720,404,false],"cvmm-small":["https:\/\/grupomontevideo.org\/site\/wp-content\/uploads\/2023\/08\/IMG-20200325-WA0063-e1596740668624-130x95.webp",130,95,true],"full":["https:\/\/grupomontevideo.org\/site\/wp-content\/uploads\/2023\/08\/IMG-20200325-WA0063-e1596740668624.webp",720,404,false]},"categories_names":{"48":{"name":"Archivo de noticias","link":"https:\/\/grupomontevideo.org\/site\/category\/archivo-de-noticias\/"},"1":{"name":"Noticias universitarias","link":"https:\/\/grupomontevideo.org\/site\/category\/noticias\/"}},"tags_names":[],"comments_number":"0","_links":{"self":[{"href":"https:\/\/grupomontevideo.org\/site\/wp-json\/wp\/v2\/posts\/18609","targetHints":{"allow":["GET"]}}],"collection":[{"href":"https:\/\/grupomontevideo.org\/site\/wp-json\/wp\/v2\/posts"}],"about":[{"href":"https:\/\/grupomontevideo.org\/site\/wp-json\/wp\/v2\/types\/post"}],"author":[{"embeddable":true,"href":"https:\/\/grupomontevideo.org\/site\/wp-json\/wp\/v2\/users\/7"}],"replies":[{"embeddable":true,"href":"https:\/\/grupomontevideo.org\/site\/wp-json\/wp\/v2\/comments?post=18609"}],"version-history":[{"count":4,"href":"https:\/\/grupomontevideo.org\/site\/wp-json\/wp\/v2\/posts\/18609\/revisions"}],"predecessor-version":[{"id":18615,"href":"https:\/\/grupomontevideo.org\/site\/wp-json\/wp\/v2\/posts\/18609\/revisions\/18615"}],"wp:featuredmedia":[{"embeddable":true,"href":"https:\/\/grupomontevideo.org\/site\/wp-json\/wp\/v2\/media\/18612"}],"wp:attachment":[{"href":"https:\/\/grupomontevideo.org\/site\/wp-json\/wp\/v2\/media?parent=18609"}],"wp:term":[{"taxonomy":"category","embeddable":true,"href":"https:\/\/grupomontevideo.org\/site\/wp-json\/wp\/v2\/categories?post=18609"},{"taxonomy":"post_tag","embeddable":true,"href":"https:\/\/grupomontevideo.org\/site\/wp-json\/wp\/v2\/tags?post=18609"}],"curies":[{"name":"wp","href":"https:\/\/api.w.org\/{rel}","templated":true}]}}