{"id":18603,"date":"2023-08-21T11:04:07","date_gmt":"2023-08-21T14:04:07","guid":{"rendered":"http:\/\/grupomontevideo.org\/site\/?p=18603"},"modified":"2023-09-11T11:41:34","modified_gmt":"2023-09-11T14:41:34","slug":"foro-memoria-y-derechos-humanos-de-clacso","status":"publish","type":"post","link":"https:\/\/grupomontevideo.org\/site\/foro-memoria-y-derechos-humanos-de-clacso\/","title":{"rendered":"Foro Memoria y Derechos Humanos de CLACSO"},"content":{"rendered":"\n<p>El <strong>Foro Memoria y Derechos Humanos <\/strong>es parte de la Plataforma para el Di\u00e1logo Social Democracia, Derechos Humanos y Paz, que impulsa el Consejo Latinoamericano de Ciencias Sociales (CLACSO) para los pr\u00f3ximos a\u00f1os. Se llevar\u00e1 adelante del <strong>4 al 9 de septiembre <\/strong>y cuenta con el<strong> apoyo de la Asociaci\u00f3n de Universidades Grupo Montevideo<\/strong>.<\/p>\n\n\n\n<p><strong>El objetivo de esta propuesta es lograr la producci\u00f3n de conocimiento basado en evidencia, cr\u00edtico, situado y con alta incidencia en la definici\u00f3n de pol\u00edticas,<\/strong> la formaci\u00f3n de opini\u00f3n p\u00fablica y la transformaci\u00f3n positiva de las condiciones de vida de las poblaciones m\u00e1s vulnerables.<\/p>\n\n\n\n<p>El Foro Memoria y Derechos Humanos <strong>busca poner en di\u00e1logo a integrantes de la academia latinoamericana y caribe\u00f1a, de movimientos, organizaciones y colectivos sociales y a decisoras\/es de pol\u00edticas p\u00fablicas<\/strong> en torno a la reflexi\u00f3n y comprensi\u00f3n de las propuestas, capacidades, potencias y agendas pendientes a cincuenta a\u00f1os del golpe de estado en Chile.<\/p>\n\n\n\n<p>En el marco del Foro se desarrollar\u00e1n diversas actividades, como la IV Escuela Internacional de Posgrado en Educaci\u00f3n: Educaci\u00f3n, memorias y resistencias, el I Seminario Internacional. Izquierdas, memorias y utop\u00edas, un ciclo de documentales, actividades culturales, feria de libros, talleres de reflexi\u00f3n y visitas de campo.<\/p>\n\n\n\n<div class=\"wp-block-buttons is-layout-flex wp-block-buttons-is-layout-flex\">\n<div class=\"wp-block-button has-custom-width wp-block-button__width-100\"><a class=\"wp-block-button__link wp-element-button\" href=\"https:\/\/sistemas.clacso.org\/inscripciones\/generales_foros\/index.php?inscripcion=6\" style=\"border-radius:0px\" target=\"_blank\" rel=\"noreferrer noopener\">Inscripciones al Foro<\/a><\/div>\n\n\n\n<div class=\"wp-block-button has-custom-width wp-block-button__width-100\"><a class=\"wp-block-button__link wp-element-button\" href=\"https:\/\/www.clacso.org\/foro-memoria-y-derechos-humanos\/\" style=\"border-radius:0px\" target=\"_blank\" rel=\"noreferrer noopener\">Programa y m\u00e1s informaci\u00f3n<\/a><\/div>\n<\/div>\n\n\n\n<figure class=\"wp-block-image size-full is-resized\"><img fetchpriority=\"high\" decoding=\"async\" src=\"https:\/\/grupomontevideo.org\/site\/wp-content\/uploads\/2023\/08\/40-50-50-Chile-WEB-1.png\" alt=\"\" class=\"wp-image-18604\" style=\"width:1051px;height:585px\" width=\"1051\" height=\"585\" srcset=\"https:\/\/grupomontevideo.org\/site\/wp-content\/uploads\/2023\/08\/40-50-50-Chile-WEB-1.png 700w, https:\/\/grupomontevideo.org\/site\/wp-content\/uploads\/2023\/08\/40-50-50-Chile-WEB-1-300x167.png 300w\" sizes=\"(max-width: 1051px) 100vw, 1051px\" \/><\/figure>\n\n\n\n<p><\/p>\n\n\n\n<p><\/p>\n","protected":false},"excerpt":{"rendered":"<p>Inscripciones abiertas. Del 4 al 9 de septiembre en Valpara\u00edso y Santiago de Chile. <\/p>\n","protected":false},"author":7,"featured_media":18605,"comment_status":"closed","ping_status":"closed","sticky":false,"template":"","format":"standard","meta":{"footnotes":""},"categories":[48,1],"tags":[],"class_list":["post-18603","post","type-post","status-publish","format-standard","has-post-thumbnail","hentry","category-archivo-de-noticias","category-noticias"],"wpmagazine_modules_lite_featured_media_urls":{"thumbnail":["https:\/\/grupomontevideo.org\/site\/wp-content\/uploads\/2023\/08\/Derecho-a-la-memoria-150x150.jpg",150,150,true],"cvmm-medium":["https:\/\/grupomontevideo.org\/site\/wp-content\/uploads\/2023\/08\/Derecho-a-la-memoria-300x300.jpg",300,300,true],"cvmm-medium-plus":["https:\/\/grupomontevideo.org\/site\/wp-content\/uploads\/2023\/08\/Derecho-a-la-memoria-305x207.jpg",305,207,true],"cvmm-portrait":["https:\/\/grupomontevideo.org\/site\/wp-content\/uploads\/2023\/08\/Derecho-a-la-memoria-400x600.jpg",400,600,true],"cvmm-medium-square":["https:\/\/grupomontevideo.org\/site\/wp-content\/uploads\/2023\/08\/Derecho-a-la-memoria-600x600.jpg",600,600,true],"cvmm-large":["https:\/\/grupomontevideo.org\/site\/wp-content\/uploads\/2023\/08\/Derecho-a-la-memoria-1024x675.jpg",1024,675,true],"cvmm-small":["https:\/\/grupomontevideo.org\/site\/wp-content\/uploads\/2023\/08\/Derecho-a-la-memoria-130x95.jpg",130,95,true],"full":["https:\/\/grupomontevideo.org\/site\/wp-content\/uploads\/2023\/08\/Derecho-a-la-memoria.jpg",1200,675,false]},"categories_names":{"48":{"name":"Archivo de noticias","link":"https:\/\/grupomontevideo.org\/site\/category\/archivo-de-noticias\/"},"1":{"name":"Noticias universitarias","link":"https:\/\/grupomontevideo.org\/site\/category\/noticias\/"}},"tags_names":[],"comments_number":"0","_links":{"self":[{"href":"https:\/\/grupomontevideo.org\/site\/wp-json\/wp\/v2\/posts\/18603","targetHints":{"allow":["GET"]}}],"collection":[{"href":"https:\/\/grupomontevideo.org\/site\/wp-json\/wp\/v2\/posts"}],"about":[{"href":"https:\/\/grupomontevideo.org\/site\/wp-json\/wp\/v2\/types\/post"}],"author":[{"embeddable":true,"href":"https:\/\/grupomontevideo.org\/site\/wp-json\/wp\/v2\/users\/7"}],"replies":[{"embeddable":true,"href":"https:\/\/grupomontevideo.org\/site\/wp-json\/wp\/v2\/comments?post=18603"}],"version-history":[{"count":4,"href":"https:\/\/grupomontevideo.org\/site\/wp-json\/wp\/v2\/posts\/18603\/revisions"}],"predecessor-version":[{"id":18745,"href":"https:\/\/grupomontevideo.org\/site\/wp-json\/wp\/v2\/posts\/18603\/revisions\/18745"}],"wp:featuredmedia":[{"embeddable":true,"href":"https:\/\/grupomontevideo.org\/site\/wp-json\/wp\/v2\/media\/18605"}],"wp:attachment":[{"href":"https:\/\/grupomontevideo.org\/site\/wp-json\/wp\/v2\/media?parent=18603"}],"wp:term":[{"taxonomy":"category","embeddable":true,"href":"https:\/\/grupomontevideo.org\/site\/wp-json\/wp\/v2\/categories?post=18603"},{"taxonomy":"post_tag","embeddable":true,"href":"https:\/\/grupomontevideo.org\/site\/wp-json\/wp\/v2\/tags?post=18603"}],"curies":[{"name":"wp","href":"https:\/\/api.w.org\/{rel}","templated":true}]}}