{"id":18408,"date":"2023-07-25T09:57:27","date_gmt":"2023-07-25T12:57:27","guid":{"rendered":"http:\/\/grupomontevideo.org\/site\/?p=18408"},"modified":"2023-08-14T13:36:05","modified_gmt":"2023-08-14T16:36:05","slug":"iv-escuela-de-invierno-plurilinguismo-ciudadania-y-acogida","status":"publish","type":"post","link":"https:\/\/grupomontevideo.org\/site\/iv-escuela-de-invierno-plurilinguismo-ciudadania-y-acogida\/","title":{"rendered":"IV Escuela de Invierno: \u00abPluriling\u00fcismo: ciudadan\u00eda y acogida\u00bb"},"content":{"rendered":"\n<p>El N\u00facleo Disciplinario Ense\u00f1anza de Portugu\u00e9s y Espa\u00f1ol L2\/LE de la Asociaci\u00f3n de Universidades Grupo Montevideo (AUGM) convoca a IV Escuela de Invierno, que este a\u00f1o se convoca con el t\u00edtulo \u201c<strong><em>Pluriling\u00fcismo: ciudadan\u00eda y acogida<\/em><\/strong>\u201d.&nbsp;<\/p>\n\n\n\n<p>Se llevar\u00e1 a cabo del 21 al 25 de agosto en la Facultad de Letras de la Universidade Federal de Goi\u00e1s, y est\u00e1 destinada a profesores de espa\u00f1ol y portugu\u00e9s, estudiantes avanzados de carreras de Letras, estudiantes y docentes de posgrado y especialistas en pol\u00edticas ling\u00fc\u00edsticas y \u00e1reas afines.<\/p>\n\n\n\n<p>\u201c<em>El proceso de globalizaci\u00f3n, al promover la integraci\u00f3n pol\u00edtica, econ\u00f3mica y cultural, entre<\/em> <em>otras, ha afectado a la din\u00e1mica ling\u00fc\u00edstica del mundo, por la demanda de interacci\u00f3n entre<\/em> <em>hablantes nativos de diferentes lenguas\/culturas. En este contexto, cobra relevancia la ense\u00f1anza de las lenguas, con el fin de promover la formaci\u00f3n de los alumnos para el ejercicio de la ciudadan\u00eda en este mundo multi\/pluriling\u00fce y multi\/pluricultural\u201d,<\/em>explica la convocatoria.&nbsp;<\/p>\n\n\n\n<p>A partir de estas reflexiones, la cuarta edici\u00f3n de la Escuela de Invierno PELSE-AUGM tiene<\/p>\n\n\n\n<p>como objetivo promover una acci\u00f3n formativa que ampl\u00ede y fortalezca los conocimientos en el \u00e1rea de la ense\u00f1anza del espa\u00f1ol y del portugu\u00e9s como segundas lenguas y lenguas extranjeras, valorizando su papel en los procesos de integraci\u00f3n regional.&nbsp;<\/p>\n\n\n\n<div class=\"wp-block-buttons is-layout-flex wp-block-buttons-is-layout-flex\">\n<div class=\"wp-block-button has-custom-width wp-block-button__width-100\"><a class=\"wp-block-button__link wp-element-button\" href=\"https:\/\/docs.google.com\/forms\/d\/e\/1FAIpQLSf4NMi2NNrG1Gl4OsoDD-xuV9dFpXbFWY1eqOT_-tFERDUDCA\/viewform\" style=\"border-radius:0px\" target=\"_blank\" rel=\"noreferrer noopener\">Formulario de inscripci\u00f3n &#8211; hasta el 11 de agosto<\/a><\/div>\n\n\n\n<div class=\"wp-block-button has-custom-width wp-block-button__width-100\"><a class=\"wp-block-button__link wp-element-button\" href=\"https:\/\/grupomontevideo.org\/site\/wp-content\/uploads\/2023\/07\/2a-Circular-IV-Escola-de-Inverno-Pelse-AUGM-1.pdf\" style=\"border-radius:0px\" target=\"_blank\" rel=\"noreferrer noopener\">M\u00e1s informaci\u00f3n en la segunda circular&nbsp;<\/a><\/div>\n<\/div>\n\n\n\n<p>Para obtener el certificado de participaci\u00f3n en la IV Escuela de Invierno PELSE-AUGM, es necesario alcanzar el 70% de asistencia en las actividades, siendo obligatoria la participaci\u00f3n en la conferencia inaugural y en las mesas redondas. El resto de la carga horaria, equivalente a 20 horas, debe ser cumplido en los talleres.<\/p>\n\n\n\n<p>Para los participantes que no alcancen el porcentaje m\u00ednimo para obtener el certificado, se emitir\u00e1 una declaraci\u00f3n de participaci\u00f3n en cada actividad.<\/p>\n","protected":false},"excerpt":{"rendered":"<p>Del 21 al 25 de agosto. Inscripciones abiertas aqu\u00ed. <\/p>\n","protected":false},"author":7,"featured_media":18409,"comment_status":"closed","ping_status":"closed","sticky":false,"template":"","format":"standard","meta":{"footnotes":""},"categories":[48,1],"tags":[],"class_list":["post-18408","post","type-post","status-publish","format-standard","has-post-thumbnail","hentry","category-archivo-de-noticias","category-noticias"],"wpmagazine_modules_lite_featured_media_urls":{"thumbnail":["https:\/\/grupomontevideo.org\/site\/wp-content\/uploads\/2023\/07\/Imagem-3-1-150x150.jpg",150,150,true],"cvmm-medium":["https:\/\/grupomontevideo.org\/site\/wp-content\/uploads\/2023\/07\/Imagem-3-1-300x300.jpg",300,300,true],"cvmm-medium-plus":["https:\/\/grupomontevideo.org\/site\/wp-content\/uploads\/2023\/07\/Imagem-3-1-305x207.jpg",305,207,true],"cvmm-portrait":["https:\/\/grupomontevideo.org\/site\/wp-content\/uploads\/2023\/07\/Imagem-3-1-400x600.jpg",400,600,true],"cvmm-medium-square":["https:\/\/grupomontevideo.org\/site\/wp-content\/uploads\/2023\/07\/Imagem-3-1-600x600.jpg",600,600,true],"cvmm-large":["https:\/\/grupomontevideo.org\/site\/wp-content\/uploads\/2023\/07\/Imagem-3-1-1024x1024.jpg",1024,1024,true],"cvmm-small":["https:\/\/grupomontevideo.org\/site\/wp-content\/uploads\/2023\/07\/Imagem-3-1-130x95.jpg",130,95,true],"full":["https:\/\/grupomontevideo.org\/site\/wp-content\/uploads\/2023\/07\/Imagem-3-1.jpg",1080,1080,false]},"categories_names":{"48":{"name":"Archivo de noticias","link":"https:\/\/grupomontevideo.org\/site\/category\/archivo-de-noticias\/"},"1":{"name":"Noticias universitarias","link":"https:\/\/grupomontevideo.org\/site\/category\/noticias\/"}},"tags_names":[],"comments_number":"0","_links":{"self":[{"href":"https:\/\/grupomontevideo.org\/site\/wp-json\/wp\/v2\/posts\/18408","targetHints":{"allow":["GET"]}}],"collection":[{"href":"https:\/\/grupomontevideo.org\/site\/wp-json\/wp\/v2\/posts"}],"about":[{"href":"https:\/\/grupomontevideo.org\/site\/wp-json\/wp\/v2\/types\/post"}],"author":[{"embeddable":true,"href":"https:\/\/grupomontevideo.org\/site\/wp-json\/wp\/v2\/users\/7"}],"replies":[{"embeddable":true,"href":"https:\/\/grupomontevideo.org\/site\/wp-json\/wp\/v2\/comments?post=18408"}],"version-history":[{"count":3,"href":"https:\/\/grupomontevideo.org\/site\/wp-json\/wp\/v2\/posts\/18408\/revisions"}],"predecessor-version":[{"id":18420,"href":"https:\/\/grupomontevideo.org\/site\/wp-json\/wp\/v2\/posts\/18408\/revisions\/18420"}],"wp:featuredmedia":[{"embeddable":true,"href":"https:\/\/grupomontevideo.org\/site\/wp-json\/wp\/v2\/media\/18409"}],"wp:attachment":[{"href":"https:\/\/grupomontevideo.org\/site\/wp-json\/wp\/v2\/media?parent=18408"}],"wp:term":[{"taxonomy":"category","embeddable":true,"href":"https:\/\/grupomontevideo.org\/site\/wp-json\/wp\/v2\/categories?post=18408"},{"taxonomy":"post_tag","embeddable":true,"href":"https:\/\/grupomontevideo.org\/site\/wp-json\/wp\/v2\/tags?post=18408"}],"curies":[{"name":"wp","href":"https:\/\/api.w.org\/{rel}","templated":true}]}}