{"id":18337,"date":"2023-07-19T12:19:24","date_gmt":"2023-07-19T15:19:24","guid":{"rendered":"http:\/\/grupomontevideo.org\/site\/?p=18337"},"modified":"2023-09-26T11:00:32","modified_gmt":"2023-09-26T14:00:32","slug":"iii-seminario-internacional-guarani-conociendo-y-fortaleciendo-la-lengua-guarani","status":"publish","type":"post","link":"https:\/\/grupomontevideo.org\/site\/iii-seminario-internacional-guarani-conociendo-y-fortaleciendo-la-lengua-guarani\/","title":{"rendered":"III Seminario Internacional Guaran\u00ed: \u201c\u00bfQu\u00e9 hacemos y hacia d\u00f3nde vamos?\u201d"},"content":{"rendered":"\n<p>La <strong>C\u00e1tedra Guaran\u00ed<\/strong> de la Asociaci\u00f3n de Universidades Grupo Montevideo (AUGM) llev\u00f3 a cabo su<strong> III Seminario Internacional<\/strong>, que tuvo lugar e<strong>ste 30 de agosto a las 9.30<\/strong> (ARG) bajo el t\u00edtulo \u201c\u00bfQu\u00e9 hacemos y hacia d\u00f3nde vamos?\u201d.<\/p>\n\n\n\n<p><strong>Se trat\u00f3 de una actividad virtual que fue  transmitida a trav\u00e9s del <a rel=\"noreferrer noopener\" href=\"https:\/\/www.youtube.com\/channel\/UCPsfsC2J64FsbEr7r2gpb7w\" target=\"_blank\">canal oficial de AUGM<\/a><\/strong>,  y se propon\u00eda conocer la realidad regional en la docencia, investigaci\u00f3n y extensi\u00f3n de la lengua guaran\u00ed desde la AUGM; fortalecer las actitudes y las pr\u00e1cticas ling\u00fc\u00edsticas de la lengua guaran\u00ed en las zonas de influencia de la AUGM; y promover el afianzamiento de la internacionalizaci\u00f3n de la lengua guaran\u00ed a trav\u00e9s de la docencia, investigaci\u00f3n y extensi\u00f3n.&nbsp;<\/p>\n\n\n\n<figure class=\"wp-block-embed is-type-video is-provider-youtube wp-block-embed-youtube wp-embed-aspect-16-9 wp-has-aspect-ratio\"><div class=\"wp-block-embed__wrapper\">\n<iframe title=\"III Seminario Internacional Guaran\u00ed en la Regi\u00f3n: \u00bfQu\u00e9 hacemos y hacia d\u00f3nde vamos?\" width=\"640\" height=\"360\" src=\"https:\/\/www.youtube.com\/embed\/W7iTQvqVEiY?feature=oembed\" frameborder=\"0\" allow=\"accelerometer; autoplay; clipboard-write; encrypted-media; gyroscope; picture-in-picture; web-share\" referrerpolicy=\"strict-origin-when-cross-origin\" allowfullscreen><\/iframe>\n<\/div><\/figure>\n\n\n\n<p><strong>El seminario cont\u00f3 con tres mesas<\/strong>, una sobre capacitaci\u00f3n, ense\u00f1anza, formaci\u00f3n docente, otra sobre actividades de Extensi\u00f3n y Vinculaci\u00f3n Social con relaci\u00f3n a la lengua guaran\u00ed y futuros aportes de la C\u00e1tedra, y la \u00faltima sobre experiencias en Investigaci\u00f3n en torno a la lengua guaran\u00ed y su proyecci\u00f3n. Al final de la jornada se presentar\u00e1n res\u00famenes por mesa y conclusiones.&nbsp;<\/p>\n\n\n\n<p>La <a href=\"http:\/\/grupomontevideo.org\/cp\/cpcatedraguarani\/?page_id=255\" target=\"_blank\" rel=\"noreferrer noopener\">C\u00e1tedra Guaran\u00ed de la AUGM<\/a> es un \u00e1mbito de convergencia que re\u00fane a acad\u00e9micos, investigadores, la sociedad civil, las comunidades locales y los responsables de formular pol\u00edticas p\u00fablicas, a trav\u00e9s del intercambio y el saber compartido de conformidad con los principios de la cooperaci\u00f3n solidaria, a fin de fortalecer la formaci\u00f3n, la investigaci\u00f3n y la extensi\u00f3n, para generar y compartir informaci\u00f3n en tem\u00e1ticas de car\u00e1cter estrat\u00e9gico y transversal, en las \u00e1reas y competencias en torno a la lengua y la cultura guaran\u00ed.<\/p>\n\n\n\n<div class=\"wp-block-buttons is-layout-flex wp-block-buttons-is-layout-flex\">\n<div class=\"wp-block-button has-custom-width wp-block-button__width-100\"><a class=\"wp-block-button__link has-vivid-red-background-color has-background wp-element-button\" href=\"https:\/\/docs.google.com\/forms\/d\/e\/1FAIpQLSfhyJbixLDjG2uWq0Oz-yXwkbGbR0BM0mcGJsc8C3XpE-6xQg\/viewform\" style=\"border-radius:0px\" target=\"_blank\" rel=\"noreferrer noopener\">Inscripciones aqu\u00ed&nbsp;<\/a><\/div>\n<\/div>\n\n\n\n<figure class=\"wp-block-image size-large\"><img fetchpriority=\"high\" decoding=\"async\" width=\"1024\" height=\"1024\" src=\"https:\/\/grupomontevideo.org\/site\/wp-content\/uploads\/2023\/07\/Flayer-Seminario-Catedra-Guarani-2023-2-1024x1024.jpeg\" alt=\"\" class=\"wp-image-18338\" srcset=\"https:\/\/grupomontevideo.org\/site\/wp-content\/uploads\/2023\/07\/Flayer-Seminario-Catedra-Guarani-2023-2-1024x1024.jpeg 1024w, https:\/\/grupomontevideo.org\/site\/wp-content\/uploads\/2023\/07\/Flayer-Seminario-Catedra-Guarani-2023-2-300x300.jpeg 300w, https:\/\/grupomontevideo.org\/site\/wp-content\/uploads\/2023\/07\/Flayer-Seminario-Catedra-Guarani-2023-2-150x150.jpeg 150w, https:\/\/grupomontevideo.org\/site\/wp-content\/uploads\/2023\/07\/Flayer-Seminario-Catedra-Guarani-2023-2-768x768.jpeg 768w, https:\/\/grupomontevideo.org\/site\/wp-content\/uploads\/2023\/07\/Flayer-Seminario-Catedra-Guarani-2023-2-1536x1536.jpeg 1536w, https:\/\/grupomontevideo.org\/site\/wp-content\/uploads\/2023\/07\/Flayer-Seminario-Catedra-Guarani-2023-2-600x600.jpeg 600w, https:\/\/grupomontevideo.org\/site\/wp-content\/uploads\/2023\/07\/Flayer-Seminario-Catedra-Guarani-2023-2.jpeg 1600w\" sizes=\"(max-width: 1024px) 100vw, 1024px\" \/><\/figure>\n","protected":false},"excerpt":{"rendered":"<p>Acced\u00e9 a la actividad completa aqu\u00ed <\/p>\n","protected":false},"author":3,"featured_media":18339,"comment_status":"closed","ping_status":"closed","sticky":false,"template":"","format":"standard","meta":{"footnotes":""},"categories":[48,1],"tags":[],"class_list":["post-18337","post","type-post","status-publish","format-standard","has-post-thumbnail","hentry","category-archivo-de-noticias","category-noticias"],"wpmagazine_modules_lite_featured_media_urls":{"thumbnail":["https:\/\/grupomontevideo.org\/site\/wp-content\/uploads\/2023\/07\/EcXWeTrXkAEzot6-150x150.jpg",150,150,true],"cvmm-medium":["https:\/\/grupomontevideo.org\/site\/wp-content\/uploads\/2023\/07\/EcXWeTrXkAEzot6-300x300.jpg",300,300,true],"cvmm-medium-plus":["https:\/\/grupomontevideo.org\/site\/wp-content\/uploads\/2023\/07\/EcXWeTrXkAEzot6-305x207.jpg",305,207,true],"cvmm-portrait":["https:\/\/grupomontevideo.org\/site\/wp-content\/uploads\/2023\/07\/EcXWeTrXkAEzot6-400x600.jpg",400,600,true],"cvmm-medium-square":["https:\/\/grupomontevideo.org\/site\/wp-content\/uploads\/2023\/07\/EcXWeTrXkAEzot6-600x600.jpg",600,600,true],"cvmm-large":["https:\/\/grupomontevideo.org\/site\/wp-content\/uploads\/2023\/07\/EcXWeTrXkAEzot6-1024x621.jpg",1024,621,true],"cvmm-small":["https:\/\/grupomontevideo.org\/site\/wp-content\/uploads\/2023\/07\/EcXWeTrXkAEzot6-130x95.jpg",130,95,true],"full":["https:\/\/grupomontevideo.org\/site\/wp-content\/uploads\/2023\/07\/EcXWeTrXkAEzot6.jpg",1700,621,false]},"categories_names":{"48":{"name":"Archivo de noticias","link":"https:\/\/grupomontevideo.org\/site\/category\/archivo-de-noticias\/"},"1":{"name":"Noticias universitarias","link":"https:\/\/grupomontevideo.org\/site\/category\/noticias\/"}},"tags_names":[],"comments_number":"0","_links":{"self":[{"href":"https:\/\/grupomontevideo.org\/site\/wp-json\/wp\/v2\/posts\/18337","targetHints":{"allow":["GET"]}}],"collection":[{"href":"https:\/\/grupomontevideo.org\/site\/wp-json\/wp\/v2\/posts"}],"about":[{"href":"https:\/\/grupomontevideo.org\/site\/wp-json\/wp\/v2\/types\/post"}],"author":[{"embeddable":true,"href":"https:\/\/grupomontevideo.org\/site\/wp-json\/wp\/v2\/users\/3"}],"replies":[{"embeddable":true,"href":"https:\/\/grupomontevideo.org\/site\/wp-json\/wp\/v2\/comments?post=18337"}],"version-history":[{"count":6,"href":"https:\/\/grupomontevideo.org\/site\/wp-json\/wp\/v2\/posts\/18337\/revisions"}],"predecessor-version":[{"id":18705,"href":"https:\/\/grupomontevideo.org\/site\/wp-json\/wp\/v2\/posts\/18337\/revisions\/18705"}],"wp:featuredmedia":[{"embeddable":true,"href":"https:\/\/grupomontevideo.org\/site\/wp-json\/wp\/v2\/media\/18339"}],"wp:attachment":[{"href":"https:\/\/grupomontevideo.org\/site\/wp-json\/wp\/v2\/media?parent=18337"}],"wp:term":[{"taxonomy":"category","embeddable":true,"href":"https:\/\/grupomontevideo.org\/site\/wp-json\/wp\/v2\/categories?post=18337"},{"taxonomy":"post_tag","embeddable":true,"href":"https:\/\/grupomontevideo.org\/site\/wp-json\/wp\/v2\/tags?post=18337"}],"curies":[{"name":"wp","href":"https:\/\/api.w.org\/{rel}","templated":true}]}}