{"id":17844,"date":"2023-05-31T10:55:34","date_gmt":"2023-05-31T13:55:34","guid":{"rendered":"http:\/\/grupomontevideo.org\/site\/?p=17844"},"modified":"2023-06-16T10:57:46","modified_gmt":"2023-06-16T13:57:46","slug":"17844-2","status":"publish","type":"post","link":"https:\/\/grupomontevideo.org\/site\/17844-2\/","title":{"rendered":"Acceda aqu\u00ed a los videos completos"},"content":{"rendered":"\n<p>La <strong>Universidade Federal de Minas Gerais<\/strong> (UFMG), en el marco del<a rel=\"noreferrer noopener\" href=\"https:\/\/grupomontevideo.org\/site\/consejo-de-rectores\/\" target=\"_blank\"> LXXXIII Consejo de Rectores<\/a>, que la tendr\u00e1 como sede, llev\u00f3 adelante una nueva edici\u00f3n del <strong>Seminario Univesidad, Sociedad y Estado<\/strong>, que llevar\u00e1 por t\u00edtulo \u201c<em><strong>Rumo \u00e0 CRES+5: Desenvolvimento Social, Integra\u00e7\u00e3o Regional e o Papel das Universidades<\/strong><\/em>\u201d.<\/p>\n\n\n\n<p>Se trata de una instancia de<strong> intercambio acad\u00e9mico &#8211; pol\u00edtico que acompa\u00f1a al m\u00e1ximo \u00f3rgano de direcci\u00f3n de la red desde 2010, cuando se llev\u00f3 a cabo su primera edici\u00f3n<\/strong>. Tiene como objetivo vincular, a trav\u00e9s del intercambio de ideas, a los acad\u00e9micos con los representantes del Estado y los diferentes actores de la sociedad.&nbsp;<\/p>\n\n\n\n<p><strong>Los temas elegidos son aquellos que se consideran de inter\u00e9s estrat\u00e9gico para la regi\u00f3n<\/strong>, y se invitan a acad\u00e9micos de las Universidades miembro, instituciones, organizaciones cient\u00edfico acad\u00e9micas, autoridades universitarias, as\u00ed como actores sociales y pol\u00edticos relevantes para el abordaje tem\u00e1tico.&nbsp;<\/p>\n\n\n\n<figure class=\"wp-block-embed is-type-video is-provider-youtube wp-block-embed-youtube wp-embed-aspect-16-9 wp-has-aspect-ratio\"><div class=\"wp-block-embed__wrapper\">\n<iframe title=\"Seminario USE: Rumo \u00e0 CRES+5: Desenvolvimento Social, Integra\u00e7\u00e3o Regional e o Papel das Universidades\" width=\"640\" height=\"360\" src=\"https:\/\/www.youtube.com\/embed\/videoseries?list=PLAfBzlUpABtpnvQheXSUxK5_Tf7JRAlZh\" frameborder=\"0\" allow=\"accelerometer; autoplay; clipboard-write; encrypted-media; gyroscope; picture-in-picture; web-share\" referrerpolicy=\"strict-origin-when-cross-origin\" allowfullscreen><\/iframe>\n<\/div><\/figure>\n\n\n\n<figure class=\"wp-block-embed is-type-video is-provider-youtube wp-block-embed-youtube wp-embed-aspect-16-9 wp-has-aspect-ratio\"><div class=\"wp-block-embed__wrapper\">\n<iframe title=\"AUGM - Mesa-redonda II: Universidade e Sociedade\" width=\"640\" height=\"360\" src=\"https:\/\/www.youtube.com\/embed\/k-MXtQkJSx8?list=PLAfBzlUpABtpnvQheXSUxK5_Tf7JRAlZh\" frameborder=\"0\" allow=\"accelerometer; autoplay; clipboard-write; encrypted-media; gyroscope; picture-in-picture; web-share\" referrerpolicy=\"strict-origin-when-cross-origin\" allowfullscreen><\/iframe>\n<\/div><\/figure>\n\n\n\n<figure class=\"wp-block-embed is-type-video is-provider-youtube wp-block-embed-youtube wp-embed-aspect-16-9 wp-has-aspect-ratio\"><div class=\"wp-block-embed__wrapper\">\n<iframe title=\"AUGM - Mesa-redonda III: Rumo \u00e0 CRES+5: Universidade e Pol\u00edticas de Estado\" width=\"640\" height=\"360\" src=\"https:\/\/www.youtube.com\/embed\/OBfgxVcGCkU?list=PLAfBzlUpABtpnvQheXSUxK5_Tf7JRAlZh\" frameborder=\"0\" allow=\"accelerometer; autoplay; clipboard-write; encrypted-media; gyroscope; picture-in-picture; web-share\" referrerpolicy=\"strict-origin-when-cross-origin\" allowfullscreen><\/iframe>\n<\/div><\/figure>\n\n\n\n<figure class=\"wp-block-embed is-type-video is-provider-youtube wp-block-embed-youtube wp-embed-aspect-16-9 wp-has-aspect-ratio\"><div class=\"wp-block-embed__wrapper\">\n<iframe title=\"AUGM - Mesa-redonda IV: Universidade e Desenvolvimento Social\" width=\"640\" height=\"360\" src=\"https:\/\/www.youtube.com\/embed\/S6pj1h6824c?list=PLAfBzlUpABtpnvQheXSUxK5_Tf7JRAlZh\" frameborder=\"0\" allow=\"accelerometer; autoplay; clipboard-write; encrypted-media; gyroscope; picture-in-picture; web-share\" referrerpolicy=\"strict-origin-when-cross-origin\" allowfullscreen><\/iframe>\n<\/div><\/figure>\n\n\n\n<p>Programaci\u00f3n<\/p>\n\n\n\n<p><strong>4 de junio, domingo<\/strong><br><\/p>\n\n\n\n<p>Conservatorio UFMG &#8211; Av. Afonso Pena, 1534, Centro<br>18 h \u2013 Apertura del Seminario y del II SciBioSus<br>18:30 \u2013 Presentaci\u00f3n art\u00edstica: Grupo do Choro da UFMG<br>19:30 \u2013 C\u00f3ctel de apertura del evento<\/p>\n\n\n\n<p><strong>5 de junio, lunes<\/strong><\/p>\n\n\n\n<p>Auditorio de la Rector\u00eda \u2013 Campus Pampulha<br>9h-10h30 \u2013 Mesa I: Hacia CRES+5: Universidad y Pol\u00edticas de Estado<br>Mediadora: Sandra Goulart Almeida, UFMG<br>Francesc Pedr\u00f3 (IESALQ, UNESCO)<br>Denise Pires de Carvalho (Secretaria de Educaci\u00f3n Superior\/MEC, Brasil)<br>Oscar Alpa (Secretario de Pol\u00edticas Universitarias, Argentina)<br>V\u00edctor Orellana (Subsecretario de Educaci\u00f3n Superior, Chile)<\/p>\n\n\n\n<p>10:30-11:00 \u2013 pausa para el caf\u00e9<\/p>\n\n\n\n<p><strong>11:00-12:30 Mesa Redonda II: Universidad y Sociedad<\/strong><br><\/p>\n\n\n\n<p>Coordinaci\u00f3n: Cl\u00e1udia Mayorga, UFMG<br>Celia Xacriab\u00e1 (activista ind\u00edgena, diputada federal por Minas Gerais, Brasil)<br>Jo\u00e3o Pedro St\u00e9dile (MST, Brasil)<br>S\u00edlvia Ferrero (Presidenta, Asociaci\u00f3n Civil Palabras, Argentina)<br>Nilma Lino Gomes (Ministra de la Mujer, Igualdad Racial y Derechos Humanos, 2015-2016)<\/p>\n\n\n\n<p>12:30-14:30 \u2013 Almuerzo<\/p>\n\n\n\n<p><strong>14:30-16:00 \u2013 Mesa Redonda III: Universidad e Integraci\u00f3n Regional<br><\/strong><\/p>\n\n\n\n<p>Coordinaci\u00f3n: \u00c1lvaro Rico, AUGM<br>Rui Opperman (Capes, Brasil)<br>Rodrigo Arim (UDELAR, Uruguay)<br>Zully Vera (UNA, Paraguay)<br>V\u00edctor Mori\u00f1igo (UNSL, Argentina)<br>Amanda Caroline Harumy Oliveira (OCLAE)<\/p>\n\n\n\n<p>16:00-17:30 \u2013 Mesa <strong>Redonda IV: Universidad y Desarrollo Social<br><\/strong><\/p>\n\n\n\n<p>Coordinaci\u00f3n: M\u00e1rcia Abraao, UNB<br>Ricardo Fonseca (Andifes, Brasil)<br>Carlos Greco (CIN, Argentina)<br>Oswaldo Corrales (CUECH, Chile)<br>Clarito Rojas (Presidente del Consejo de Educaci\u00f3n Superior, CONES, Paraguay)<\/p>\n\n\n\n<p>17:30-18:00 \u2013 pausa para el caf\u00e9<\/p>\n\n\n\n<p>18:00 &#8211; 18:45 \u2013 Presentaci\u00f3n del Grupo Sarandeiros (UFMG)<br>19:30 \u2013 Cena en Restaurante Xapuri<\/p>\n\n\n\n<p><\/p>\n","protected":false},"excerpt":{"rendered":"<p>Seminario Unviersidad, Sociedad y Estado. El 4 y 5 de junio en la UFMG. <\/p>\n","protected":false},"author":3,"featured_media":17864,"comment_status":"closed","ping_status":"closed","sticky":false,"template":"","format":"standard","meta":{"footnotes":""},"categories":[48,1],"tags":[],"class_list":["post-17844","post","type-post","status-publish","format-standard","has-post-thumbnail","hentry","category-archivo-de-noticias","category-noticias"],"wpmagazine_modules_lite_featured_media_urls":{"thumbnail":["https:\/\/grupomontevideo.org\/site\/wp-content\/uploads\/2023\/05\/SEMINARIO-USE-01-150x150.jpg",150,150,true],"cvmm-medium":["https:\/\/grupomontevideo.org\/site\/wp-content\/uploads\/2023\/05\/SEMINARIO-USE-01-300x300.jpg",300,300,true],"cvmm-medium-plus":["https:\/\/grupomontevideo.org\/site\/wp-content\/uploads\/2023\/05\/SEMINARIO-USE-01-305x207.jpg",305,207,true],"cvmm-portrait":["https:\/\/grupomontevideo.org\/site\/wp-content\/uploads\/2023\/05\/SEMINARIO-USE-01-400x315.jpg",400,315,true],"cvmm-medium-square":["https:\/\/grupomontevideo.org\/site\/wp-content\/uploads\/2023\/05\/SEMINARIO-USE-01.jpg",600,315,false],"cvmm-large":["https:\/\/grupomontevideo.org\/site\/wp-content\/uploads\/2023\/05\/SEMINARIO-USE-01.jpg",600,315,false],"cvmm-small":["https:\/\/grupomontevideo.org\/site\/wp-content\/uploads\/2023\/05\/SEMINARIO-USE-01-130x95.jpg",130,95,true],"full":["https:\/\/grupomontevideo.org\/site\/wp-content\/uploads\/2023\/05\/SEMINARIO-USE-01.jpg",600,315,false]},"categories_names":{"48":{"name":"Archivo de noticias","link":"https:\/\/grupomontevideo.org\/site\/category\/archivo-de-noticias\/"},"1":{"name":"Noticias universitarias","link":"https:\/\/grupomontevideo.org\/site\/category\/noticias\/"}},"tags_names":[],"comments_number":"0","_links":{"self":[{"href":"https:\/\/grupomontevideo.org\/site\/wp-json\/wp\/v2\/posts\/17844","targetHints":{"allow":["GET"]}}],"collection":[{"href":"https:\/\/grupomontevideo.org\/site\/wp-json\/wp\/v2\/posts"}],"about":[{"href":"https:\/\/grupomontevideo.org\/site\/wp-json\/wp\/v2\/types\/post"}],"author":[{"embeddable":true,"href":"https:\/\/grupomontevideo.org\/site\/wp-json\/wp\/v2\/users\/3"}],"replies":[{"embeddable":true,"href":"https:\/\/grupomontevideo.org\/site\/wp-json\/wp\/v2\/comments?post=17844"}],"version-history":[{"count":12,"href":"https:\/\/grupomontevideo.org\/site\/wp-json\/wp\/v2\/posts\/17844\/revisions"}],"predecessor-version":[{"id":17927,"href":"https:\/\/grupomontevideo.org\/site\/wp-json\/wp\/v2\/posts\/17844\/revisions\/17927"}],"wp:featuredmedia":[{"embeddable":true,"href":"https:\/\/grupomontevideo.org\/site\/wp-json\/wp\/v2\/media\/17864"}],"wp:attachment":[{"href":"https:\/\/grupomontevideo.org\/site\/wp-json\/wp\/v2\/media?parent=17844"}],"wp:term":[{"taxonomy":"category","embeddable":true,"href":"https:\/\/grupomontevideo.org\/site\/wp-json\/wp\/v2\/categories?post=17844"},{"taxonomy":"post_tag","embeddable":true,"href":"https:\/\/grupomontevideo.org\/site\/wp-json\/wp\/v2\/tags?post=17844"}],"curies":[{"name":"wp","href":"https:\/\/api.w.org\/{rel}","templated":true}]}}