{"id":17711,"date":"2023-05-16T15:39:19","date_gmt":"2023-05-16T18:39:19","guid":{"rendered":"http:\/\/grupomontevideo.org\/site\/?p=17711"},"modified":"2024-07-26T12:35:48","modified_gmt":"2024-07-26T15:35:48","slug":"14-edicion-del-coloquio-transformaciones-territoriales-estrategias-para-reducir-las-injusticias-socioambientales","status":"publish","type":"post","link":"https:\/\/grupomontevideo.org\/site\/14-edicion-del-coloquio-transformaciones-territoriales-estrategias-para-reducir-las-injusticias-socioambientales\/","title":{"rendered":"XIV Coloquio Transformaciones Territoriales: estrategias para reducir las injusticias socioambientales"},"content":{"rendered":"\n<p>El <a href=\"http:\/\/grupomontevideo.org\/ndca\/cadesarrollo\/\">Comit\u00e9 Acad\u00e9mico de Desarrollo Regional <\/a>(CADR) de la Asociaci\u00f3n de Universidades del Grupo de Montevideo (AUGM) abri\u00f3 la convocatoria a la edici\u00f3n n\u00famero 14 de su coloquio bienal sobre transformaciones territoriales, que esta vez lleva por t\u00edtulo \u201c<em>Desaf\u00edos territoriales frente a las amenazas y posibilidades latinoamericanas: estrategias para reducir las injusticias socioambientales<\/em>\u201d.&nbsp;<\/p>\n\n\n\n<p>Se trata de una propuesta presencial y virtual, que se llevar\u00e1 a cabo los d\u00edas 24, 25 y 26 de julio de 2024 en el Instituto de Econom\u00eda de la Universidad Estadual de Campinas (UNICAMP, Campinas, S\u00e3o Paulo, Brasil). Este evento organizado cada dos a\u00f1os tiene como objetivo promover el encuentro peri\u00f3dico de profesionales, investigadores y estudiantes de posgrado de diversas disciplinas involucrados en el estudio de las transformaciones que enfrentan los territorios de la regi\u00f3n.&nbsp;<\/p>\n\n\n\n<blockquote class=\"wp-block-quote is-layout-flow wp-block-quote-is-layout-flow\">\n<p>\u201c<em>Se espera que tanto las ponencias, como las mesas redondas previstas y las conferencias programadas contribuyan a discutir los desaf\u00edos territoriales actuales y conocer las diversas estrategias para reducir injusticias socioambientales en Latinoam\u00e9rica, enfatizando las amenazas y las posibilidades colectivas para enfrentarlas, tanto desde la academia como desde la gesti\u00f3n p\u00fablica y la sociedad civil\u201d.&nbsp;<\/em><\/p>\n<\/blockquote>\n\n\n\n<p>As\u00ed se describe en la primera circular del coloquio, donde adem\u00e1s se describen los 8 ejes tem\u00e1ticos que se abordar\u00e1n: Ordenamiento territorial y pol\u00edticas p\u00fablicas; Procesos urbanos, sistemas y redes de ciudades; Redes y sistemas en la organizaci\u00f3n e integraci\u00f3n socioterritorial; Territorializaci\u00f3n (des) de los modelos de producci\u00f3n y acumulaci\u00f3n; Transformaciones rurales, cuesti\u00f3n agraria y desarrollo territorial;Cultura, identidad, patrimonio;Fronteras, migraciones, procesos de integraci\u00f3n y fragmentaci\u00f3n territoria; y Riesgo ambiental, vulnerabilidad y territorialidades.<\/p>\n\n\n\n<div class=\"wp-block-buttons is-layout-flex wp-block-buttons-is-layout-flex\">\n<div class=\"wp-block-button has-custom-width wp-block-button__width-100\"><a class=\"wp-block-button__link has-background wp-element-button\" href=\"https:\/\/grupomontevideo.org\/site\/wp-content\/uploads\/2023\/05\/Primera-Circular-XIV-Bienal-CADR-AUGM_maio2023-1.pdf\" style=\"border-radius:0px;background-color:#9b1e1e\" target=\"_blank\" rel=\"noreferrer noopener\">1ra Circular<\/a><\/div>\n\n\n\n<div class=\"wp-block-button has-custom-width wp-block-button__width-100\"><a class=\"wp-block-button__link has-background wp-element-button\" href=\"https:\/\/grupomontevideo.org\/site\/wp-content\/uploads\/2024\/03\/Terceira-Circular-XIV-Bienal_CADR-AUGM_fevereiro2024.pdf\" style=\"border-radius:0px;background-color:#9b1e1e\">3ra Circular<\/a><\/div>\n<\/div>\n\n\n\n<pre class=\"wp-block-preformatted\"><strong>Inscripciones: hasta el 30 de junio <\/strong><\/pre>\n\n\n\n<figure class=\"wp-block-image size-large\"><img fetchpriority=\"high\" decoding=\"async\" width=\"722\" height=\"1024\" src=\"https:\/\/grupomontevideo.org\/site\/wp-content\/uploads\/2023\/05\/14Bienal_flayer_maio2023-1-1-722x1024.png\" alt=\"\" class=\"wp-image-17716\" srcset=\"https:\/\/grupomontevideo.org\/site\/wp-content\/uploads\/2023\/05\/14Bienal_flayer_maio2023-1-1-722x1024.png 722w, https:\/\/grupomontevideo.org\/site\/wp-content\/uploads\/2023\/05\/14Bienal_flayer_maio2023-1-1-211x300.png 211w, https:\/\/grupomontevideo.org\/site\/wp-content\/uploads\/2023\/05\/14Bienal_flayer_maio2023-1-1-768x1090.png 768w, https:\/\/grupomontevideo.org\/site\/wp-content\/uploads\/2023\/05\/14Bienal_flayer_maio2023-1-1-1083x1536.png 1083w, https:\/\/grupomontevideo.org\/site\/wp-content\/uploads\/2023\/05\/14Bienal_flayer_maio2023-1-1-1444x2048.png 1444w\" sizes=\"(max-width: 722px) 100vw, 722px\" \/><\/figure>\n","protected":false},"excerpt":{"rendered":"<p>El  24, 25 y 26 de julio en UNICAMP, Brasil.<\/p>\n","protected":false},"author":3,"featured_media":17719,"comment_status":"closed","ping_status":"closed","sticky":false,"template":"","format":"standard","meta":{"footnotes":""},"categories":[48,1],"tags":[],"class_list":["post-17711","post","type-post","status-publish","format-standard","has-post-thumbnail","hentry","category-archivo-de-noticias","category-noticias"],"wpmagazine_modules_lite_featured_media_urls":{"thumbnail":["https:\/\/grupomontevideo.org\/site\/wp-content\/uploads\/2023\/05\/52_big-150x150.jpg",150,150,true],"cvmm-medium":["https:\/\/grupomontevideo.org\/site\/wp-content\/uploads\/2023\/05\/52_big-300x300.jpg",300,300,true],"cvmm-medium-plus":["https:\/\/grupomontevideo.org\/site\/wp-content\/uploads\/2023\/05\/52_big-305x207.jpg",305,207,true],"cvmm-portrait":["https:\/\/grupomontevideo.org\/site\/wp-content\/uploads\/2023\/05\/52_big-400x400.jpg",400,400,true],"cvmm-medium-square":["https:\/\/grupomontevideo.org\/site\/wp-content\/uploads\/2023\/05\/52_big.jpg",600,400,false],"cvmm-large":["https:\/\/grupomontevideo.org\/site\/wp-content\/uploads\/2023\/05\/52_big.jpg",600,400,false],"cvmm-small":["https:\/\/grupomontevideo.org\/site\/wp-content\/uploads\/2023\/05\/52_big-130x95.jpg",130,95,true],"full":["https:\/\/grupomontevideo.org\/site\/wp-content\/uploads\/2023\/05\/52_big.jpg",600,400,false]},"categories_names":{"48":{"name":"Archivo de noticias","link":"https:\/\/grupomontevideo.org\/site\/category\/archivo-de-noticias\/"},"1":{"name":"Noticias universitarias","link":"https:\/\/grupomontevideo.org\/site\/category\/noticias\/"}},"tags_names":[],"comments_number":"0","_links":{"self":[{"href":"https:\/\/grupomontevideo.org\/site\/wp-json\/wp\/v2\/posts\/17711","targetHints":{"allow":["GET"]}}],"collection":[{"href":"https:\/\/grupomontevideo.org\/site\/wp-json\/wp\/v2\/posts"}],"about":[{"href":"https:\/\/grupomontevideo.org\/site\/wp-json\/wp\/v2\/types\/post"}],"author":[{"embeddable":true,"href":"https:\/\/grupomontevideo.org\/site\/wp-json\/wp\/v2\/users\/3"}],"replies":[{"embeddable":true,"href":"https:\/\/grupomontevideo.org\/site\/wp-json\/wp\/v2\/comments?post=17711"}],"version-history":[{"count":11,"href":"https:\/\/grupomontevideo.org\/site\/wp-json\/wp\/v2\/posts\/17711\/revisions"}],"predecessor-version":[{"id":19881,"href":"https:\/\/grupomontevideo.org\/site\/wp-json\/wp\/v2\/posts\/17711\/revisions\/19881"}],"wp:featuredmedia":[{"embeddable":true,"href":"https:\/\/grupomontevideo.org\/site\/wp-json\/wp\/v2\/media\/17719"}],"wp:attachment":[{"href":"https:\/\/grupomontevideo.org\/site\/wp-json\/wp\/v2\/media?parent=17711"}],"wp:term":[{"taxonomy":"category","embeddable":true,"href":"https:\/\/grupomontevideo.org\/site\/wp-json\/wp\/v2\/categories?post=17711"},{"taxonomy":"post_tag","embeddable":true,"href":"https:\/\/grupomontevideo.org\/site\/wp-json\/wp\/v2\/tags?post=17711"}],"curies":[{"name":"wp","href":"https:\/\/api.w.org\/{rel}","templated":true}]}}