{"id":17690,"date":"2023-05-16T14:09:15","date_gmt":"2023-05-16T17:09:15","guid":{"rendered":"http:\/\/grupomontevideo.org\/site\/?p=17690"},"modified":"2023-06-07T10:22:36","modified_gmt":"2023-06-07T13:22:36","slug":"augm-y-capes-de-brasil-firmaron-acuerdo-para-intercambio-de-investigadores-y-estudiantes-de-posgrado","status":"publish","type":"post","link":"https:\/\/grupomontevideo.org\/site\/augm-y-capes-de-brasil-firmaron-acuerdo-para-intercambio-de-investigadores-y-estudiantes-de-posgrado\/","title":{"rendered":"AUGM y CAPES de Brasil firmaron acuerdo para intercambio de investigadores y estudiantes de posgrado"},"content":{"rendered":"\n<p>La <strong>Asociaci\u00f3n de Universidades Grupo Montevideo<\/strong> (AUGM) y la<a href=\"https:\/\/www.gov.br\/capes\/pt-br\" target=\"_blank\" rel=\"noreferrer noopener\"> Coordena\u00e7\u00e3o de Aperfei\u00e7oamento de Pessoal de N\u00edvel Superior (CAPES)<\/a>, dependiente del Ministerio de Educaci\u00f3n de Brasil, firmaron este martes 16 de mayo una <strong>carta de intenci\u00f3n para establecer v\u00ednculos de colaboraci\u00f3n en el \u00e1mbito de la formaci\u00f3n y desarrollo de recursos humanos de alto nivel<\/strong>.<\/p>\n\n\n\n<p>Se trata de un acuerdo que busca establecer <strong>programas conjuntos que apunten a consolidar el intercambio de investigadores y estudiantes de posgrado entre instituciones de educaci\u00f3n superior brasileras y de Am\u00e9rica del sur<\/strong>.<\/p>\n\n\n\n<p>De esta manera, AUGM y CAPES <strong>profundizan la cooperaci\u00f3n acad\u00e9mica y cient\u00edfica entre instituciones cient\u00edficas y de educaci\u00f3n superior de Brasil y de la regi\u00f3n<\/strong>, a efectos de promover el desarrollo social y econ\u00f3mico de los pa\u00edses involucrados.&nbsp;<\/p>\n\n\n\n<p>As\u00ed lo establece el documento firmado por <strong>Mercedes Maria Da Cunha<\/strong>, presidenta de CAPES, y <strong>Sandra Goulart Almeida<\/strong>, presidenta de AUGM.&nbsp;<br><\/p>\n\n\n\n<p>La firma del acuerdo se realiz\u00f3 durante la<a href=\"http:\/\/grupomontevideo.org\/cp\/cpcomisiondeposgrado\/?p=596\"> reuni\u00f3n de la Comisi\u00f3n Permanente de Posgrado<\/a> de AUGM, que tuvo lugar este 15 y 16 de mayo en la Universidade de Brasilia, Brasil. Estuvo presente en la firma, adem\u00e1s, Rui Opperman, director de relaciones internacionales de CAPES.<\/p>\n\n\n\n<figure class=\"wp-block-gallery has-nested-images columns-default is-cropped wp-block-gallery-1 is-layout-flex wp-block-gallery-is-layout-flex\">\n<figure class=\"wp-block-image size-large\"><img fetchpriority=\"high\" decoding=\"async\" width=\"1024\" height=\"461\" data-id=\"17693\" src=\"https:\/\/grupomontevideo.org\/site\/wp-content\/uploads\/2023\/05\/WhatsApp-Image-2023-05-15-at-16.57.18-1-1024x461.jpeg\" alt=\"\" class=\"wp-image-17693\" srcset=\"https:\/\/grupomontevideo.org\/site\/wp-content\/uploads\/2023\/05\/WhatsApp-Image-2023-05-15-at-16.57.18-1-1024x461.jpeg 1024w, https:\/\/grupomontevideo.org\/site\/wp-content\/uploads\/2023\/05\/WhatsApp-Image-2023-05-15-at-16.57.18-1-300x135.jpeg 300w, https:\/\/grupomontevideo.org\/site\/wp-content\/uploads\/2023\/05\/WhatsApp-Image-2023-05-15-at-16.57.18-1-768x346.jpeg 768w, https:\/\/grupomontevideo.org\/site\/wp-content\/uploads\/2023\/05\/WhatsApp-Image-2023-05-15-at-16.57.18-1-1536x692.jpeg 1536w, https:\/\/grupomontevideo.org\/site\/wp-content\/uploads\/2023\/05\/WhatsApp-Image-2023-05-15-at-16.57.18-1.jpeg 1600w\" sizes=\"(max-width: 1024px) 100vw, 1024px\" \/><\/figure>\n\n\n\n<figure class=\"wp-block-image size-large\"><img decoding=\"async\" width=\"1024\" height=\"462\" data-id=\"17692\" src=\"https:\/\/grupomontevideo.org\/site\/wp-content\/uploads\/2023\/05\/WhatsApp-Image-2023-05-16-at-11.19.08-1024x462.jpeg\" alt=\"\" class=\"wp-image-17692\" srcset=\"https:\/\/grupomontevideo.org\/site\/wp-content\/uploads\/2023\/05\/WhatsApp-Image-2023-05-16-at-11.19.08-1024x462.jpeg 1024w, https:\/\/grupomontevideo.org\/site\/wp-content\/uploads\/2023\/05\/WhatsApp-Image-2023-05-16-at-11.19.08-300x135.jpeg 300w, https:\/\/grupomontevideo.org\/site\/wp-content\/uploads\/2023\/05\/WhatsApp-Image-2023-05-16-at-11.19.08-768x346.jpeg 768w, https:\/\/grupomontevideo.org\/site\/wp-content\/uploads\/2023\/05\/WhatsApp-Image-2023-05-16-at-11.19.08-1536x692.jpeg 1536w, https:\/\/grupomontevideo.org\/site\/wp-content\/uploads\/2023\/05\/WhatsApp-Image-2023-05-16-at-11.19.08.jpeg 2048w\" sizes=\"(max-width: 1024px) 100vw, 1024px\" \/><\/figure>\n\n\n\n<figure class=\"wp-block-image size-large\"><img decoding=\"async\" width=\"1024\" height=\"461\" data-id=\"17694\" src=\"https:\/\/grupomontevideo.org\/site\/wp-content\/uploads\/2023\/05\/WhatsApp-Image-2023-05-16-at-11.18.26-1024x461.jpeg\" alt=\"\" class=\"wp-image-17694\" srcset=\"https:\/\/grupomontevideo.org\/site\/wp-content\/uploads\/2023\/05\/WhatsApp-Image-2023-05-16-at-11.18.26-1024x461.jpeg 1024w, https:\/\/grupomontevideo.org\/site\/wp-content\/uploads\/2023\/05\/WhatsApp-Image-2023-05-16-at-11.18.26-300x135.jpeg 300w, https:\/\/grupomontevideo.org\/site\/wp-content\/uploads\/2023\/05\/WhatsApp-Image-2023-05-16-at-11.18.26-768x346.jpeg 768w, https:\/\/grupomontevideo.org\/site\/wp-content\/uploads\/2023\/05\/WhatsApp-Image-2023-05-16-at-11.18.26-1536x692.jpeg 1536w, https:\/\/grupomontevideo.org\/site\/wp-content\/uploads\/2023\/05\/WhatsApp-Image-2023-05-16-at-11.18.26.jpeg 1600w\" sizes=\"(max-width: 1024px) 100vw, 1024px\" \/><\/figure>\n<\/figure>\n","protected":false},"excerpt":{"rendered":"<p>La Asociaci\u00f3n de Universidades Grupo Montevideo (AUGM) y la Coordena\u00e7\u00e3o de Aperfei\u00e7oamento de Pessoal de N\u00edvel Superior (CAPES), dependiente del Ministerio de Educaci\u00f3n de Brasil, firmaron este martes 16 de mayo una carta de intenci\u00f3n para establecer v\u00ednculos de colaboraci\u00f3n en el \u00e1mbito de la formaci\u00f3n y desarrollo de recursos humanos de alto nivel. Se [&hellip;]<\/p>\n","protected":false},"author":3,"featured_media":17691,"comment_status":"closed","ping_status":"closed","sticky":false,"template":"","format":"standard","meta":{"footnotes":""},"categories":[48,1],"tags":[],"class_list":["post-17690","post","type-post","status-publish","format-standard","has-post-thumbnail","hentry","category-archivo-de-noticias","category-noticias"],"wpmagazine_modules_lite_featured_media_urls":{"thumbnail":["https:\/\/grupomontevideo.org\/site\/wp-content\/uploads\/2023\/05\/346910136_207741838725288_3425898291651319213_n-150x150.jpg",150,150,true],"cvmm-medium":["https:\/\/grupomontevideo.org\/site\/wp-content\/uploads\/2023\/05\/346910136_207741838725288_3425898291651319213_n-300x300.jpg",300,300,true],"cvmm-medium-plus":["https:\/\/grupomontevideo.org\/site\/wp-content\/uploads\/2023\/05\/346910136_207741838725288_3425898291651319213_n-305x207.jpg",305,207,true],"cvmm-portrait":["https:\/\/grupomontevideo.org\/site\/wp-content\/uploads\/2023\/05\/346910136_207741838725288_3425898291651319213_n-400x600.jpg",400,600,true],"cvmm-medium-square":["https:\/\/grupomontevideo.org\/site\/wp-content\/uploads\/2023\/05\/346910136_207741838725288_3425898291651319213_n-600x600.jpg",600,600,true],"cvmm-large":["https:\/\/grupomontevideo.org\/site\/wp-content\/uploads\/2023\/05\/346910136_207741838725288_3425898291651319213_n-1024x929.jpg",1024,929,true],"cvmm-small":["https:\/\/grupomontevideo.org\/site\/wp-content\/uploads\/2023\/05\/346910136_207741838725288_3425898291651319213_n-130x95.jpg",130,95,true],"full":["https:\/\/grupomontevideo.org\/site\/wp-content\/uploads\/2023\/05\/346910136_207741838725288_3425898291651319213_n.jpg",1080,929,false]},"categories_names":{"48":{"name":"Archivo de noticias","link":"https:\/\/grupomontevideo.org\/site\/category\/archivo-de-noticias\/"},"1":{"name":"Noticias universitarias","link":"https:\/\/grupomontevideo.org\/site\/category\/noticias\/"}},"tags_names":[],"comments_number":"0","_links":{"self":[{"href":"https:\/\/grupomontevideo.org\/site\/wp-json\/wp\/v2\/posts\/17690","targetHints":{"allow":["GET"]}}],"collection":[{"href":"https:\/\/grupomontevideo.org\/site\/wp-json\/wp\/v2\/posts"}],"about":[{"href":"https:\/\/grupomontevideo.org\/site\/wp-json\/wp\/v2\/types\/post"}],"author":[{"embeddable":true,"href":"https:\/\/grupomontevideo.org\/site\/wp-json\/wp\/v2\/users\/3"}],"replies":[{"embeddable":true,"href":"https:\/\/grupomontevideo.org\/site\/wp-json\/wp\/v2\/comments?post=17690"}],"version-history":[{"count":2,"href":"https:\/\/grupomontevideo.org\/site\/wp-json\/wp\/v2\/posts\/17690\/revisions"}],"predecessor-version":[{"id":17697,"href":"https:\/\/grupomontevideo.org\/site\/wp-json\/wp\/v2\/posts\/17690\/revisions\/17697"}],"wp:featuredmedia":[{"embeddable":true,"href":"https:\/\/grupomontevideo.org\/site\/wp-json\/wp\/v2\/media\/17691"}],"wp:attachment":[{"href":"https:\/\/grupomontevideo.org\/site\/wp-json\/wp\/v2\/media?parent=17690"}],"wp:term":[{"taxonomy":"category","embeddable":true,"href":"https:\/\/grupomontevideo.org\/site\/wp-json\/wp\/v2\/categories?post=17690"},{"taxonomy":"post_tag","embeddable":true,"href":"https:\/\/grupomontevideo.org\/site\/wp-json\/wp\/v2\/tags?post=17690"}],"curies":[{"name":"wp","href":"https:\/\/api.w.org\/{rel}","templated":true}]}}