{"id":17672,"date":"2023-05-15T11:47:15","date_gmt":"2023-05-15T14:47:15","guid":{"rendered":"http:\/\/grupomontevideo.org\/site\/?p=17672"},"modified":"2023-05-24T09:53:08","modified_gmt":"2023-05-24T12:53:08","slug":"convesatorio-perfil-das-revistas-brasileiras-de-extensao-universitaria-qualidade-cientifica-e-visibilidade","status":"publish","type":"post","link":"https:\/\/grupomontevideo.org\/site\/convesatorio-perfil-das-revistas-brasileiras-de-extensao-universitaria-qualidade-cientifica-e-visibilidade\/","title":{"rendered":"Conversatorio \u00abPerfil das revistas brasileiras de extens\u00e3o universit\u00e1ria: qualidade cient\u00edfica e visibilidade\u00bb"},"content":{"rendered":"\n<p>Se realiza este viernes 19 de mayo a las 12.00 hs. (ARG, &#8211; 3 GMT) y estar\u00e1 a cargo de Cl\u00e1udia Regina Ziliotto Bomf\u00e1 (Universidade Federal de Santa Maria) y Luizi Custodio Jovasque.<\/p>\n\n\n\n<p>Es una propuesta de la <a href=\"http:\/\/grupomontevideo.org\/ndca\/redreu\/\">Red de Editores de Revistas de Extensi\u00f3n Universitaria<\/a> es un espacio regional nacido en la Comisi\u00f3n Permanente de Extensi\u00f3n Universitaria de la Asociaci\u00f3n de Universidades Grupo Montevideo (AUGM).<\/p>\n\n\n\n<p>Acceso a zoom:<br>ID de reuni\u00f3n: 878 1533 8323<br>C\u00f3digo de acceso: 401340<\/p>\n\n\n\n<div class=\"wp-block-buttons is-layout-flex wp-block-buttons-is-layout-flex\">\n<div class=\"wp-block-button has-custom-width wp-block-button__width-100\"><a class=\"wp-block-button__link has-background wp-element-button\" href=\"https:\/\/docs.google.com\/forms\/d\/e\/1FAIpQLSdVVSRZqgNnw9x-ilYZcbCxMr3p8jrAKB1ZOe-BY9TGeg6WoQ\/viewform\" style=\"border-radius:0px;background-color:#299627\">Inscribite aqu\u00ed<\/a><\/div>\n<\/div>\n\n\n\n<p><\/p>\n\n\n\n<figure class=\"wp-block-image size-full\"><img fetchpriority=\"high\" decoding=\"async\" width=\"960\" height=\"960\" src=\"https:\/\/grupomontevideo.org\/site\/wp-content\/uploads\/2023\/05\/WhatsApp-Image-2023-05-11-at-16.06.17.jpeg\" alt=\"\" class=\"wp-image-17673\" srcset=\"https:\/\/grupomontevideo.org\/site\/wp-content\/uploads\/2023\/05\/WhatsApp-Image-2023-05-11-at-16.06.17.jpeg 960w, https:\/\/grupomontevideo.org\/site\/wp-content\/uploads\/2023\/05\/WhatsApp-Image-2023-05-11-at-16.06.17-300x300.jpeg 300w, https:\/\/grupomontevideo.org\/site\/wp-content\/uploads\/2023\/05\/WhatsApp-Image-2023-05-11-at-16.06.17-150x150.jpeg 150w, https:\/\/grupomontevideo.org\/site\/wp-content\/uploads\/2023\/05\/WhatsApp-Image-2023-05-11-at-16.06.17-768x768.jpeg 768w, https:\/\/grupomontevideo.org\/site\/wp-content\/uploads\/2023\/05\/WhatsApp-Image-2023-05-11-at-16.06.17-600x600.jpeg 600w\" sizes=\"(max-width: 960px) 100vw, 960px\" \/><\/figure>\n","protected":false},"excerpt":{"rendered":"<p>Se realiza este viernes 19 de mayo a las 12.00 hs. (ARG, &#8211; 3 GMT) y estar\u00e1 a cargo de Cl\u00e1udia Regina Ziliotto Bomf\u00e1 (Universidade Federal de Santa Maria) y Luizi Custodio Jovasque. Es una propuesta de la Red de Editores de Revistas de Extensi\u00f3n Universitaria es un espacio regional nacido en la Comisi\u00f3n Permanente [&hellip;]<\/p>\n","protected":false},"author":3,"featured_media":17678,"comment_status":"closed","ping_status":"closed","sticky":false,"template":"","format":"standard","meta":{"footnotes":""},"categories":[48,1],"tags":[],"class_list":["post-17672","post","type-post","status-publish","format-standard","has-post-thumbnail","hentry","category-archivo-de-noticias","category-noticias"],"wpmagazine_modules_lite_featured_media_urls":{"thumbnail":["https:\/\/grupomontevideo.org\/site\/wp-content\/uploads\/2023\/05\/Repropuesta-REDREU-03-1-150x150.jpg",150,150,true],"cvmm-medium":["https:\/\/grupomontevideo.org\/site\/wp-content\/uploads\/2023\/05\/Repropuesta-REDREU-03-1-300x300.jpg",300,300,true],"cvmm-medium-plus":["https:\/\/grupomontevideo.org\/site\/wp-content\/uploads\/2023\/05\/Repropuesta-REDREU-03-1-305x207.jpg",305,207,true],"cvmm-portrait":["https:\/\/grupomontevideo.org\/site\/wp-content\/uploads\/2023\/05\/Repropuesta-REDREU-03-1-400x418.jpg",400,418,true],"cvmm-medium-square":["https:\/\/grupomontevideo.org\/site\/wp-content\/uploads\/2023\/05\/Repropuesta-REDREU-03-1-600x418.jpg",600,418,true],"cvmm-large":["https:\/\/grupomontevideo.org\/site\/wp-content\/uploads\/2023\/05\/Repropuesta-REDREU-03-1.jpg",762,418,false],"cvmm-small":["https:\/\/grupomontevideo.org\/site\/wp-content\/uploads\/2023\/05\/Repropuesta-REDREU-03-1-130x95.jpg",130,95,true],"full":["https:\/\/grupomontevideo.org\/site\/wp-content\/uploads\/2023\/05\/Repropuesta-REDREU-03-1.jpg",762,418,false]},"categories_names":{"48":{"name":"Archivo de noticias","link":"https:\/\/grupomontevideo.org\/site\/category\/archivo-de-noticias\/"},"1":{"name":"Noticias universitarias","link":"https:\/\/grupomontevideo.org\/site\/category\/noticias\/"}},"tags_names":[],"comments_number":"0","_links":{"self":[{"href":"https:\/\/grupomontevideo.org\/site\/wp-json\/wp\/v2\/posts\/17672","targetHints":{"allow":["GET"]}}],"collection":[{"href":"https:\/\/grupomontevideo.org\/site\/wp-json\/wp\/v2\/posts"}],"about":[{"href":"https:\/\/grupomontevideo.org\/site\/wp-json\/wp\/v2\/types\/post"}],"author":[{"embeddable":true,"href":"https:\/\/grupomontevideo.org\/site\/wp-json\/wp\/v2\/users\/3"}],"replies":[{"embeddable":true,"href":"https:\/\/grupomontevideo.org\/site\/wp-json\/wp\/v2\/comments?post=17672"}],"version-history":[{"count":4,"href":"https:\/\/grupomontevideo.org\/site\/wp-json\/wp\/v2\/posts\/17672\/revisions"}],"predecessor-version":[{"id":19026,"href":"https:\/\/grupomontevideo.org\/site\/wp-json\/wp\/v2\/posts\/17672\/revisions\/19026"}],"wp:featuredmedia":[{"embeddable":true,"href":"https:\/\/grupomontevideo.org\/site\/wp-json\/wp\/v2\/media\/17678"}],"wp:attachment":[{"href":"https:\/\/grupomontevideo.org\/site\/wp-json\/wp\/v2\/media?parent=17672"}],"wp:term":[{"taxonomy":"category","embeddable":true,"href":"https:\/\/grupomontevideo.org\/site\/wp-json\/wp\/v2\/categories?post=17672"},{"taxonomy":"post_tag","embeddable":true,"href":"https:\/\/grupomontevideo.org\/site\/wp-json\/wp\/v2\/tags?post=17672"}],"curies":[{"name":"wp","href":"https:\/\/api.w.org\/{rel}","templated":true}]}}